{"id":29070,"date":"2019-03-18T00:00:00","date_gmt":"2019-03-17T23:00:00","guid":{"rendered":"https:\/\/imagazine.it\/?p=29070"},"modified":"2019-03-18T00:00:00","modified_gmt":"2019-03-17T23:00:00","slug":"import-export-come-sara-il-post-brexit-per-le-aziende-del-fvg","status":"publish","type":"post","link":"https:\/\/imagazine.it\/home_desk\/import-export-come-sara-il-post-brexit-per-le-aziende-del-fvg\/","title":{"rendered":"Import\/export, come sar\u00e0 il post Brexit per le aziende del FVG?"},"content":{"rendered":"<p>Quello del Regno Unito \u00e8 un mercato che, per l\u2019export 2018 del Fvg, vale oltre 723 milioni di euro: esportiamo soprattutto mobili (per il 40% dell\u2019export, ossia il primo mercato in assoluto e ancora in crescita tra 2017 e 2018), ma anche macchinari, apparecchi per uso domestico, articoli in materie plastiche, apparecchi per le telecomunicazioni, alimentari e bevande (in particolare vino). Un mercato su cui le ancora incerte modalit\u00e0 della Brexit influiranno non poco, soprattutto in caso di \u201cno deal\u201d o di uscita disordinata, come \u00e8 stato evidenziato all\u2019approfondimento specializzato, organizzato per le imprese friulane dalla Camera di Commercio di Pordenone-Udine tramite Promos Italia assieme all\u2019Agenzia delle Dogane, con la partecipazione di Ice Agenzia per la promozione all&#39;estero e l&#39;internazionalizzazione delle imprese italiane) e dei funzionari dell\u2019agenzia delle dogane stessa.\u00a0Una giornata informativa che si \u00e8 svolta in contemporanea a livello nazionale ed \u00e8 stata declinata su tutti i territori, per quello friulano a Udine il mattino e Pordenone nel pomeriggio.<\/p>\n<p><a href=\"http:\/\/imagazinevideotruck.it\/outlet\/relink.html\" target=\"_top\" rel=\"noopener\"><img loading=\"lazy\" decoding=\"async\" align=\"LEFT\" height=\"250\" src=\"http:\/\/imagazinevideotruck.it\/outlet\/outlet30.gif\" width=\"300\" alt=\"\" title=\"\"><\/a><\/p>\n<p>\u00a0<\/p>\n<p>\u00a0<\/p>\n<p>\u00a0<\/p>\n<p>\u00a0<\/p>\n<p>\u00a0<\/p>\n<p>\u00a0<\/p>\n<p>\u00a0<\/p>\n<p>\u00a0<\/p>\n<p>\u00a0<\/p>\n<p>Il Regno Unito, ha precisato la componente di giunta <strong>Lucia Piu<\/strong>, intervenuta in rappresentanza della Camera nell&#39;appuntamento udinese, \u00e8 il quarto paese di esportazione per l\u2019Italia ed \u00e8 il sesto per il Friuli Venezia Giulia. Come ha poi evidenziato in videoconferenza\u00a0<strong>Roberto Luongo<\/strong>, il direttore generale Ice \u2013 fino a poco fa proprio direttore dell\u2019Ice-Londra e quindi particolarmente esperto del tema Brexit \u2013,\u00a0\u00abvi sono circa 43 mila imprese italiane che esportano in UK e sono quasi esclusivamente imprese piccole e medie\u00bb. Quanto all&#39;export, per il Fvg si \u00e8 gi\u00e0 registrato un piccolo calo: si \u00e8 passati dai 731 milioni di export registrati nel 2017 ai 723 nel 2018\u00bb.\u00a0<\/p>\n<p>\u00abCome Ice abbiamo studiato diversi scenari a seconda della modalit\u00e0 di uscita: in caso di no deal o uscita disordinata l\u2019effetto calcolato sarebbe una perdita di 4,5 miliardi di export difficilmente riassorbibili da altri mercati\u00bb. E i settori economici italiani coinvolti sono numerosi e \u201cdi peso\u201d: oltre ai gi\u00e0 citati mobili e alla meccanica, tutta la componentistica auto motive, l\u2019innovazione, il fashion, ma anche i vini, per cui la Gran Bretagna \u00e8 addirittura il terzo mercato mondiale, concentrandoci sul Fvg.<\/p>\n<p>L\u2019Ice resta al momento punto di riferimento fondamentale per le imprese e ha gi\u00e0 studiato l\u2019avvio di un tavolo di informazione e orientamento, che sar\u00e0 attivato subito dopo l\u2019uscita effettiva, quindi dopo il 29 marzo. \u00abIce inoltre ha avviato una serie di collaborazioni sui singoli settori e coordina tutte le iniziative di promozione dei prodotti italiani in UK affinch\u00e9 le imprese italiane possano continuare a operare con successo su questo fondamentale mercato\u00bb.<\/p>\n<p>Ad approfondire tutti gli aspetti pratici a livello doganale sono stati il responsabile dell\u2019agenzia delle dogane di Udine\u00a0<strong>Giovanni Muro<\/strong> e quindi i funzionari <strong>Cinzia Grassani<\/strong> (sulle semplificazioni all\u2019export come il sistema degli esportatori registrati e lo status di esportatore autorizzato), <strong>Daniele Candolini<\/strong> e <strong>Olivo Pascoli<\/strong> (sull\u2019impatto della\u00a0Brexit\u00a0nel settore delle accise).<\/p>\n","protected":false},"excerpt":{"rendered":"<p>Incontri a Udine e Pordenone<\/p>\n","protected":false},"author":28,"featured_media":29071,"comment_status":"closed","ping_status":"closed","sticky":false,"template":"","format":"standard","meta":{"dwc-title":[],"dwc-content":[],"footnotes":""},"categories":[6],"tags":[],"class_list":["post-29070","post","type-post","status-publish","format-standard","has-post-thumbnail","hentry","category-societa"],"rttpg_featured_image_url":{"full":["https:\/\/imagazine.it\/wp-content\/uploads\/2024\/01\/28808-1.webp",750,492,false],"landscape":["https:\/\/imagazine.it\/wp-content\/uploads\/2024\/01\/28808-1.webp",750,492,false],"portraits":["https:\/\/imagazine.it\/wp-content\/uploads\/2024\/01\/28808-1.webp",750,492,false],"thumbnail":["https:\/\/imagazine.it\/wp-content\/uploads\/2024\/01\/28808-1-150x150.webp",150,150,true],"medium":["https:\/\/imagazine.it\/wp-content\/uploads\/2024\/01\/28808-1-300x197.webp",300,197,true],"large":["https:\/\/imagazine.it\/wp-content\/uploads\/2024\/01\/28808-1.webp",640,420,false],"thumblist":["https:\/\/imagazine.it\/wp-content\/uploads\/2024\/01\/28808-1.webp",300,197,false],"thumbrelated":["https:\/\/imagazine.it\/wp-content\/uploads\/2024\/01\/28808-1.webp",500,328,false],"meccarouselthumb":["https:\/\/imagazine.it\/wp-content\/uploads\/2024\/01\/28808-1.webp",474,311,false],"gridsquare":["https:\/\/imagazine.it\/wp-content\/uploads\/2024\/01\/28808-1.webp",391,256,false],"tileview":["https:\/\/imagazine.it\/wp-content\/uploads\/2024\/01\/28808-1.webp",300,197,false],"1536x1536":["https:\/\/imagazine.it\/wp-content\/uploads\/2024\/01\/28808-1.webp",750,492,false],"2048x2048":["https:\/\/imagazine.it\/wp-content\/uploads\/2024\/01\/28808-1.webp",750,492,false],"newsup-slider-full":["https:\/\/imagazine.it\/wp-content\/uploads\/2024\/01\/28808-1.webp",750,492,false],"newsup-featured":["https:\/\/imagazine.it\/wp-content\/uploads\/2024\/01\/28808-1.webp",750,492,false],"newsup-medium":["https:\/\/imagazine.it\/wp-content\/uploads\/2024\/01\/28808-1-720x380.webp",720,380,true],"tptn_thumbnail":["https:\/\/imagazine.it\/wp-content\/uploads\/2024\/01\/28808-1.webp",250,164,false],"sow-carousel-default":["https:\/\/imagazine.it\/wp-content\/uploads\/2024\/01\/28808-1-272x182.webp",272,182,true]},"rttpg_author":{"display_name":"redazione","author_link":"https:\/\/imagazine.it\/home_desk\/author\/redazione\/"},"rttpg_comment":0,"rttpg_category":"<a href=\"https:\/\/imagazine.it\/home_desk\/category\/societa\/\" rel=\"category tag\">SOCIET\u00c0<\/a>","rttpg_excerpt":"Incontri a Udine e Pordenone","_links":{"self":[{"href":"https:\/\/imagazine.it\/home_desk\/wp-json\/wp\/v2\/posts\/29070","targetHints":{"allow":["GET"]}}],"collection":[{"href":"https:\/\/imagazine.it\/home_desk\/wp-json\/wp\/v2\/posts"}],"about":[{"href":"https:\/\/imagazine.it\/home_desk\/wp-json\/wp\/v2\/types\/post"}],"author":[{"embeddable":true,"href":"https:\/\/imagazine.it\/home_desk\/wp-json\/wp\/v2\/users\/28"}],"replies":[{"embeddable":true,"href":"https:\/\/imagazine.it\/home_desk\/wp-json\/wp\/v2\/comments?post=29070"}],"version-history":[{"count":0,"href":"https:\/\/imagazine.it\/home_desk\/wp-json\/wp\/v2\/posts\/29070\/revisions"}],"wp:featuredmedia":[{"embeddable":true,"href":"https:\/\/imagazine.it\/home_desk\/wp-json\/wp\/v2\/media\/29071"}],"wp:attachment":[{"href":"https:\/\/imagazine.it\/home_desk\/wp-json\/wp\/v2\/media?parent=29070"}],"wp:term":[{"taxonomy":"category","embeddable":true,"href":"https:\/\/imagazine.it\/home_desk\/wp-json\/wp\/v2\/categories?post=29070"},{"taxonomy":"post_tag","embeddable":true,"href":"https:\/\/imagazine.it\/home_desk\/wp-json\/wp\/v2\/tags?post=29070"}],"curies":[{"name":"wp","href":"https:\/\/api.w.org\/{rel}","templated":true}]}}