{"id":29060,"date":"2019-03-15T00:00:00","date_gmt":"2019-03-14T23:00:00","guid":{"rendered":"https:\/\/imagazine.it\/?p=29060"},"modified":"2019-03-15T00:00:00","modified_gmt":"2019-03-14T23:00:00","slug":"trieste-nuovo-sito-istituzionale-per-il-comune","status":"publish","type":"post","link":"https:\/\/imagazine.it\/home_desk\/trieste-nuovo-sito-istituzionale-per-il-comune\/","title":{"rendered":"Trieste, nuovo sito istituzionale per il Comune"},"content":{"rendered":"<p>Presentato il <u><a href=\"http:\/\/www.retecivica.trieste.it\" target=\"_blank\" rel=\"noopener\">nuovo portale web del Comune di Trieste<\/a><\/u> realizzato grazie alla collaborazione con la Regione Autonoma FVG, Insiel SpA e TCD-TriesteCitt\u00e0Digitale e con l\u2019ordine dei Giornalisti del Friuli Venezia Giulia per il momento formativo.<\/p>\n<p>La presentazione all\u2019interno dell\u2019Auditorium del Museo Revoltella, moderata da <strong>Vittorio Sgueglia della Marra<\/strong>, Capo di Gabinetto del Comune, \u00e8 avvenuta a distanza di 23 anni dall\u2019attivazione del primo sito istituzionale del capoluogo giuliano. \u00c8 stata l\u2019occasione per illustrare il cambiamento nella gestione della comunicazione istituzionale sul web rivolta alla cittadinanza.<\/p>\n<p>\u201c\u00c8 stato fatto un ottimo lavoro per la realizzazione di questo nuovo portale che vuole offrire sempre pi\u00f9 servizi ai cittadini i quali devono essere il pi\u00f9 possibile coinvolti e facilitati nell\u2019acquisire dati e informazioni utili. Grazie a tutti coloro che hanno collaborato attivamente per ottenere questo risultato\u201d, ha commentato il sindaco di Trieste, <strong>Roberto Dipiazza<\/strong> introducendo l\u2019incontro.<\/p>\n<p>La presentazione, avvenuta a distanza di 23 anni dall\u2019attivazione del primo sito istituzionale del capoluogo giuliano, \u00e8 stata l\u2019occasione per illustrare il cambiamento nella gestione della comunicazione istituzionale sul web rivolta alla cittadinanza.<\/p>\n<p>\u201cDopo 23 anni \u2013 ha sottolineato l\u2019assessore comunale alla Comunicazione e Innovazione <strong>Serena Tonel<\/strong> \u2013 cambia l\u2019aspetto e l\u2019ossatura del sito del Comune ma non cambia lo spirito di innovazione necessario per fornire centinaia di servizi sempre pi\u00f9 efficaci ai cittadini, grazie all\u2019intenso lavoro di un anno di molte persone: credo siamo riusciti a produrre un eccellente risultato\u201d.<\/p>\n<p><a href=\"http:\/\/imagazinevideotruck.it\/outlet\/relink.html\" target=\"_top\" rel=\"noopener\"><img loading=\"lazy\" decoding=\"async\" align=\"LEFT\" height=\"250\" src=\"http:\/\/imagazinevideotruck.it\/outlet\/outlet30.gif\" width=\"300\" alt=\"\" title=\"\"><\/a><\/p>\n<p>\u00a0<\/p>\n<p>\u00a0<\/p>\n<p>\u00a0<\/p>\n<p>\u00a0<\/p>\n<p>\u00a0<\/p>\n<p>\u00a0<\/p>\n<p>\u00a0<\/p>\n<p>\u00a0<\/p>\n<p>\u00a0<\/p>\n<p>\u201cTrieste oggi \u2013 ha affermato l\u2019assessore regionale ai Servizi Informativi <strong>Sebastiano Callari<\/strong> \u2013 \u00e8 nelle cronache la citt\u00e0 digitale d\u2019eccellenza. La Regione vuole supportare e credere che al centro del sito istituzionale ci siano il cittadino e le attivit\u00e0 produttive regionali\u201d.<\/p>\n<p>\u201cOgni ente pubblico ha il dovere di essere trasparente con il cittadino. Rendere il sito pi\u00f9 accessibile e fruibile \u00e8 l\u2019obiettivo primario e un obbligo nei confronti del cittadino che vuole conoscere tutto in modo semplice e innovativo\u201d, ha commentato l\u2019assessore regionale alle Autonomie Locali <strong>Pierpaolo Roberti<\/strong>.<\/p>\n<p>Il presidente di Insiel S.p.A., <strong>Simone Puksic<\/strong>, ha parlato del nuovo sito come \u201cEsempio di buona amministrazione per migliorare l\u2019offerta di servizi ai cittadini quando si lavora tutti assieme. Un progetto complessivamente molto importante per l\u2019azienda che prevede di trasformare completamente il modo di rapportarsi\u201d.<\/p>\n<p>\u201cLa comunicazione \u2013 ha rilevato il presidente dell\u2019Ordine dei Giornalisti del Friuli Venezia Giulia, <strong>Cristiano Degano<\/strong> \u2013 sta cambiando anche grazie all\u2019acquisizione di informazioni via internet e di questo ne risentono anche le vendite dei giornali. Resta comunque sempre importante la figura del giornalista che ha tra i suoi compiti primari quello di verificare la veridicit\u00e0 dei fatti. Ricordando poi, per quanto riguarda lo specifico dell\u2019informazione istituzionale, la necessit\u00e0 di attualizzare la Legge 150, nonch\u00e9 l\u2019auspicio di un esito favorevole del contenzioso in atto presso la Corte Costituzionale per l\u2019applicazione del contratto di categoria ai giornalisti degli uffici stampa delle Amministrazioni del Comparto Unico del Friuli Venezia Giulia\u201d.<\/p>\n<p>\u201cIn questi 23 anni \u2013 ha analizzato <strong>Lorenzo Bandelli<\/strong>, direttore\u00a0 del Dipartimento Innovazione e Servizi del Comune di Trieste \u2013 sono state tantissime le domande protocollate automaticamente, 2.531 per i servizi educativi e 1.218 per l\u2019edilizia, solo per fare qualche esempio. Oggi c\u2019\u00e8 un nuovo modo di gestire i contenuti grazie ai master data. Sono stati aggregati i contenuti attraverso pagine categorizzate per le informazioni all\u2019utente che potr\u00e0 scegliere ci\u00f2 di cui vorr\u00e0 usufruire. Stiamo lavorando a un dizionario dei procedimenti da esportare anche presso altri enti locali\u201d.<\/p>\n<p>\u201cIl nuovo sito \u2013 \u00e8 entrato nel dettaglio <strong>Giuseppe Taranto<\/strong>, della Divisione Demand di Insiel \u2013 \u00e8 stato ideato per adattarsi ai dispositivi utilizzati dal cittadino\/utente che \u00e8 maggiormente orientato verso l\u2019uso \u201cmobile\u201d ed \u00e8 completamente \u2018socializzato\u2019 a un livello alto. Partendo da questa premessa, abbiamo voluto mettere in primo piano \u201ccosa stai cercando?\u201d per agevolare al massimo il cittadino alla ricerca di informazioni erogando servizi online in primo piano, grazie anche ai profili \u201cspid\u201d, ad esempio per far accedere il contribuente ai procedimenti individuali per le imposte, senza fare le file agli sportelli, l\u2019\u201cAmministrazione Trasparente\u201d al centro, \u201cTrieste Informa\u201d con Twitter, Facebook e Instagram e i comunicati stampa, l\u2019\u201cAgenda Cultura\u201d, il Turismo&#8230; Il tutto a portata di click\u201d.<\/p>\n","protected":false},"excerpt":{"rendered":"<p>Presentato al Revoltella<\/p>\n","protected":false},"author":28,"featured_media":29061,"comment_status":"closed","ping_status":"closed","sticky":false,"template":"","format":"standard","meta":{"dwc-title":[],"dwc-content":[],"footnotes":""},"categories":[6],"tags":[],"class_list":["post-29060","post","type-post","status-publish","format-standard","has-post-thumbnail","hentry","category-societa"],"rttpg_featured_image_url":{"full":["https:\/\/imagazine.it\/wp-content\/uploads\/2024\/01\/28792-1.webp",750,454,false],"landscape":["https:\/\/imagazine.it\/wp-content\/uploads\/2024\/01\/28792-1.webp",750,454,false],"portraits":["https:\/\/imagazine.it\/wp-content\/uploads\/2024\/01\/28792-1.webp",750,454,false],"thumbnail":["https:\/\/imagazine.it\/wp-content\/uploads\/2024\/01\/28792-1-150x150.webp",150,150,true],"medium":["https:\/\/imagazine.it\/wp-content\/uploads\/2024\/01\/28792-1-300x182.webp",300,182,true],"large":["https:\/\/imagazine.it\/wp-content\/uploads\/2024\/01\/28792-1.webp",640,387,false],"thumblist":["https:\/\/imagazine.it\/wp-content\/uploads\/2024\/01\/28792-1.webp",300,182,false],"thumbrelated":["https:\/\/imagazine.it\/wp-content\/uploads\/2024\/01\/28792-1.webp",500,303,false],"meccarouselthumb":["https:\/\/imagazine.it\/wp-content\/uploads\/2024\/01\/28792-1.webp",474,287,false],"gridsquare":["https:\/\/imagazine.it\/wp-content\/uploads\/2024\/01\/28792-1.webp",391,237,false],"tileview":["https:\/\/imagazine.it\/wp-content\/uploads\/2024\/01\/28792-1.webp",300,182,false],"1536x1536":["https:\/\/imagazine.it\/wp-content\/uploads\/2024\/01\/28792-1.webp",750,454,false],"2048x2048":["https:\/\/imagazine.it\/wp-content\/uploads\/2024\/01\/28792-1.webp",750,454,false],"newsup-slider-full":["https:\/\/imagazine.it\/wp-content\/uploads\/2024\/01\/28792-1.webp",750,454,false],"newsup-featured":["https:\/\/imagazine.it\/wp-content\/uploads\/2024\/01\/28792-1.webp",750,454,false],"newsup-medium":["https:\/\/imagazine.it\/wp-content\/uploads\/2024\/01\/28792-1-720x380.webp",720,380,true],"tptn_thumbnail":["https:\/\/imagazine.it\/wp-content\/uploads\/2024\/01\/28792-1.webp",250,151,false],"sow-carousel-default":["https:\/\/imagazine.it\/wp-content\/uploads\/2024\/01\/28792-1-272x182.webp",272,182,true]},"rttpg_author":{"display_name":"redazione","author_link":"https:\/\/imagazine.it\/home_desk\/author\/redazione\/"},"rttpg_comment":0,"rttpg_category":"<a href=\"https:\/\/imagazine.it\/home_desk\/category\/societa\/\" rel=\"category tag\">SOCIET\u00c0<\/a>","rttpg_excerpt":"Presentato al Revoltella","_links":{"self":[{"href":"https:\/\/imagazine.it\/home_desk\/wp-json\/wp\/v2\/posts\/29060","targetHints":{"allow":["GET"]}}],"collection":[{"href":"https:\/\/imagazine.it\/home_desk\/wp-json\/wp\/v2\/posts"}],"about":[{"href":"https:\/\/imagazine.it\/home_desk\/wp-json\/wp\/v2\/types\/post"}],"author":[{"embeddable":true,"href":"https:\/\/imagazine.it\/home_desk\/wp-json\/wp\/v2\/users\/28"}],"replies":[{"embeddable":true,"href":"https:\/\/imagazine.it\/home_desk\/wp-json\/wp\/v2\/comments?post=29060"}],"version-history":[{"count":0,"href":"https:\/\/imagazine.it\/home_desk\/wp-json\/wp\/v2\/posts\/29060\/revisions"}],"wp:featuredmedia":[{"embeddable":true,"href":"https:\/\/imagazine.it\/home_desk\/wp-json\/wp\/v2\/media\/29061"}],"wp:attachment":[{"href":"https:\/\/imagazine.it\/home_desk\/wp-json\/wp\/v2\/media?parent=29060"}],"wp:term":[{"taxonomy":"category","embeddable":true,"href":"https:\/\/imagazine.it\/home_desk\/wp-json\/wp\/v2\/categories?post=29060"},{"taxonomy":"post_tag","embeddable":true,"href":"https:\/\/imagazine.it\/home_desk\/wp-json\/wp\/v2\/tags?post=29060"}],"curies":[{"name":"wp","href":"https:\/\/api.w.org\/{rel}","templated":true}]}}