{"id":29056,"date":"2019-03-14T00:00:00","date_gmt":"2019-03-13T23:00:00","guid":{"rendered":"https:\/\/imagazine.it\/?p=29056"},"modified":"2019-03-14T00:00:00","modified_gmt":"2019-03-13T23:00:00","slug":"musica-le-orme-aprono-la-lunga-stagione-di-folkest","status":"publish","type":"post","link":"https:\/\/imagazine.it\/home_desk\/musica-le-orme-aprono-la-lunga-stagione-di-folkest\/","title":{"rendered":"Musica, Le Orme aprono la lunga stagione di Folkest"},"content":{"rendered":"<p>Provengono da ogni parte del globo gli artisti che, come ogni estate <strong>ininterrottamente dal 1979<\/strong>, animeranno i palchi di <strong>Folkest<\/strong>, sempre firmato dalla direzione artistica di <strong>Andrea Del Favero<\/strong>, quest\u2019anno in programma <strong>dal 20 giugno al 22 luglio<\/strong>, con una serie di concerti, incontri, presentazioni editoriali che toccheranno oltre una ventina di Comuni, tra gli cui <strong>Udine, Spilimbergo, San Daniele del Friuli, Duino, Udine<\/strong>, ma anche <strong>Capodistria<\/strong> in <strong>Slovenia<\/strong>.<\/p>\n<p>Presentati oggi alla stampa nella sede della <strong>Fondazione Friuli<\/strong> gli \u201c<strong>highlights<\/strong>\u201d di questa edizione, presenti con il direttore artistico Del Favero il presidente della Fondazione <strong>Giuseppe Morandini<\/strong> e il vicesindaco di Spilimbergo <strong>Ester Filipuzzi<\/strong><\/p>\n<p>Ad aprire la <strong>stagione 2019 di Folkest<\/strong> l\u2019anteprima programmata <strong>sabato 16 marzo<\/strong> alle <strong>21<\/strong> quando sul palco del <strong>Teatro Miotto <\/strong>di <strong>Spilimbergo<\/strong> salir\u00e0 la band di rock progressivo degli anni Sessanta <strong>Le Orme<\/strong> in un appuntamento organizzato con il Comune di Spilimbergo e Folkgionale.<\/p>\n<p>Importante tassello della <strong>programmazione estiva del festival<\/strong> \u00e8 rappresentato dall\u2019esibizione a <strong>Spilimbergo<\/strong> nel mese di luglio (5, 7 e 8 luglio) dei <strong>migliori gruppi che partecipano annualmente al Premio Folkest-Alberto Cesa<\/strong>: un <strong>contest<\/strong> che <strong>seleziona nuovi talenti<\/strong> in grado di esprimere con la loro proposta musicale il legame con una o pi\u00f9 radici culturali di qualsiasi parte del mondo o con la canzone d&#39;autore. Novit\u00e0 di questa edizione del Premio \u00e8 che i primi tre gruppi selezionati a Spilimbergo si esibiranno nella seconda serata del 7 luglio anche in un brano in <strong>lingua friulana. Finalissima<\/strong> in programma l&#39;<strong>8 luglio <\/strong>con la conduzione della <em>voce<\/em> di <strong>Radio Rai<\/strong> <strong>Gianmaurizio Foderaro<\/strong>.<\/p>\n<p>I gruppi selezionati per la finale sono i romani <strong>Archive Valley<\/strong>, il gruppo folk-swing dei <strong>Monsieur de Rien<\/strong>, il cantautore <strong>Alessandro Lepore, <\/strong>il gruppo formato da musicisti originari di diversi paesi del mondo <strong>Ensemble du Sud, <\/strong>la band di sole donne <strong>Madam\u00e8, <\/strong>il trio che esplora il repertorio partenopeo al &#39;500\/&#39;600 fino ai nostri giorni<strong> Suonno d&#39;ajere<\/strong> e il quartetto con la passione per le musiche tradizionali <strong>Brigan<\/strong>.<\/p>\n<p><a href=\"http:\/\/imagazinevideotruck.it\/outlet\/relink.html\" target=\"_top\" rel=\"noopener\"><img loading=\"lazy\" decoding=\"async\" align=\"LEFT\" height=\"250\" src=\"http:\/\/imagazinevideotruck.it\/outlet\/outlet30.gif\" width=\"300\" alt=\"\" title=\"\"><\/a><\/p>\n<p>\u00a0<\/p>\n<p>\u00a0<\/p>\n<p>\u00a0<\/p>\n<p>\u00a0<\/p>\n<p>\u00a0<\/p>\n<p>\u00a0<\/p>\n<p>\u00a0<\/p>\n<p>\u00a0<\/p>\n<p>\u00a0<\/p>\n<p>Accanto ai giovani talenti e numerosi artisti internazionali, anche quest\u2019anno a <strong>Folkest ci saranno alcuni dei pi\u00f9 longevi e intramontabili artisti<\/strong> del panorama di casa nostra, a cominciare dal <strong>duo<\/strong> <strong>Shapiro-Vandelli<\/strong>, che <strong>si esibiranno al Castello di Udine<\/strong> marted\u00ec <strong>9 luglio<\/strong> nel \u201c<strong>Peace and Love live tour<\/strong>\u201d, cantando ciascuno i brani dell\u2019altro ed esibendosi in coppia su alcuni successi intramontabili.<\/p>\n<p>Sempre a <strong>luglio<\/strong>, questa volta <strong>in piazza Carpaccio a Capodistria sabato 20<\/strong>, sar\u00e0 ancora la volta di un nome storico della nostra musica: la <strong>PFM \u2013 Premiata Forneria Marconi<\/strong> salir\u00e0 sul palco di Folkest 2019 per una tappa del <strong>TVB-The Very Best TOUR<\/strong> &#8211; organizzata con la Comunit\u00e0 Italiana e l&#39;Aias Capodistria &#8211; che raccoglie i pi\u00f9 grandi successi del loro vastissimo repertorio.<\/p>\n<p>A <strong>suggellare questa<\/strong> <strong>edizione<\/strong> sar\u00e0 una presenza davvero d\u2019eccezione: con un nuovo album di inediti pubblicato quest\u2019anno, dal titolo <strong><em>Lost Souls<\/em><\/strong> (<em>Quinlan Road<\/em>, 2018), torna in Italia la cantautrice e polistrumentista canadese di fama mondiale, icona della musica celtica, <strong>Loreena McKennitt<\/strong>, con un tour estivo di sei date lungo tutta la nostra penisola. Oltre a Firenze, Milano, Roma, Macerata e Bari, <strong>luned\u00ec 22 luglio sar\u00e0 per Folkest al Castello di Udine<\/strong>. Sul palco la cantautrice sar\u00e0 accompagnata dai musicisti <strong>Brian Hughes<\/strong> (chitarra, oud e bouzouki celtico), <strong>Caroline Lavelle<\/strong> (violoncello), <strong>Hugh Marsh<\/strong> (violino), <strong>Dudley Philips<\/strong> (contrabasso) e <strong>Robert Brian<\/strong> (batteria).\u00a0<\/p>\n","protected":false},"excerpt":{"rendered":"<p>Sabato a Spilimbergo<\/p>\n","protected":false},"author":28,"featured_media":29057,"comment_status":"closed","ping_status":"closed","sticky":false,"template":"","format":"standard","meta":{"dwc-title":[],"dwc-content":[],"footnotes":""},"categories":[37],"tags":[],"class_list":["post-29056","post","type-post","status-publish","format-standard","has-post-thumbnail","hentry","category-cultura-e-spettacolo"],"rttpg_featured_image_url":{"full":["https:\/\/imagazine.it\/wp-content\/uploads\/2024\/01\/28776-1.webp",750,500,false],"landscape":["https:\/\/imagazine.it\/wp-content\/uploads\/2024\/01\/28776-1.webp",750,500,false],"portraits":["https:\/\/imagazine.it\/wp-content\/uploads\/2024\/01\/28776-1.webp",750,500,false],"thumbnail":["https:\/\/imagazine.it\/wp-content\/uploads\/2024\/01\/28776-1-150x150.webp",150,150,true],"medium":["https:\/\/imagazine.it\/wp-content\/uploads\/2024\/01\/28776-1-300x200.webp",300,200,true],"large":["https:\/\/imagazine.it\/wp-content\/uploads\/2024\/01\/28776-1.webp",640,427,false],"thumblist":["https:\/\/imagazine.it\/wp-content\/uploads\/2024\/01\/28776-1.webp",300,200,false],"thumbrelated":["https:\/\/imagazine.it\/wp-content\/uploads\/2024\/01\/28776-1.webp",500,333,false],"meccarouselthumb":["https:\/\/imagazine.it\/wp-content\/uploads\/2024\/01\/28776-1.webp",474,316,false],"gridsquare":["https:\/\/imagazine.it\/wp-content\/uploads\/2024\/01\/28776-1.webp",391,260,false],"tileview":["https:\/\/imagazine.it\/wp-content\/uploads\/2024\/01\/28776-1.webp",300,200,false],"1536x1536":["https:\/\/imagazine.it\/wp-content\/uploads\/2024\/01\/28776-1.webp",750,500,false],"2048x2048":["https:\/\/imagazine.it\/wp-content\/uploads\/2024\/01\/28776-1.webp",750,500,false],"newsup-slider-full":["https:\/\/imagazine.it\/wp-content\/uploads\/2024\/01\/28776-1.webp",750,500,false],"newsup-featured":["https:\/\/imagazine.it\/wp-content\/uploads\/2024\/01\/28776-1.webp",750,500,false],"newsup-medium":["https:\/\/imagazine.it\/wp-content\/uploads\/2024\/01\/28776-1-720x380.webp",720,380,true],"tptn_thumbnail":["https:\/\/imagazine.it\/wp-content\/uploads\/2024\/01\/28776-1.webp",250,167,false],"sow-carousel-default":["https:\/\/imagazine.it\/wp-content\/uploads\/2024\/01\/28776-1-272x182.webp",272,182,true]},"rttpg_author":{"display_name":"redazione","author_link":"https:\/\/imagazine.it\/home_desk\/author\/redazione\/"},"rttpg_comment":0,"rttpg_category":"<a href=\"https:\/\/imagazine.it\/home_desk\/category\/cultura-e-spettacolo\/\" rel=\"category tag\">CULTURA&amp;SPETTACOLO<\/a>","rttpg_excerpt":"Sabato a Spilimbergo","_links":{"self":[{"href":"https:\/\/imagazine.it\/home_desk\/wp-json\/wp\/v2\/posts\/29056","targetHints":{"allow":["GET"]}}],"collection":[{"href":"https:\/\/imagazine.it\/home_desk\/wp-json\/wp\/v2\/posts"}],"about":[{"href":"https:\/\/imagazine.it\/home_desk\/wp-json\/wp\/v2\/types\/post"}],"author":[{"embeddable":true,"href":"https:\/\/imagazine.it\/home_desk\/wp-json\/wp\/v2\/users\/28"}],"replies":[{"embeddable":true,"href":"https:\/\/imagazine.it\/home_desk\/wp-json\/wp\/v2\/comments?post=29056"}],"version-history":[{"count":0,"href":"https:\/\/imagazine.it\/home_desk\/wp-json\/wp\/v2\/posts\/29056\/revisions"}],"wp:featuredmedia":[{"embeddable":true,"href":"https:\/\/imagazine.it\/home_desk\/wp-json\/wp\/v2\/media\/29057"}],"wp:attachment":[{"href":"https:\/\/imagazine.it\/home_desk\/wp-json\/wp\/v2\/media?parent=29056"}],"wp:term":[{"taxonomy":"category","embeddable":true,"href":"https:\/\/imagazine.it\/home_desk\/wp-json\/wp\/v2\/categories?post=29056"},{"taxonomy":"post_tag","embeddable":true,"href":"https:\/\/imagazine.it\/home_desk\/wp-json\/wp\/v2\/tags?post=29056"}],"curies":[{"name":"wp","href":"https:\/\/api.w.org\/{rel}","templated":true}]}}