{"id":29050,"date":"2019-03-13T00:00:00","date_gmt":"2019-03-12T23:00:00","guid":{"rendered":"https:\/\/imagazine.it\/?p=29050"},"modified":"2019-03-13T00:00:00","modified_gmt":"2019-03-12T23:00:00","slug":"i-poeti-del-mondo-a-trieste-e-duino","status":"publish","type":"post","link":"https:\/\/imagazine.it\/home_desk\/i-poeti-del-mondo-a-trieste-e-duino\/","title":{"rendered":"I poeti del mondo a Trieste e Duino"},"content":{"rendered":"<p>Con l\u2019arrivo della primavera <strong>Duino <\/strong>e <strong>Trieste <\/strong>ospiteranno nuovamente la \u201c<strong>Festa della Letteratura e della Poesia\u201d<\/strong>, che in questi luoghi ha trovato gi\u00e0 da molti anni dimora. L\u2019edizione 2019 si preannuncia ricca d\u2019iniziative, con <strong>undici giorni <\/strong>di <strong>incontri letterari, spettacoli teatrali e musicali, workshop, mostre e flash mob poetici. <\/strong>I vari appuntamenti saranno dislocati nei diversi luoghi cittadini in cui si fa cultura: dai pi\u00f9 <strong>celebri caff\u00e8 letterari triestini <\/strong>(Tommaseo, Antico Caff\u00e8 San Marco, Caff\u00e8 degli Specchi) ai <strong>musei<\/strong>, fino al <strong>Castello di Duino<\/strong>.<\/p>\n<p>La manifestazione in calendario dal <strong>20 al 31 marzo<\/strong>, passando per il <strong>21<\/strong>, <strong>Giornata Mondiale della Poesia<\/strong>, ruoter\u00e0 intorno al tema \u201c<strong>Il sogno e la conoscenza<\/strong>\u201d, esplorato nella XV edizione del <strong>Concorso Internazionale di Poesia e Teatro \u201cCastello di Duino\u201d<\/strong> da cui nasce l\u2019iniziativa. La premiazione delle varie sezioni della competizione letteraria (con la presenza a Trieste nei giorni 30 e 31 di circa 500 poeti da tutto il mondo) <strong>sar\u00e0 il momento culminante <\/strong>attorno al quale si snoderanno i tanti eventi letterari e artistici in programma nelle giornate della \u201c<strong>Festa\u201d. <\/strong><\/p>\n<p>In particolare <strong>il 21 marzo, <\/strong>in occasione della <strong>Giornata Mondiale della Poesia Unesco, <\/strong>la manifestazione ospiter\u00e0 la scrittrice <strong>Asli Erdo\u011fan, <\/strong>tra i pi\u00f9 importanti autori della letteratura turca contemporanea. Erdogan sar\u00e0 a Trieste per ricevere il premio internazionale <strong>\u201cTrieste &#8211; Diritto di Dialogo\u201d, <\/strong>istituito dall\u2019<strong>Associazione Poesia e Solidariet\u00e0<\/strong>, che organizza la Festa con il <strong>patrocinio del Comune e dell\u2019Universit\u00e0 di Trieste<\/strong>, come riconoscimento a una personalit\u00e0 di alto profilo che abbia contribuito con la sua opera a sviluppare la cultura del dialogo. \u201cAsli Erdo\u011fan &#8211; evidenzia <strong>Gabriella Valera<\/strong>, ideatrice del premio, del concorso \u201cCastello di Duino\u201d e della Festa &#8211; \u00e8 un esempio di donna libera e indipendente in un Paese dove la democrazia \u00e8 stata soffocata. Questo \u00e8 un riconoscimento\u00a0 per la sua attivit\u00e0 politica di opposizione al regime di Recep Tayyip Erdo\u011fan, per il suo impegno sociale a favore dei ragazzi di strada e dei carcerati, per la sua curiosit\u00e0 intellettuale, che l\u2019ha portata a impegnarsi in vari campi, e per la sua vasta produzione letteraria e il suo lavoro giornalistico, incentrati sui diritti delle donne, sulla violenza di stato e sulla questione curda, il grande tab\u00f9 della politica di Ankara\u201d.<\/p>\n<p>L\u2019appuntamento, dal titolo \u201c<strong>Il sogno della conoscenza e la lingua negata<\/strong>\u201d e in programma alle 17 all\u2019Auditorium del Museo Revoltella, presenter\u00e0 il libro \u201c<strong>Anche il silenzio non \u00e8 pi\u00f9 tuo<\/strong>&#8221; (Garzanti, 2017), con letture e il contributo musicale dell\u2019<strong>Amadeus Adriatic Orchestra<\/strong>, orchestra internazionale giovanile diretta dal maestro Stefano Sacher. A precederlo, alle 16, anche l\u2019<strong>Unesco Flash Mob: si regala poesia, leggendola in Piazza Unit\u00e0 e offrendo copia dei testi a chi vorr\u00e0.<\/strong> Fra i molti appuntamenti in calendario per la Festa segnaliamo inoltre l\u2019inaugurazione di una <strong>mostra fotografica internazionale sul tema del sogno <\/strong>costruita con gli scatti inviati dai giovani poeti partecipanti al concorso e commentata con i versi degli autori (20 marzo, alle 18, Sala Giubileo di via Mazzini 4); lo <strong>spettacolo teatrale \u201cUna donna spezzata\u201d <\/strong>(ArsMillenium production), scritto e interpretato da <strong>Isabel Russinova, <\/strong>con la regia di<strong> Rodolfo Martinelli Carraresi <\/strong>(23 marzo, alle 17, Auditorium del Museo Revoltella). Arricchiranno il programma le \u201c<strong>Letture da un premio Nobel\u201d, <\/strong>dedicate quest\u2019anno a <strong>Herta M\u00fcller <\/strong>(24 marzo alle 18, Caff\u00e8 Libreria San Marco); il consueto <strong>workshop di traduzione linguistica <\/strong>\u201c<strong>s-Tradurre<\/strong>\u201d (28-29 marzo, Universit\u00e0 di Trieste), le <strong>rappresentazioni teatrali<\/strong> delle pi\u00e8ce vincitrici, i reading poetici di <strong>Giovanna Frene, Gabriella Cinti, Silvia Favaretto, Claudia Azzola, Steven Grieco.<\/strong><\/p>\n<p>Sul tema \u201c<strong>I have a dream<\/strong>\u201d si sono cimentati, ciascuno nella propria lingua madre, circa 2000 giovani poeti (fino a 31 anni di et\u00e0 per regolamento) nelle diverse sezioni del <strong>XV Concorso Internazionale di Poesia e Teatro Castello di Duino<\/strong>: poesia individuale, progetti scuola, teatro, e, come novit\u00e0 di quest\u2019anno, la sezione dedicata a \u201cIl sogno e la conoscenza: sulle orme di Leonardo\u201d. Poesie e progetti sono arrivati da 68 Paesi del mondo.<\/p>\n<p>Il <strong>Concorso Internazionale di Poesia e Teatro Castello di Duino<\/strong> <strong>\u00e8 l\u2019unico a valutare tutti i testi in lingua originale,<\/strong> grazie a una giuria di carattere internazionale che conosce lingue e culture dei Paesi da cui provengono i giovani autori: perci\u00f2 la lista dei premiati e dei segnalati offre un\u2019immagine della poesia contemporanea mondiale.<\/p>\n<p><a href=\"http:\/\/imagazinevideotruck.it\/outlet\/relink.html\" target=\"_top\" rel=\"noopener\"><img loading=\"lazy\" decoding=\"async\" align=\"LEFT\" height=\"250\" src=\"http:\/\/imagazinevideotruck.it\/outlet\/outlet30.gif\" width=\"300\" alt=\"\" title=\"\"><\/a><\/p>\n<p>\u00a0<\/p>\n<p>\u00a0<\/p>\n<p>\u00a0<\/p>\n<p>\u00a0<\/p>\n<p>\u00a0<\/p>\n<p>\u00a0<\/p>\n<p>\u00a0<\/p>\n<p>\u00a0<\/p>\n<p>\u00a0<\/p>\n<p><strong>La Festa di premiazione al Castello di Duino<\/strong> (31 marzo, alle 16), prevede <strong>la lettura delle poesie dalla voce degli autori in lingua originale e in traduzione:<\/strong> essa rispetta i suoni e gli echi di diverse terre con grande fascino. Non \u00e8 un caso che gi\u00e0 nel 2009 la <strong>Commissione Nazionale Unesco, <\/strong>sotto il cui patrocinio il concorso \u00e8 organizzato, abbia considerato il Concorso <strong>la pi\u00f9 importante competizione internazionale riservata ai giovani<\/strong>. Quest\u2019anno la <strong>Festa della Letteratura e della Poesia &#8211; <\/strong>che \u00e8 realizzata grazie ai contributi di <strong>Regione Friuli Venezia Giulia, Comune di Trieste, Fondazione Kathleen Foreman Casali, Banca Popolare di Cividale, Duemilauno Agenzia Sociale, <\/strong>e con il supporto di enti pubblici e privati e molte donazioni private &#8211; \u00e8 inserita nel <strong>programma ProEsof 2020<\/strong>, percorso volto ad accompagnare e preparare gli appuntamenti di <strong>Trieste Citt\u00e0 Europea della Scienza 2020 (Esof2020)<\/strong>.<\/p>\n","protected":false},"excerpt":{"rendered":"<p>Dal 20 al 31 marzo<\/p>\n","protected":false},"author":28,"featured_media":29051,"comment_status":"closed","ping_status":"closed","sticky":false,"template":"","format":"standard","meta":{"dwc-title":[],"dwc-content":[],"footnotes":""},"categories":[37],"tags":[],"class_list":["post-29050","post","type-post","status-publish","format-standard","has-post-thumbnail","hentry","category-cultura-e-spettacolo"],"rttpg_featured_image_url":{"full":["https:\/\/imagazine.it\/wp-content\/uploads\/2024\/01\/28767-1.webp",750,502,false],"landscape":["https:\/\/imagazine.it\/wp-content\/uploads\/2024\/01\/28767-1.webp",750,502,false],"portraits":["https:\/\/imagazine.it\/wp-content\/uploads\/2024\/01\/28767-1.webp",750,502,false],"thumbnail":["https:\/\/imagazine.it\/wp-content\/uploads\/2024\/01\/28767-1-150x150.webp",150,150,true],"medium":["https:\/\/imagazine.it\/wp-content\/uploads\/2024\/01\/28767-1-300x201.webp",300,201,true],"large":["https:\/\/imagazine.it\/wp-content\/uploads\/2024\/01\/28767-1.webp",640,428,false],"thumblist":["https:\/\/imagazine.it\/wp-content\/uploads\/2024\/01\/28767-1.webp",300,201,false],"thumbrelated":["https:\/\/imagazine.it\/wp-content\/uploads\/2024\/01\/28767-1.webp",500,335,false],"meccarouselthumb":["https:\/\/imagazine.it\/wp-content\/uploads\/2024\/01\/28767-1.webp",474,317,false],"gridsquare":["https:\/\/imagazine.it\/wp-content\/uploads\/2024\/01\/28767-1.webp",388,260,false],"tileview":["https:\/\/imagazine.it\/wp-content\/uploads\/2024\/01\/28767-1.webp",300,201,false],"1536x1536":["https:\/\/imagazine.it\/wp-content\/uploads\/2024\/01\/28767-1.webp",750,502,false],"2048x2048":["https:\/\/imagazine.it\/wp-content\/uploads\/2024\/01\/28767-1.webp",750,502,false],"newsup-slider-full":["https:\/\/imagazine.it\/wp-content\/uploads\/2024\/01\/28767-1.webp",750,502,false],"newsup-featured":["https:\/\/imagazine.it\/wp-content\/uploads\/2024\/01\/28767-1.webp",750,502,false],"newsup-medium":["https:\/\/imagazine.it\/wp-content\/uploads\/2024\/01\/28767-1-720x380.webp",720,380,true],"tptn_thumbnail":["https:\/\/imagazine.it\/wp-content\/uploads\/2024\/01\/28767-1.webp",250,167,false],"sow-carousel-default":["https:\/\/imagazine.it\/wp-content\/uploads\/2024\/01\/28767-1-272x182.webp",272,182,true]},"rttpg_author":{"display_name":"redazione","author_link":"https:\/\/imagazine.it\/home_desk\/author\/redazione\/"},"rttpg_comment":0,"rttpg_category":"<a href=\"https:\/\/imagazine.it\/home_desk\/category\/cultura-e-spettacolo\/\" rel=\"category tag\">CULTURA&amp;SPETTACOLO<\/a>","rttpg_excerpt":"Dal 20 al 31 marzo","_links":{"self":[{"href":"https:\/\/imagazine.it\/home_desk\/wp-json\/wp\/v2\/posts\/29050","targetHints":{"allow":["GET"]}}],"collection":[{"href":"https:\/\/imagazine.it\/home_desk\/wp-json\/wp\/v2\/posts"}],"about":[{"href":"https:\/\/imagazine.it\/home_desk\/wp-json\/wp\/v2\/types\/post"}],"author":[{"embeddable":true,"href":"https:\/\/imagazine.it\/home_desk\/wp-json\/wp\/v2\/users\/28"}],"replies":[{"embeddable":true,"href":"https:\/\/imagazine.it\/home_desk\/wp-json\/wp\/v2\/comments?post=29050"}],"version-history":[{"count":0,"href":"https:\/\/imagazine.it\/home_desk\/wp-json\/wp\/v2\/posts\/29050\/revisions"}],"wp:featuredmedia":[{"embeddable":true,"href":"https:\/\/imagazine.it\/home_desk\/wp-json\/wp\/v2\/media\/29051"}],"wp:attachment":[{"href":"https:\/\/imagazine.it\/home_desk\/wp-json\/wp\/v2\/media?parent=29050"}],"wp:term":[{"taxonomy":"category","embeddable":true,"href":"https:\/\/imagazine.it\/home_desk\/wp-json\/wp\/v2\/categories?post=29050"},{"taxonomy":"post_tag","embeddable":true,"href":"https:\/\/imagazine.it\/home_desk\/wp-json\/wp\/v2\/tags?post=29050"}],"curies":[{"name":"wp","href":"https:\/\/api.w.org\/{rel}","templated":true}]}}