{"id":29046,"date":"2019-03-12T00:00:00","date_gmt":"2019-03-11T23:00:00","guid":{"rendered":"https:\/\/imagazine.it\/?p=29046"},"modified":"2019-03-12T00:00:00","modified_gmt":"2019-03-11T23:00:00","slug":"grado-graz-nuova-cicloturistica-transfrontaliera","status":"publish","type":"post","link":"https:\/\/imagazine.it\/home_desk\/grado-graz-nuova-cicloturistica-transfrontaliera\/","title":{"rendered":"Grado-Graz, nuova cicloturistica transfrontaliera"},"content":{"rendered":"<p>Un drappello di una ventina di appassionati ciclisti gradesi, capitanati dal sindaco <strong>Dario Raugna<\/strong> e dall\u2019ex campione mondiale di ciclismo su strada, <strong>Moreno Argentin<\/strong>, sar\u00e0 l\u2019apripista di una nuova proposta cicloturistica transfrontaliera che parte dall\u2019Isola del Sole. \u00c8 l\u2019edizione 2019 del <strong>progetto Grado Bike Tour<\/strong> che, dopo aver raggiunto Salisburgo nel 2018, ora vuole arrivare a Graz, passando per la Slovenia, sul percorso gi\u00e0 utilizzato <strong>dall\u2019Antico Postale<\/strong> che, nel XVIII secolo, a passo di cavallo, trasportava persone e merci da Vienna a Trieste per poi giungere a Belvedere e da qui, in traghetto, a Grado. Successivamente, <strong>nel 1857, \u00e8 arrivata la Ferrovia Meridionale. Nel 2020 sar\u00e0 la volta della Grado-Vienna Bike Tour.<\/strong><\/p>\n<p><a href=\"http:\/\/imagazinevideotruck.it\/outlet\/relink.html\" target=\"_top\" rel=\"noopener\"><img loading=\"lazy\" decoding=\"async\" align=\"LEFT\" height=\"250\" src=\"http:\/\/imagazinevideotruck.it\/outlet\/outlet30.gif\" width=\"300\" alt=\"\" title=\"\"><\/a><\/p>\n<p>\u00a0<\/p>\n<p>\u00a0<\/p>\n<p>\u00a0<\/p>\n<p>\u00a0<\/p>\n<p>\u00a0<\/p>\n<p>\u00a0<\/p>\n<p>\u00a0<\/p>\n<p>\u00a0<\/p>\n<p>\u00a0<\/p>\n<p>\u00abLa nostra localit\u00e0 balneare \u2013 spiega Raugna \u2013 nasce anche grazie a questa meravigliosa opera ingegneristica che collega Vienna a Trieste. Ripercorriamo le orme del nostro passato con lo sguardo rivolto al futuro verso una nuova mobilit\u00e0 slow, attraverso una rete di rapporti istituzionali con i nostri partner europei. Con la caduta del muro di Berlino il nostro territorio ha riacquistato una centralit\u00e0 geopolitica in Europa: occorre lavorare tutti assieme per affermare questa visione. <strong>La Grado-Graz<\/strong><strong> Bike<\/strong><strong> Tour non \u00e8 una pedalata fine a s\u00e9 stessa, bens\u00ec rappresenta la voglia di creare dei ponti con i nostri vicini per attivare delle collaborazioni a 360 gradi<\/strong>. Questo, per me, significa avere una visione in prospettiva\u00bb.<\/p>\n<p>E Grado non vuole farsi sfuggire l\u2019occasione che ben si coniuga alla conquista della bandiera gialla di Fiab con le <em>5 Bike Smile<\/em> (il massimo del punteggio, raggiunto come unica localit\u00e0 del Friuli VG e in compagnia di una sola altra localit\u00e0 italiana).<\/p>\n<p>\u00abSostengo questa iniziativa \u2013 ha aggiunto <strong>Enzo Cainero<\/strong> \u2013 che avr\u00e0 anche uno spin-off con la partecipazione di Grado (assieme ad altre 7 localit\u00e0) all\u2019edizione 2019 del <strong>Progetto Friuli e-bike Tour,<\/strong> <strong>che si terr\u00e0 il 18 agosto,<\/strong> con centinaia di partecipanti in sella alle bici con pedalata assistita o elettrica che percorreranno, in compagnia, una cinquantina di chilometri\u00bb.<\/p>\n<p>Il programma della pedalata transfrontaliera gradese prevede di suddividere il tracciato ciclabile (lungo 387 km con un dislivello di 3.000 metri) in 5 tappe, da Grado a Graz, attraverso un percorso accessibile a tutti da effettuare <strong>dal 6 all\u201911 aprile 2019<\/strong>. Il percorso, prevalentemente scoperto, segue gli antichi binari della storica Ferrovia Meridionale che collegava Trieste a Vienna attraversando <strong>tre nazioni<\/strong> e toccando aree di grande importanza paesaggistica e culturale. Nata dalla mente esperta del progettista Carlo Ghega, grazie ai costi contenuti e alla facilit\u00e0 di spostamento, rese il turismo termale, balneare e curativo accessibile anche alle classi meno abbienti, determinando lo sviluppo dell\u2019Isola. Con questo nuovo progetto, dunque, la vecchia Ferrovia Meridionale si rinnova in una veste intermodale e, al turismo da e per Grado, viene offerta una ulteriore opportunit\u00e0 di mobilit\u00e0 al passo con i tempi che consente di assaporare l\u2019arte e la cultura attraversando e sostando in luoghi difficilmente raggiungibili con altri mezzi.<\/p>\n<p>L\u2019\u201cavventura dei pionieri\u201d gradesi sar\u00e0 seguita sulla <strong>pagina Facebook<\/strong> a essa dedicata (con anche dei momenti raccontati in diretta), che ha gi\u00e0 superato i 1.500 utenti e da un operatore che, munito di telecamera, documenter\u00e0 i vari spostamenti del gruppo \u201cdi rosso vestito\u201d (questo \u00e8 il colore dominante delle maglie indossate dai partecipanti) per <strong>realizzare un video<\/strong> che sar\u00e0 proiettato alla conferenza stampa conclusiva prevista per l\u201911 aprile, a Graz.<\/p>\n","protected":false},"excerpt":{"rendered":"<p>Dal 6 all&#8217;11 aprile<\/p>\n","protected":false},"author":28,"featured_media":29047,"comment_status":"closed","ping_status":"closed","sticky":false,"template":"","format":"standard","meta":{"dwc-title":[],"dwc-content":[],"footnotes":""},"categories":[38],"tags":[],"class_list":["post-29046","post","type-post","status-publish","format-standard","has-post-thumbnail","hentry","category-sport"],"rttpg_featured_image_url":{"full":["https:\/\/imagazine.it\/wp-content\/uploads\/2024\/01\/28758-1.webp",750,502,false],"landscape":["https:\/\/imagazine.it\/wp-content\/uploads\/2024\/01\/28758-1.webp",750,502,false],"portraits":["https:\/\/imagazine.it\/wp-content\/uploads\/2024\/01\/28758-1.webp",750,502,false],"thumbnail":["https:\/\/imagazine.it\/wp-content\/uploads\/2024\/01\/28758-1-150x150.webp",150,150,true],"medium":["https:\/\/imagazine.it\/wp-content\/uploads\/2024\/01\/28758-1-300x201.webp",300,201,true],"large":["https:\/\/imagazine.it\/wp-content\/uploads\/2024\/01\/28758-1.webp",640,428,false],"thumblist":["https:\/\/imagazine.it\/wp-content\/uploads\/2024\/01\/28758-1.webp",300,201,false],"thumbrelated":["https:\/\/imagazine.it\/wp-content\/uploads\/2024\/01\/28758-1.webp",500,335,false],"meccarouselthumb":["https:\/\/imagazine.it\/wp-content\/uploads\/2024\/01\/28758-1.webp",474,317,false],"gridsquare":["https:\/\/imagazine.it\/wp-content\/uploads\/2024\/01\/28758-1.webp",388,260,false],"tileview":["https:\/\/imagazine.it\/wp-content\/uploads\/2024\/01\/28758-1.webp",300,201,false],"1536x1536":["https:\/\/imagazine.it\/wp-content\/uploads\/2024\/01\/28758-1.webp",750,502,false],"2048x2048":["https:\/\/imagazine.it\/wp-content\/uploads\/2024\/01\/28758-1.webp",750,502,false],"newsup-slider-full":["https:\/\/imagazine.it\/wp-content\/uploads\/2024\/01\/28758-1.webp",750,502,false],"newsup-featured":["https:\/\/imagazine.it\/wp-content\/uploads\/2024\/01\/28758-1.webp",750,502,false],"newsup-medium":["https:\/\/imagazine.it\/wp-content\/uploads\/2024\/01\/28758-1-720x380.webp",720,380,true],"tptn_thumbnail":["https:\/\/imagazine.it\/wp-content\/uploads\/2024\/01\/28758-1.webp",250,167,false],"sow-carousel-default":["https:\/\/imagazine.it\/wp-content\/uploads\/2024\/01\/28758-1-272x182.webp",272,182,true]},"rttpg_author":{"display_name":"redazione","author_link":"https:\/\/imagazine.it\/home_desk\/author\/redazione\/"},"rttpg_comment":0,"rttpg_category":"<a href=\"https:\/\/imagazine.it\/home_desk\/category\/sport\/\" rel=\"category tag\">SPORT<\/a>","rttpg_excerpt":"Dal 6 all'11 aprile","_links":{"self":[{"href":"https:\/\/imagazine.it\/home_desk\/wp-json\/wp\/v2\/posts\/29046","targetHints":{"allow":["GET"]}}],"collection":[{"href":"https:\/\/imagazine.it\/home_desk\/wp-json\/wp\/v2\/posts"}],"about":[{"href":"https:\/\/imagazine.it\/home_desk\/wp-json\/wp\/v2\/types\/post"}],"author":[{"embeddable":true,"href":"https:\/\/imagazine.it\/home_desk\/wp-json\/wp\/v2\/users\/28"}],"replies":[{"embeddable":true,"href":"https:\/\/imagazine.it\/home_desk\/wp-json\/wp\/v2\/comments?post=29046"}],"version-history":[{"count":0,"href":"https:\/\/imagazine.it\/home_desk\/wp-json\/wp\/v2\/posts\/29046\/revisions"}],"wp:featuredmedia":[{"embeddable":true,"href":"https:\/\/imagazine.it\/home_desk\/wp-json\/wp\/v2\/media\/29047"}],"wp:attachment":[{"href":"https:\/\/imagazine.it\/home_desk\/wp-json\/wp\/v2\/media?parent=29046"}],"wp:term":[{"taxonomy":"category","embeddable":true,"href":"https:\/\/imagazine.it\/home_desk\/wp-json\/wp\/v2\/categories?post=29046"},{"taxonomy":"post_tag","embeddable":true,"href":"https:\/\/imagazine.it\/home_desk\/wp-json\/wp\/v2\/tags?post=29046"}],"curies":[{"name":"wp","href":"https:\/\/api.w.org\/{rel}","templated":true}]}}