{"id":29036,"date":"2019-03-09T00:00:00","date_gmt":"2019-03-08T23:00:00","guid":{"rendered":"https:\/\/imagazine.it\/?p=29036"},"modified":"2019-03-09T00:00:00","modified_gmt":"2019-03-08T23:00:00","slug":"bicinicco-al-via-la-nuova-scuola-di-musica","status":"publish","type":"post","link":"https:\/\/imagazine.it\/home_desk\/bicinicco-al-via-la-nuova-scuola-di-musica\/","title":{"rendered":"Bicinicco, al via la nuova scuola di musica"},"content":{"rendered":"<p>Il corso di avviamento alla musica e alla pratica strumentale e corale \u00e8 diventato realt\u00e0 a Bicinicco. Il progetto era partito in sordina cinque anni fa solo per i ragazzi della scuola primaria \u201cEzio Vanoni\u201d, che tramite l\u2019istituto comprensivo avevano avuto la possibilit\u00e0 di avvalersi di qualche ora di lezione per potersi esercitare prevalentemente con strumenti a fiato.<\/p>\n<p>Ora invece l\u2019offerta si \u00e8 ampliata ed \u00e8 aperta a tutti, grazie anche alla collaborazione tra l\u2019amministrazione comunale, tramite l\u2019assessore all\u2019istruzione <strong>Amedeo Selenati<\/strong>, e l\u2019accademia musicale \u201cCitt\u00e0 di Palmanova\u201d che ha come valido interlocutore il presidente <strong>Nicola Fiorino<\/strong>.<\/p>\n<p>Una spinta l\u2019hanno data anche i genitori che non hanno voluto perdere un\u2019occasione cos\u00ec ghiotta per dare ai propri ragazzi la possibilit\u00e0 di cimentarsi con strumenti musicali e soprattutto di migliorare il loro bagaglio culturale, visto che la musica \u00e8 per antonomasia cultura \u201cpiena\u201d, e prevede che per capirla si debbano conoscere e studiare non solamente le tecniche e gli artisti che l\u2019hanno creata, ma anche il contesto storico e culturale del loro periodo. La musica sembra una materia facile al primo approccio, ma al contrario implica una grande preparazione per poterla eseguire.<\/p>\n<p>La serata di presentazione del Corso si \u00e8 tenuta nel centro di aggregazione don Lino Andrioli in via Regina Pacis, e le lezioni si terranno nella vicina scuola primaria \u201cEzio Vanoni\u201d. Si partir\u00e0 gi\u00e0 da subito, iniziando nei mesi di marzo-giugno con mini corsi aperti a tutte le fasce di et\u00e0, per principianti e non, mentre da settembre si partir\u00e0 a pieno regime.<\/p>\n<p><a href=\"http:\/\/imagazinevideotruck.it\/outlet\/relink.html\" target=\"_top\" rel=\"noopener\"><img loading=\"lazy\" decoding=\"async\" align=\"LEFT\" height=\"250\" src=\"http:\/\/imagazinevideotruck.it\/outlet\/outlet30.gif\" width=\"300\" alt=\"\" title=\"\"><\/a><\/p>\n<p>\u00a0<\/p>\n<p>\u00a0<\/p>\n<p>\u00a0<\/p>\n<p>\u00a0<\/p>\n<p>\u00a0<\/p>\n<p>\u00a0<\/p>\n<p>\u00a0<\/p>\n<p>\u00a0<\/p>\n<p>\u00a0<\/p>\n<p>Le lezioni per il momento saranno per l\u2019uso di strumenti quali flauto, clarinetto, tromba, violino, violoncello, e si inizier\u00e0 con l\u2019insegnamento del canto corale. Per informazioni \u00e8 necessario contattare il coordinatore, professor <strong>Enrico Cossio<\/strong> (cellulare 347 8930999).<\/p>\n","protected":false},"excerpt":{"rendered":"<p>In collaborazione con l&#8217;Amministrazione comunale<\/p>\n","protected":false},"author":22,"featured_media":29037,"comment_status":"closed","ping_status":"closed","sticky":false,"template":"","format":"standard","meta":{"dwc-title":[],"dwc-content":[],"footnotes":""},"categories":[5],"tags":[],"class_list":["post-29036","post","type-post","status-publish","format-standard","has-post-thumbnail","hentry","category-attualita"],"rttpg_featured_image_url":{"full":["https:\/\/imagazine.it\/wp-content\/uploads\/2024\/01\/28748-1.webp",750,500,false],"landscape":["https:\/\/imagazine.it\/wp-content\/uploads\/2024\/01\/28748-1.webp",750,500,false],"portraits":["https:\/\/imagazine.it\/wp-content\/uploads\/2024\/01\/28748-1.webp",750,500,false],"thumbnail":["https:\/\/imagazine.it\/wp-content\/uploads\/2024\/01\/28748-1-150x150.webp",150,150,true],"medium":["https:\/\/imagazine.it\/wp-content\/uploads\/2024\/01\/28748-1-300x200.webp",300,200,true],"large":["https:\/\/imagazine.it\/wp-content\/uploads\/2024\/01\/28748-1.webp",640,427,false],"thumblist":["https:\/\/imagazine.it\/wp-content\/uploads\/2024\/01\/28748-1.webp",300,200,false],"thumbrelated":["https:\/\/imagazine.it\/wp-content\/uploads\/2024\/01\/28748-1.webp",500,333,false],"meccarouselthumb":["https:\/\/imagazine.it\/wp-content\/uploads\/2024\/01\/28748-1.webp",474,316,false],"gridsquare":["https:\/\/imagazine.it\/wp-content\/uploads\/2024\/01\/28748-1.webp",391,260,false],"tileview":["https:\/\/imagazine.it\/wp-content\/uploads\/2024\/01\/28748-1.webp",300,200,false],"1536x1536":["https:\/\/imagazine.it\/wp-content\/uploads\/2024\/01\/28748-1.webp",750,500,false],"2048x2048":["https:\/\/imagazine.it\/wp-content\/uploads\/2024\/01\/28748-1.webp",750,500,false],"newsup-slider-full":["https:\/\/imagazine.it\/wp-content\/uploads\/2024\/01\/28748-1.webp",750,500,false],"newsup-featured":["https:\/\/imagazine.it\/wp-content\/uploads\/2024\/01\/28748-1.webp",750,500,false],"newsup-medium":["https:\/\/imagazine.it\/wp-content\/uploads\/2024\/01\/28748-1-720x380.webp",720,380,true],"tptn_thumbnail":["https:\/\/imagazine.it\/wp-content\/uploads\/2024\/01\/28748-1.webp",250,167,false],"sow-carousel-default":["https:\/\/imagazine.it\/wp-content\/uploads\/2024\/01\/28748-1-272x182.webp",272,182,true]},"rttpg_author":{"display_name":"Livio Nonis","author_link":"https:\/\/imagazine.it\/home_desk\/author\/nonis\/"},"rttpg_comment":0,"rttpg_category":"<a href=\"https:\/\/imagazine.it\/home_desk\/category\/attualita\/\" rel=\"category tag\">ATTUALIT\u00c0<\/a>","rttpg_excerpt":"In collaborazione con l'Amministrazione comunale","_links":{"self":[{"href":"https:\/\/imagazine.it\/home_desk\/wp-json\/wp\/v2\/posts\/29036","targetHints":{"allow":["GET"]}}],"collection":[{"href":"https:\/\/imagazine.it\/home_desk\/wp-json\/wp\/v2\/posts"}],"about":[{"href":"https:\/\/imagazine.it\/home_desk\/wp-json\/wp\/v2\/types\/post"}],"author":[{"embeddable":true,"href":"https:\/\/imagazine.it\/home_desk\/wp-json\/wp\/v2\/users\/22"}],"replies":[{"embeddable":true,"href":"https:\/\/imagazine.it\/home_desk\/wp-json\/wp\/v2\/comments?post=29036"}],"version-history":[{"count":0,"href":"https:\/\/imagazine.it\/home_desk\/wp-json\/wp\/v2\/posts\/29036\/revisions"}],"wp:featuredmedia":[{"embeddable":true,"href":"https:\/\/imagazine.it\/home_desk\/wp-json\/wp\/v2\/media\/29037"}],"wp:attachment":[{"href":"https:\/\/imagazine.it\/home_desk\/wp-json\/wp\/v2\/media?parent=29036"}],"wp:term":[{"taxonomy":"category","embeddable":true,"href":"https:\/\/imagazine.it\/home_desk\/wp-json\/wp\/v2\/categories?post=29036"},{"taxonomy":"post_tag","embeddable":true,"href":"https:\/\/imagazine.it\/home_desk\/wp-json\/wp\/v2\/tags?post=29036"}],"curies":[{"name":"wp","href":"https:\/\/api.w.org\/{rel}","templated":true}]}}