{"id":29034,"date":"2019-03-11T00:00:00","date_gmt":"2019-03-10T23:00:00","guid":{"rendered":"https:\/\/imagazine.it\/?p=29034"},"modified":"2019-03-11T00:00:00","modified_gmt":"2019-03-10T23:00:00","slug":"trieste-omaggia-umberto-lupi","status":"publish","type":"post","link":"https:\/\/imagazine.it\/home_desk\/trieste-omaggia-umberto-lupi\/","title":{"rendered":"Trieste omaggia Umberto Lupi"},"content":{"rendered":"<p>Si \u00e8 svolta in municipio a Trieste la cerimonia per il conferimento della Medaglia Bronzea del Comune di Trieste al cantante e autore triestino, <strong>Umberto Lupi<\/strong>, \u201cAmbasciatore nel mondo\u201d della musica tradizionale giuliana. Oltre al sindaco <strong>Roberto Dipiazza<\/strong> hanno presenziato anche il vicesindaco <strong>Paolo Polidori<\/strong>, gli assessori comunali <strong>Luisa Polli<\/strong>, <strong>Angela Brandi<\/strong>, <strong>Lorenzo Giorgi<\/strong> e il consigliere comunale <strong>Vincenzo Rescigno<\/strong>, il quale aveva presentato una mozione per proporre il riconoscimento e che i sostenitori di Lupi &#8211; <strong>Claudio, Graziella e Maurizio <\/strong>Visintin \u2013 hanno voluto omaggiare con una targa.\u00a0Una targa consegnata anche al primo cittadino.<\/p>\n<p>\u201cSiamo qui per salutare e ringraziare con tanta stima e affetto un grande amico, simbolo della triestinit\u00e0, un cantante e musicista dalla carriera eccezionale,\u00a0 che ci ricorda i momenti straordinari della nostra vita e i numerosi concerti in piazza che per quindici anni hanno sempre avuto un grandioso successo di pubblico. Mi piacerebbe dedicarti anche una serata speciale nel corso dell\u2019estate\u201d, ha affermato il sindaco Dipiazza.<\/p>\n<p>Nato e cresciuto a Trieste, Umberto Lupi, da sempre innamorato della sua citt\u00e0, l\u2019ha resa protagonista di una nutrita antologia musicale, che ha portato anche in giro per il mondo nelle comunit\u00e0 dei conterranei, in tourn\u00e9e (Stati Uniti, Sud America, Sud Africa, Canada) con un repertorio di canzoni da lui scritte in omaggio alla terra natale e alla tradizione locale. Per conservare la tradizione e la cultura musicale folkloristica triestina, nel 1978 ha fondato la Produzioni Discografiche Lupi.<\/p>\n<p>Ideatore della manifestazione estiva che per 15 anni ha portato la musica in dialetto nelle piazze e nei rioni cittadini, ha poi realizzato il progetto <em>Sette note in dialetto<\/em>: l\u2019insegnamento di canzoni in vernacolo ai piccoli allievi delle scuole materne ed elementari. Pi\u00f9 volte in scena \u00e8 andata la commedia musicale <em>Che bel che x\u00e8 l\u2019amor<\/em> di cui ha composto le musiche su libretto di Edda Vidiz e Gino Landi. Il cd promo, con la raccolta dei pi\u00f9 bei brani musicali, ha poi ottenuto grande successo.<\/p>\n<p>Dal 2 giugno 2006 Umberto Lupi \u00e8 Cavaliere dell\u2019Ordine al Merito della Repubblica Italiana.<\/p>\n<p>Un altro successo con il musical <em>Maximilian, il Principe di Miramare<\/em> nel 2012-2013: musica e orchestrazione di Umberto Lupi e libretto e liriche di Edda Vidiz, rappresentato prima al Castello di Miramare quindi al Teatro Bobbio.<\/p>\n<p><a href=\"http:\/\/imagazinevideotruck.it\/outlet\/relink.html\" target=\"_top\" rel=\"noopener\"><img loading=\"lazy\" decoding=\"async\" align=\"LEFT\" height=\"250\" src=\"http:\/\/imagazinevideotruck.it\/outlet\/outlet30.gif\" width=\"300\" alt=\"\" title=\"\"><\/a><\/p>\n<p>\u00a0<\/p>\n<p>\u00a0<\/p>\n<p>\u00a0<\/p>\n<p>\u00a0<\/p>\n<p>\u00a0<\/p>\n<p>\u00a0<\/p>\n<p>\u00a0<\/p>\n<p>\u00a0<\/p>\n<p>\u00a0<\/p>\n<p>Nel 2018, in un concerto alla Piccola Fenice ha presentato l\u2019ultimo cd <em>Il rumore del cielo<\/em>: 16 brani, una sorta di diario di poesie in musica con le parole di Gianluca\u00a0 Soli e musiche di Lupi. Di recente \u00e8 nato un nuovo musical scritto da Soli e musicato da Lupi dal titolo <em>Der Sturm &#8211; Il rumore del cielo<\/em>, ambientato nel 1914, quando l\u201911 agosto part\u00ec da Trieste per Leopoli il 97\u00b0 con 3.500 giovani triestini.<\/p>\n","protected":false},"excerpt":{"rendered":"<p>Cerimonia in municipio<\/p>\n","protected":false},"author":28,"featured_media":29035,"comment_status":"closed","ping_status":"closed","sticky":false,"template":"","format":"standard","meta":{"dwc-title":[],"dwc-content":[],"footnotes":""},"categories":[37],"tags":[],"class_list":["post-29034","post","type-post","status-publish","format-standard","has-post-thumbnail","hentry","category-cultura-e-spettacolo"],"rttpg_featured_image_url":{"full":["https:\/\/imagazine.it\/wp-content\/uploads\/2024\/01\/28742-1.webp",750,500,false],"landscape":["https:\/\/imagazine.it\/wp-content\/uploads\/2024\/01\/28742-1.webp",750,500,false],"portraits":["https:\/\/imagazine.it\/wp-content\/uploads\/2024\/01\/28742-1.webp",750,500,false],"thumbnail":["https:\/\/imagazine.it\/wp-content\/uploads\/2024\/01\/28742-1-150x150.webp",150,150,true],"medium":["https:\/\/imagazine.it\/wp-content\/uploads\/2024\/01\/28742-1-300x200.webp",300,200,true],"large":["https:\/\/imagazine.it\/wp-content\/uploads\/2024\/01\/28742-1.webp",640,427,false],"thumblist":["https:\/\/imagazine.it\/wp-content\/uploads\/2024\/01\/28742-1.webp",300,200,false],"thumbrelated":["https:\/\/imagazine.it\/wp-content\/uploads\/2024\/01\/28742-1.webp",500,333,false],"meccarouselthumb":["https:\/\/imagazine.it\/wp-content\/uploads\/2024\/01\/28742-1.webp",474,316,false],"gridsquare":["https:\/\/imagazine.it\/wp-content\/uploads\/2024\/01\/28742-1.webp",391,260,false],"tileview":["https:\/\/imagazine.it\/wp-content\/uploads\/2024\/01\/28742-1.webp",300,200,false],"1536x1536":["https:\/\/imagazine.it\/wp-content\/uploads\/2024\/01\/28742-1.webp",750,500,false],"2048x2048":["https:\/\/imagazine.it\/wp-content\/uploads\/2024\/01\/28742-1.webp",750,500,false],"newsup-slider-full":["https:\/\/imagazine.it\/wp-content\/uploads\/2024\/01\/28742-1.webp",750,500,false],"newsup-featured":["https:\/\/imagazine.it\/wp-content\/uploads\/2024\/01\/28742-1.webp",750,500,false],"newsup-medium":["https:\/\/imagazine.it\/wp-content\/uploads\/2024\/01\/28742-1-720x380.webp",720,380,true],"tptn_thumbnail":["https:\/\/imagazine.it\/wp-content\/uploads\/2024\/01\/28742-1.webp",250,167,false],"sow-carousel-default":["https:\/\/imagazine.it\/wp-content\/uploads\/2024\/01\/28742-1-272x182.webp",272,182,true]},"rttpg_author":{"display_name":"redazione","author_link":"https:\/\/imagazine.it\/home_desk\/author\/redazione\/"},"rttpg_comment":0,"rttpg_category":"<a href=\"https:\/\/imagazine.it\/home_desk\/category\/cultura-e-spettacolo\/\" rel=\"category tag\">CULTURA&amp;SPETTACOLO<\/a>","rttpg_excerpt":"Cerimonia in municipio","_links":{"self":[{"href":"https:\/\/imagazine.it\/home_desk\/wp-json\/wp\/v2\/posts\/29034","targetHints":{"allow":["GET"]}}],"collection":[{"href":"https:\/\/imagazine.it\/home_desk\/wp-json\/wp\/v2\/posts"}],"about":[{"href":"https:\/\/imagazine.it\/home_desk\/wp-json\/wp\/v2\/types\/post"}],"author":[{"embeddable":true,"href":"https:\/\/imagazine.it\/home_desk\/wp-json\/wp\/v2\/users\/28"}],"replies":[{"embeddable":true,"href":"https:\/\/imagazine.it\/home_desk\/wp-json\/wp\/v2\/comments?post=29034"}],"version-history":[{"count":0,"href":"https:\/\/imagazine.it\/home_desk\/wp-json\/wp\/v2\/posts\/29034\/revisions"}],"wp:featuredmedia":[{"embeddable":true,"href":"https:\/\/imagazine.it\/home_desk\/wp-json\/wp\/v2\/media\/29035"}],"wp:attachment":[{"href":"https:\/\/imagazine.it\/home_desk\/wp-json\/wp\/v2\/media?parent=29034"}],"wp:term":[{"taxonomy":"category","embeddable":true,"href":"https:\/\/imagazine.it\/home_desk\/wp-json\/wp\/v2\/categories?post=29034"},{"taxonomy":"post_tag","embeddable":true,"href":"https:\/\/imagazine.it\/home_desk\/wp-json\/wp\/v2\/tags?post=29034"}],"curies":[{"name":"wp","href":"https:\/\/api.w.org\/{rel}","templated":true}]}}