{"id":29027,"date":"2019-03-07T00:00:00","date_gmt":"2019-03-06T23:00:00","guid":{"rendered":"https:\/\/imagazine.it\/?p=29027"},"modified":"2019-03-07T00:00:00","modified_gmt":"2019-03-06T23:00:00","slug":"le-pasticcerie-triestine-si-sfidano-in-tv","status":"publish","type":"post","link":"https:\/\/imagazine.it\/home_desk\/le-pasticcerie-triestine-si-sfidano-in-tv\/","title":{"rendered":"Le pasticcerie triestine si sfidano in TV"},"content":{"rendered":"<p>Andr\u00e0 in onda venerd\u00ec 8 marzo su Real Time &#8211; canale 31 del digitale terrestre \u2013 alle ore 21.10 la puntata di \u201cCake Star\u201d girata a Trieste lo scorso ottobre. Dopo il successo della prima stagione, <strong>Katia Follesa<\/strong>\u00a0e\u00a0<strong>Damiano Carrara<\/strong>\u00a0riprendono il loro viaggio alla ricerca delle migliori pasticcerie italiane in dodici nuove puntate ambientate in Versilia, Genova, Lecce, Bergamo, Firenze, Trieste, Modena, Perugia, Siracusa, Padova, Salerno e Roma.<\/p>\n<p>Le pasticcerie che si sono sfidate a colpi di dolci nella puntata triestina sono <strong>Pane Quotidiano<\/strong>, <strong>Zenzero e Cannella<\/strong> e <strong>Amelia Dolce q.b<\/strong>.. La troupe del programma, prodotto da Magnolia, ha immortalato per le esterne del programma gli angoli pi\u00f9 scenografici della citt\u00e0: dal molo Audace alle rive, passando per il castello di San Giusto e il canale di Ponterosso. Altre riprese hanno riguardato i laboratori delle pasticcerie coinvolte nella competizione, mentre la sfida finale \u00e8 stata registrata nella scenografica cornice del Salone degli Incanti, grazie alla collaborazione del Comune di Trieste.\u00a0<\/p>\n<p>Imminente anche la data di messa in onda di \u201cCucine da incubo\u201d, il format condotto dallo chef stellato <strong>Antonino Cannavacciuolo<\/strong> che a gennaio ha fatto tappa a Muggia per risollevare le sorti di un locale in difficolt\u00e0. Cinque le nuove puntate: si parte con Como luned\u00ec 18 marzo, mentre la puntata muggesana dovrebbe essere la terza e andare in onda luned\u00ec 1 aprile. In realt\u00e0, quello di Cannavacciuolo \u00e8 un ritorno a Muggia dove gi\u00e0 lo scorso ottobre aveva registrato una puntata di \u201cO\u2019 mare mio\u201d.<\/p>\n","protected":false},"excerpt":{"rendered":"<p>&#8220;Cake Star&#8221;<\/p>\n","protected":false},"author":28,"featured_media":29028,"comment_status":"closed","ping_status":"closed","sticky":false,"template":"","format":"standard","meta":{"dwc-title":[],"dwc-content":[],"footnotes":""},"categories":[37],"tags":[],"class_list":["post-29027","post","type-post","status-publish","format-standard","has-post-thumbnail","hentry","category-cultura-e-spettacolo"],"rttpg_featured_image_url":{"full":["https:\/\/imagazine.it\/wp-content\/uploads\/2024\/01\/28726-1.webp",750,494,false],"landscape":["https:\/\/imagazine.it\/wp-content\/uploads\/2024\/01\/28726-1.webp",750,494,false],"portraits":["https:\/\/imagazine.it\/wp-content\/uploads\/2024\/01\/28726-1.webp",750,494,false],"thumbnail":["https:\/\/imagazine.it\/wp-content\/uploads\/2024\/01\/28726-1-150x150.webp",150,150,true],"medium":["https:\/\/imagazine.it\/wp-content\/uploads\/2024\/01\/28726-1-300x198.webp",300,198,true],"large":["https:\/\/imagazine.it\/wp-content\/uploads\/2024\/01\/28726-1.webp",640,422,false],"thumblist":["https:\/\/imagazine.it\/wp-content\/uploads\/2024\/01\/28726-1.webp",300,198,false],"thumbrelated":["https:\/\/imagazine.it\/wp-content\/uploads\/2024\/01\/28726-1.webp",500,329,false],"meccarouselthumb":["https:\/\/imagazine.it\/wp-content\/uploads\/2024\/01\/28726-1.webp",474,312,false],"gridsquare":["https:\/\/imagazine.it\/wp-content\/uploads\/2024\/01\/28726-1.webp",391,258,false],"tileview":["https:\/\/imagazine.it\/wp-content\/uploads\/2024\/01\/28726-1.webp",300,198,false],"1536x1536":["https:\/\/imagazine.it\/wp-content\/uploads\/2024\/01\/28726-1.webp",750,494,false],"2048x2048":["https:\/\/imagazine.it\/wp-content\/uploads\/2024\/01\/28726-1.webp",750,494,false],"newsup-slider-full":["https:\/\/imagazine.it\/wp-content\/uploads\/2024\/01\/28726-1.webp",750,494,false],"newsup-featured":["https:\/\/imagazine.it\/wp-content\/uploads\/2024\/01\/28726-1.webp",750,494,false],"newsup-medium":["https:\/\/imagazine.it\/wp-content\/uploads\/2024\/01\/28726-1-720x380.webp",720,380,true],"tptn_thumbnail":["https:\/\/imagazine.it\/wp-content\/uploads\/2024\/01\/28726-1.webp",250,165,false],"sow-carousel-default":["https:\/\/imagazine.it\/wp-content\/uploads\/2024\/01\/28726-1-272x182.webp",272,182,true]},"rttpg_author":{"display_name":"redazione","author_link":"https:\/\/imagazine.it\/home_desk\/author\/redazione\/"},"rttpg_comment":0,"rttpg_category":"<a href=\"https:\/\/imagazine.it\/home_desk\/category\/cultura-e-spettacolo\/\" rel=\"category tag\">CULTURA&amp;SPETTACOLO<\/a>","rttpg_excerpt":"\"Cake Star\"","_links":{"self":[{"href":"https:\/\/imagazine.it\/home_desk\/wp-json\/wp\/v2\/posts\/29027","targetHints":{"allow":["GET"]}}],"collection":[{"href":"https:\/\/imagazine.it\/home_desk\/wp-json\/wp\/v2\/posts"}],"about":[{"href":"https:\/\/imagazine.it\/home_desk\/wp-json\/wp\/v2\/types\/post"}],"author":[{"embeddable":true,"href":"https:\/\/imagazine.it\/home_desk\/wp-json\/wp\/v2\/users\/28"}],"replies":[{"embeddable":true,"href":"https:\/\/imagazine.it\/home_desk\/wp-json\/wp\/v2\/comments?post=29027"}],"version-history":[{"count":0,"href":"https:\/\/imagazine.it\/home_desk\/wp-json\/wp\/v2\/posts\/29027\/revisions"}],"wp:featuredmedia":[{"embeddable":true,"href":"https:\/\/imagazine.it\/home_desk\/wp-json\/wp\/v2\/media\/29028"}],"wp:attachment":[{"href":"https:\/\/imagazine.it\/home_desk\/wp-json\/wp\/v2\/media?parent=29027"}],"wp:term":[{"taxonomy":"category","embeddable":true,"href":"https:\/\/imagazine.it\/home_desk\/wp-json\/wp\/v2\/categories?post=29027"},{"taxonomy":"post_tag","embeddable":true,"href":"https:\/\/imagazine.it\/home_desk\/wp-json\/wp\/v2\/tags?post=29027"}],"curies":[{"name":"wp","href":"https:\/\/api.w.org\/{rel}","templated":true}]}}