{"id":29023,"date":"2019-03-07T00:00:00","date_gmt":"2019-03-06T23:00:00","guid":{"rendered":"https:\/\/imagazine.it\/?p=29023"},"modified":"2019-03-07T00:00:00","modified_gmt":"2019-03-06T23:00:00","slug":"dal-jazz-al-rock-note-nuove-animano-il-friuli","status":"publish","type":"post","link":"https:\/\/imagazine.it\/home_desk\/dal-jazz-al-rock-note-nuove-animano-il-friuli\/","title":{"rendered":"Dal jazz al rock, Note Nuove animano il Friuli"},"content":{"rendered":"<p><strong><em>Note Nuove<\/em><\/strong><strong>, <\/strong>piattaforma di confronto delle trasformazioni della musica, giunta alla sua XII edizione, annuncia il programma primaverile, a cui seguir\u00e0 uno autunnale, e il suo trasferimento al Teatro Garzoni di Tricesimo, con il sostegno della Regione FVG e del Comune di Tricesimo.<\/p>\n<p><em>\u201cPer il nostro comune \u2013 <\/em>commenta l\u2019assessore alla cultura del Comune di Tricesimo,<strong> Alessandra Vanone<\/strong><em> \u2013 \u00e8 un onore ospitare Note Nuove. Per diverse serate il teatro &#8220;Luigi Garzoni&#8221; si animer\u00e0 con numerosi concerti che, spaziando dal jazz alla poesia cantautorale di De Andr\u00e9, passando per l&#39;omaggio al festival di Woodstock, sapranno parlare a un pubblico trasversale, eterogeneo per et\u00e0 e preparazione musicale, ma parimenti affamato di bellezza e suggestione\u201d.<\/em><\/p>\n<p>La serata inaugurale della rassegna si svolger\u00e0 <strong>il 15 marzo, con inizio alle 20 al Teatro Garzoni, <\/strong>con il concerto del<strong>\u00a0trio Opacipapa di Flavio Zanuttini\u00a0<\/strong>(tromba),<strong>\u00a0Piero Bittolo Bon\u00a0<\/strong>(sax alto)<strong>\u00a0e Marco D\u2019Orlando\u00a0<\/strong>(batteria). La band presenta in questa occasione la sua prima realizzazione discografica\u00a0<em>\u201cBorn Baby Born\u201d<\/em>.<\/p>\n<p>Si prosegue,\u00a0<strong>alle 21.30<\/strong>, con il concerto del trio di<strong>\u00a0John Surman, uno tra i pi\u00f9<\/strong>\u00a0<strong>prestigiosi e innovativi sassofonisti contemporanei<\/strong>. Nell\u2019intervallo tra le due esibizioni,\u00a0<strong>nel foyer del teatro, #euritmicasocial\u00a0<\/strong>propone un brindisi con gli artisti.<\/p>\n<p>La sera successiva,<strong>\u00a0sabato 16 marzo,\u00a0<\/strong>la formula dei\u00a0<strong>JazzWeekend<\/strong>, con due concerti a sera, propone sempre al<strong>\u00a0Garzoni: alle 20 MP Jazz Legacy 4et,\u00a0<\/strong>quartetto che rielabora composizioni di\u00a0<strong>autori vicini alla corrente del Cool Jazz, in particolare della costa occidentale degli Stati Uniti, inizi anni \u201950,\u00a0<\/strong>e presenta in anteprima un nuovo album,\u00a0<em>\u201cA cool way to say thank you\u201d.<\/em><\/p>\n<p><strong>Alle 22, il duo Claudio Cojaniz \/ Franco Feruglio <\/strong>propone in prima esecuzione per Note Nuove,<strong> \u201cBlue Question\u201d<\/strong>, costruito per il duo classico di pianoforte e contrabbasso.<\/p>\n<p><strong>Il 4 e il 5 aprile\u00a0<em>Note Nuove 12<\/em>\u00a0<\/strong>propone una due giorni dedicata a<strong>\u00a0Fabrizio De Andr\u00e9<\/strong>, a vent\u2019anni dalla sua scomparsa.\u00a0Si inizia\u00a0<strong>gioved\u00ec 4 aprile, alle 18<\/strong>, con un\u2019iniziativa alla<strong>\u00a0Scuola Superiore dell\u2019Universit\u00e0 degli Studi di Udine<\/strong>, a Palazzo Toppo Wassermann, dove il figlio\u00a0<strong>Cristiano<\/strong>\u00a0e il biografo<strong>\u00a0Alfredo Franchini<\/strong>\u00a0incontreranno gli studenti e il pubblico\u00a0per approfondire il significato attuale dell\u2019opera\u00a0<em>\u201cStoria di un impiegato\u201d<\/em>\u00a0scritta nel 1973 da Faber e\u00a0rielaborata ora da Cristiano (ingresso libero).<\/p>\n<p><strong>Alle 20.45, al Teatro Garzoni Tricesimo<\/strong>, \u00e8 in programma il concerto<strong>\u00a0\u201cIn Direzione Ostinata e Contraria\u201d\u00a0<\/strong>con le pi\u00f9 belle canzoni di Fabrizio De Andr\u00e8\u00a0raccontate e cantate dall<strong>\u2019ensemble vocale e strumentale coordinato da Giuseppe Tirelli,\u00a0<\/strong>voci soliste<strong>\u00a0Luisa Cottifogli e Cristina Mauro.<\/strong><\/p>\n<p><strong>Venerd\u00ec 5, alle 20.45, al Teatro Nuovo Giovanni da Udine,\u00a0<\/strong>sar\u00e0 la volta dell versione di\u00a0<strong>\u201c<em>Storia di un Impiegato<\/em><\/strong><em>\u201d<\/em><strong>\u00a0di Cristiano De Andr\u00e9, arrangiato come una vera e propria opera rock.\u00a0<\/strong>\u00a0<\/p>\n<p>L\u2019ultimo appuntamento in cartellone vuol celebrare il\u00a0<strong>cinquantesimo anniversario dello storico festival di Woodstock<\/strong>, la tre giorni di pace e musica rock che nel 1969 port\u00f2 nel paesino rurale di Bethel, oltre mezzo milione di persone e il meglio della musica dell\u2019epoca. <strong>Sabato 13 aprile, alle 20.30 al Garzoni di Tricesimo, i Love Caravan feat. Anthony Basso<\/strong>\u00a0presentano<strong>\u00a0&#8220;50th Woodstock Anniversary<\/strong>&#8220;.\u00a0La band, capitanata da\u00a0<strong>Anthony Basso<\/strong>, affermato chitarrista della scena Rock Blues internazionale, \u00e8 composta da dieci tra i migliori musicisti professionisti del Friuli Venezia Giulia. Si tratta del\u00a0<strong>primo progetto musicale italiano che nasce per celebrare questa importante ricorrenza<\/strong>, con omaggi a gruppi come\u00a0<strong>The Who, Creedence Clearwater Revival, Grateful Dead ed artisti come Jimi Hendrix, Santana, Crosby, Stills, Nash&#038;Young, Janis Joplin, Joe Cocker<\/strong>.<\/p>\n<p>Si rinnova, per tutti gli appuntamenti di Note Nuove 12 al\u00a0Teatro Garzoni di Tricesimo, la proposta di Euritmica che intende favorire la\u00a0partecipazione dei giovani ai concerti.\u00a0Gli studenti delle scuole di ogni ordine e grado (Conservatori inclusi) entreranno agli spettacoli a pagamento di NoteNuove con un biglietto speciale al prezzo simbolico di 1 euro.<\/p>\n<p>I biglietti per i concerti sono disponibili su\u00a0<strong>Ticketone (Storia di un impiegato), Vivaticket e circuito collegato<\/strong>, presso la sede di Euritmica (lun-ven ore 9-13 tel. +39 0432 1720214) o prenotabili via mail a\u00a0<a href=\"mailto:stampa@euritmica.it\" target=\"_blank\" rel=\"noopener\">stampa@euritmica.it<\/a>\u00a0\u2013 info e prezzi\u00a0<u><a href=\"http:\/\/www.euritmica.it\/\" target=\"_blank\" rel=\"noopener\">www.euritmica.it<\/a><\/u><\/p>\n","protected":false},"excerpt":{"rendered":"<p>Presentata la dodicesima edizione della rassegna<\/p>\n","protected":false},"author":28,"featured_media":29024,"comment_status":"closed","ping_status":"closed","sticky":false,"template":"","format":"standard","meta":{"dwc-title":[],"dwc-content":[],"footnotes":""},"categories":[37],"tags":[],"class_list":["post-29023","post","type-post","status-publish","format-standard","has-post-thumbnail","hentry","category-cultura-e-spettacolo"],"rttpg_featured_image_url":{"full":["https:\/\/imagazine.it\/wp-content\/uploads\/2024\/01\/28717-1.webp",750,561,false],"landscape":["https:\/\/imagazine.it\/wp-content\/uploads\/2024\/01\/28717-1.webp",750,561,false],"portraits":["https:\/\/imagazine.it\/wp-content\/uploads\/2024\/01\/28717-1.webp",750,561,false],"thumbnail":["https:\/\/imagazine.it\/wp-content\/uploads\/2024\/01\/28717-1-150x150.webp",150,150,true],"medium":["https:\/\/imagazine.it\/wp-content\/uploads\/2024\/01\/28717-1-300x224.webp",300,224,true],"large":["https:\/\/imagazine.it\/wp-content\/uploads\/2024\/01\/28717-1.webp",640,479,false],"thumblist":["https:\/\/imagazine.it\/wp-content\/uploads\/2024\/01\/28717-1.webp",300,224,false],"thumbrelated":["https:\/\/imagazine.it\/wp-content\/uploads\/2024\/01\/28717-1.webp",500,374,false],"meccarouselthumb":["https:\/\/imagazine.it\/wp-content\/uploads\/2024\/01\/28717-1.webp",433,324,false],"gridsquare":["https:\/\/imagazine.it\/wp-content\/uploads\/2024\/01\/28717-1.webp",348,260,false],"tileview":["https:\/\/imagazine.it\/wp-content\/uploads\/2024\/01\/28717-1.webp",300,224,false],"1536x1536":["https:\/\/imagazine.it\/wp-content\/uploads\/2024\/01\/28717-1.webp",750,561,false],"2048x2048":["https:\/\/imagazine.it\/wp-content\/uploads\/2024\/01\/28717-1.webp",750,561,false],"newsup-slider-full":["https:\/\/imagazine.it\/wp-content\/uploads\/2024\/01\/28717-1.webp",750,561,false],"newsup-featured":["https:\/\/imagazine.it\/wp-content\/uploads\/2024\/01\/28717-1.webp",750,561,false],"newsup-medium":["https:\/\/imagazine.it\/wp-content\/uploads\/2024\/01\/28717-1-720x380.webp",720,380,true],"tptn_thumbnail":["https:\/\/imagazine.it\/wp-content\/uploads\/2024\/01\/28717-1.webp",250,187,false],"sow-carousel-default":["https:\/\/imagazine.it\/wp-content\/uploads\/2024\/01\/28717-1-272x182.webp",272,182,true]},"rttpg_author":{"display_name":"redazione","author_link":"https:\/\/imagazine.it\/home_desk\/author\/redazione\/"},"rttpg_comment":0,"rttpg_category":"<a href=\"https:\/\/imagazine.it\/home_desk\/category\/cultura-e-spettacolo\/\" rel=\"category tag\">CULTURA&amp;SPETTACOLO<\/a>","rttpg_excerpt":"Presentata la dodicesima edizione della rassegna","_links":{"self":[{"href":"https:\/\/imagazine.it\/home_desk\/wp-json\/wp\/v2\/posts\/29023","targetHints":{"allow":["GET"]}}],"collection":[{"href":"https:\/\/imagazine.it\/home_desk\/wp-json\/wp\/v2\/posts"}],"about":[{"href":"https:\/\/imagazine.it\/home_desk\/wp-json\/wp\/v2\/types\/post"}],"author":[{"embeddable":true,"href":"https:\/\/imagazine.it\/home_desk\/wp-json\/wp\/v2\/users\/28"}],"replies":[{"embeddable":true,"href":"https:\/\/imagazine.it\/home_desk\/wp-json\/wp\/v2\/comments?post=29023"}],"version-history":[{"count":0,"href":"https:\/\/imagazine.it\/home_desk\/wp-json\/wp\/v2\/posts\/29023\/revisions"}],"wp:featuredmedia":[{"embeddable":true,"href":"https:\/\/imagazine.it\/home_desk\/wp-json\/wp\/v2\/media\/29024"}],"wp:attachment":[{"href":"https:\/\/imagazine.it\/home_desk\/wp-json\/wp\/v2\/media?parent=29023"}],"wp:term":[{"taxonomy":"category","embeddable":true,"href":"https:\/\/imagazine.it\/home_desk\/wp-json\/wp\/v2\/categories?post=29023"},{"taxonomy":"post_tag","embeddable":true,"href":"https:\/\/imagazine.it\/home_desk\/wp-json\/wp\/v2\/tags?post=29023"}],"curies":[{"name":"wp","href":"https:\/\/api.w.org\/{rel}","templated":true}]}}