{"id":29017,"date":"2019-03-06T00:00:00","date_gmt":"2019-03-05T23:00:00","guid":{"rendered":"https:\/\/imagazine.it\/?p=29017"},"modified":"2019-03-06T00:00:00","modified_gmt":"2019-03-05T23:00:00","slug":"il-friulano-sbarca-a-tokyo-via-web","status":"publish","type":"post","link":"https:\/\/imagazine.it\/home_desk\/il-friulano-sbarca-a-tokyo-via-web\/","title":{"rendered":"Il friulano sbarca a Tokyo. Via web"},"content":{"rendered":"<p>ARLeF ed Ente Friuli nel Mondo portano la lingua friulana a Tokyo. Ha preso avvio oggi il primo corso di lingua friulana \u201ca distanza\u201d, un progetto pilota per il Fogol\u00e2r Furlan nipponico, che i due enti contano di poter estendere presto anche ad altri Fogol\u00e2rs nel mondo.<\/p>\n<p>A fare gli auguri alla classe in occasione della prima lezione, c\u2019erano il direttore dell\u2019ARLeF <strong>William Cisilino<\/strong> e il presidente di Ente Friuli nel Mondo, <strong>Adriano Luci<\/strong>, accompagnato dalla vicepresidente <strong>Anna Pia De Luca<\/strong>. Tra gli alunni invece anche il presidente del Fogol\u00e2r di Tokyo, <strong>Flavio Parisi<\/strong>. La richiesta del corso \u00e8 partita proprio da lui ed \u00e8 stato il suo forte interesse a indurre l\u2019ARLeF ad attivare questa nuova modalit\u00e0 di formazione.<\/p>\n<p>Il corso \u2013 proprio perch\u00e9 sperimentale prende avvio con un gruppo ristretto \u2013 si tiene con cadenza settimanale fino a giugno, quando si concluder\u00e0 con il test finale. Obiettivo principale \u00e8 formare le competenze scritte e in particolare l\u2019uso della grafia ufficiale. In classe ci sono anche dei giapponesi che gi\u00e0 parlano la lingua friulana. Docente \u00e8 <strong>Michele Calligaris<\/strong>, che opera presso la sede centrale dello Sportello Regionale per la Lingua Friulana e ha al suo attivo una lunga esperienza. Le lezioni a distanza si svolgeranno in collegamento video, grazie alla disponibilit\u00e0 di una sala attrezzata presso la sede della Regione FVG di via Sabbadini.<\/p>\n<p>\u201cLa lingua friulana \u2013 afferma Eros Cisilino \u2013 \u00e8 parte della nostra identit\u00e0 e i nostri giovani, sia in Friuli che all\u2019estero, stanno dimostrando di tenere molto al friulano. Inoltre mi fa particolarmente piacere che tra gli alunni ci siano anche dei giapponesi appassionati della nostra lingua\u201d.<\/p>\n<p>\u201cSiamo estremamente soddisfatti di questa collaborazione \u2013 aggiunge Adriano Luci \u2013 e ringrazio l\u2019ARLeF per aver organizzato e promosso il corso. Grazie alla tecnologia oggi \u00e8 sicuramente pi\u00f9 facile tenere delle lezioni a distanza. Abbiamo gi\u00e0 ricevuto delle richieste da altri Fogol\u00e2rs, tra cui quello di Buenos Aires, e speriamo di poter dare presto un seguito a questo progetto\u201d.<\/p>\n<p>L\u2019avvio del corso \u00e8 stato preceduto nei giorni scorsi da un incontro tra Cisilino e Anna Pia De Luca, per condividere alcune riflessioni su nuovi progetti che legheranno i due enti nei prossimi mesi.<\/p>\n","protected":false},"excerpt":{"rendered":"<p>Collaborazione tra ARLeF ed Ente Friuli nel Mondo<\/p>\n","protected":false},"author":28,"featured_media":29018,"comment_status":"closed","ping_status":"closed","sticky":false,"template":"","format":"standard","meta":{"dwc-title":[],"dwc-content":[],"footnotes":""},"categories":[5],"tags":[],"class_list":["post-29017","post","type-post","status-publish","format-standard","has-post-thumbnail","hentry","category-attualita"],"rttpg_featured_image_url":{"full":["https:\/\/imagazine.it\/wp-content\/uploads\/2024\/01\/28694-1.webp",750,448,false],"landscape":["https:\/\/imagazine.it\/wp-content\/uploads\/2024\/01\/28694-1.webp",750,448,false],"portraits":["https:\/\/imagazine.it\/wp-content\/uploads\/2024\/01\/28694-1.webp",750,448,false],"thumbnail":["https:\/\/imagazine.it\/wp-content\/uploads\/2024\/01\/28694-1-150x150.webp",150,150,true],"medium":["https:\/\/imagazine.it\/wp-content\/uploads\/2024\/01\/28694-1-300x179.webp",300,179,true],"large":["https:\/\/imagazine.it\/wp-content\/uploads\/2024\/01\/28694-1.webp",640,382,false],"thumblist":["https:\/\/imagazine.it\/wp-content\/uploads\/2024\/01\/28694-1.webp",300,179,false],"thumbrelated":["https:\/\/imagazine.it\/wp-content\/uploads\/2024\/01\/28694-1.webp",500,299,false],"meccarouselthumb":["https:\/\/imagazine.it\/wp-content\/uploads\/2024\/01\/28694-1.webp",474,283,false],"gridsquare":["https:\/\/imagazine.it\/wp-content\/uploads\/2024\/01\/28694-1.webp",391,234,false],"tileview":["https:\/\/imagazine.it\/wp-content\/uploads\/2024\/01\/28694-1.webp",300,179,false],"1536x1536":["https:\/\/imagazine.it\/wp-content\/uploads\/2024\/01\/28694-1.webp",750,448,false],"2048x2048":["https:\/\/imagazine.it\/wp-content\/uploads\/2024\/01\/28694-1.webp",750,448,false],"newsup-slider-full":["https:\/\/imagazine.it\/wp-content\/uploads\/2024\/01\/28694-1.webp",750,448,false],"newsup-featured":["https:\/\/imagazine.it\/wp-content\/uploads\/2024\/01\/28694-1.webp",750,448,false],"newsup-medium":["https:\/\/imagazine.it\/wp-content\/uploads\/2024\/01\/28694-1-720x380.webp",720,380,true],"tptn_thumbnail":["https:\/\/imagazine.it\/wp-content\/uploads\/2024\/01\/28694-1.webp",250,149,false],"sow-carousel-default":["https:\/\/imagazine.it\/wp-content\/uploads\/2024\/01\/28694-1-272x182.webp",272,182,true]},"rttpg_author":{"display_name":"redazione","author_link":"https:\/\/imagazine.it\/home_desk\/author\/redazione\/"},"rttpg_comment":0,"rttpg_category":"<a href=\"https:\/\/imagazine.it\/home_desk\/category\/attualita\/\" rel=\"category tag\">ATTUALIT\u00c0<\/a>","rttpg_excerpt":"Collaborazione tra ARLeF ed Ente Friuli nel Mondo","_links":{"self":[{"href":"https:\/\/imagazine.it\/home_desk\/wp-json\/wp\/v2\/posts\/29017","targetHints":{"allow":["GET"]}}],"collection":[{"href":"https:\/\/imagazine.it\/home_desk\/wp-json\/wp\/v2\/posts"}],"about":[{"href":"https:\/\/imagazine.it\/home_desk\/wp-json\/wp\/v2\/types\/post"}],"author":[{"embeddable":true,"href":"https:\/\/imagazine.it\/home_desk\/wp-json\/wp\/v2\/users\/28"}],"replies":[{"embeddable":true,"href":"https:\/\/imagazine.it\/home_desk\/wp-json\/wp\/v2\/comments?post=29017"}],"version-history":[{"count":0,"href":"https:\/\/imagazine.it\/home_desk\/wp-json\/wp\/v2\/posts\/29017\/revisions"}],"wp:featuredmedia":[{"embeddable":true,"href":"https:\/\/imagazine.it\/home_desk\/wp-json\/wp\/v2\/media\/29018"}],"wp:attachment":[{"href":"https:\/\/imagazine.it\/home_desk\/wp-json\/wp\/v2\/media?parent=29017"}],"wp:term":[{"taxonomy":"category","embeddable":true,"href":"https:\/\/imagazine.it\/home_desk\/wp-json\/wp\/v2\/categories?post=29017"},{"taxonomy":"post_tag","embeddable":true,"href":"https:\/\/imagazine.it\/home_desk\/wp-json\/wp\/v2\/tags?post=29017"}],"curies":[{"name":"wp","href":"https:\/\/api.w.org\/{rel}","templated":true}]}}