{"id":29003,"date":"2019-03-05T00:00:00","date_gmt":"2019-03-04T23:00:00","guid":{"rendered":"https:\/\/imagazine.it\/?p=29003"},"modified":"2019-03-05T00:00:00","modified_gmt":"2019-03-04T23:00:00","slug":"udine-vola-con-la-grande-musica","status":"publish","type":"post","link":"https:\/\/imagazine.it\/home_desk\/udine-vola-con-la-grande-musica\/","title":{"rendered":"Udine vola con la grande musica"},"content":{"rendered":"<p>Annunciato oggi il calendario dell\u2019edizione 2019 di \u201c<strong>Udine Vola<\/strong>\u201c, contenitore musicale che animer\u00e0 l\u2019estate del <strong>Castello di Udine<\/strong>. A dare il via alla rassegna sar\u00e0 il cantautore romano <strong>Max Gazz\u00e8<\/strong> (4 luglio), seguito dalla band alternative rock <strong>Marlene Kuntz<\/strong> (16 luglio), dal trio di star del rap e della trap <strong>Achille Lauro<\/strong>, <strong>Madman<\/strong> e <strong>Priestess<\/strong> (sullo stesso palco il 25 luglio) e dalla serata evento dedicata a Battisti e Mogol con <strong>Canto Libero<\/strong>, che chiuder\u00e0 il calendario (31 luglio).<\/p>\n<p>\u201c<em>Siamo molto felici <\/em>\u2013 ha commentato l\u2019assessore alla Cultura del Comune di Udine <strong>Fabrizio Cigolot<\/strong> \u2013 <em>di poter proporre un calendario di eventi cos\u00ec vario e di qualit\u00e0 per l\u2019estate del Castello di Udine.<\/em> <em>Insieme all\u2019assessore al Turismo Maurizio Franz abbiamo pensato a un programma che possa accontentare un pubblico molto ampio, dai giovani ai meno giovani, per proporre serate di intrattenimento agli udinesi e per portare in citt\u00e0 migliaia di persone anche da fuori, fatto che generer\u00e0 sicuro ritorno positivo per il tessuto economico cittadino<\/em>\u201d.<\/p>\n<p>Il 2019 sar\u00e0 un anno on the road per <strong>Max Gazz\u00e8<\/strong>. L&#39;artista, con un annuncio sui social, ha anticipato ai fan il suo programma per i prossimi mesi: tornare al suo primo amore, la musica live, e girare l&#39;Italia in concerto. Cos\u00ec, dopo il tour per i 20 anni dell\u2019album pluripremiato \u201cLa Favola di Adamo ed Eva\u201d e il successo di \u201cAlchemaya\u201d, Gazz\u00e8 ritorna sul palco e il prossimo <strong>4 luglio<\/strong> sar\u00e0 al <strong>Castello di Udine<\/strong> dove porter\u00e0 un grande concerto con il suo intero repertorio, dagli inizi alle ultime hit. Insieme a lui, in questo nuovo viaggio, i suoi musicisti di sempre: <strong>Giorgio Baldi<\/strong> (Chitarre), <strong>Cristiano Micalizzi<\/strong> (Batteria), <strong>Clemente Ferrari<\/strong> (Tastiere) e <strong>Max Dedo<\/strong> (fiati) e una particolarissima sezione fiati. Bassista d\u2019eccezione, straordinario musicista, compositore di opere \u201csintoniche\u201d e colonne sonore, attore sporadico: <strong>Max Gazz\u00e8<\/strong> \u00e8 un artista capace di spostarsi in ambiti diversissimi sempre con successo.<\/p>\n<p>Nel 2019 i <strong>Marlene Kuntz<\/strong> compiono trent\u2019anni di attivit\u00e0, festeggiano il ventennale del loro terzo disco &#8211; \u201c<strong>Ho ucciso paranoia<\/strong>\u201d &#8211; e lo fanno in dieci concerti doppi. Ecco perch\u00e9 il titolo \u201c<strong>30 : 20 : 10 MK al quadrato<\/strong>\u201d. Marlene Kuntz al quadrato perch\u00e9 la band terr\u00e0 due concerti per ogni serata: un primo tutto acustico e un secondo tutto elettrico, per un totale di quasi tre ore di spettacolo. Laddove il concerto acustico sar\u00e0 un percorso intrigante nell\u2019ambito dell\u2019intera discografia, nell\u2019elettrico la band celebrer\u00e0 il ventennale del disco culto, \u201c<strong>Ho ucciso paranoia<\/strong>\u201d, suonandolo per intero. Un viaggio a ritroso ricco di emozioni che possono anche trasformarsi in nostalgia, ma una nostalgia densa di vitalit\u00e0 positiva e rigenerante. Dieci date in dieci luoghi particolarmente suggestivi, scelti appositamente per nobilitare l\u2019atmosfera spesso magica e densamente poetica che si verr\u00e0 a creare. Location estremamente affascinanti, tra queste il Castello di Udine, con il concerto del 19 luglio, una venue che si sposer\u00e0 perfettamente con la qualit\u00e0 del concerto proposto.<\/p>\n<p>Evento dedicato al pubblico giovane, ma non solo, quello che si svolger\u00e0 il <strong>25 luglio<\/strong> quando saranno ben tre gli artisti protagonisti: <strong>Achille Lauro<\/strong>, <strong>Madman<\/strong> e <strong>Priestess<\/strong>. Classe 1990, l\u2019artista romano <strong>Achille Lauro<\/strong> \u00e8 stato la sorpresa dell\u2019ultima edizione del Festival di Sanremo, dove ha ottenuto molti consensi con il brano \u201c<strong>Rolls Royce<\/strong>\u201d. Una sorpresa fino a un certo punto perch\u00e9 il rapper era gi\u00e0 molto conosciuto e amato da pubblico. Fra le sue pubblicazioni troviamo il primo mixtape &#8220;Barabba&#8221; (2013) e gli album &#8220;Ragazzi Madre&#8221; (2016) e \u201cPour l\u2019amour\u201d (2018). Classe \u201988, <strong>MadMan<\/strong> \u00e8 considerato uno degli artisti pi\u00f9 talentuosi della scena rap italiana. Grazie al proprio talento e alle rime taglienti, \u00e8 protagonista di un percorso artistico in ascesa. Il 2 febbraio 2018 pubblica l\u2019album \u201cBack Home\u201d, certificato oro ad un mese dall&#39;uscita. L\u20191 febbraio 2019 viene rilasciato \u201cMM Vol. 3\u201d, terzo volume della serie di mixtape solisti di MadMan, anticipato dai singoli \u201c7\/8 Sour\u201d e \u201cSupernova\u201d. <strong>Priestess<\/strong>, classe 1996, \u00e8 fra le pi\u00f9 promettenti artiste della scena urban in Italia, con un progetto musicale unico e innovativo che unisce sonorit\u00e0 hip-hop e trap al suo talento nel canto. Dopo le collaborazioni con Madman e Gemitaiz a fine 2018 pubblica i suoi primi singoli: \u201cEva\u201d e \u201cFata Morgana\u201d a novembre, anticipazioni del suo primo album la cui uscita \u00e8 prevista nel 2019. Tre artisti per un evento nell\u2019evento.<\/p>\n<p><strong>Canto Libero<\/strong>: non un semplice concerto ma un grande spettacolo che omaggia il periodo d\u2019oro della storica accoppiata <strong>Mogol \u2013 Battisti<\/strong>. Sul palco del Castello il <strong>31 luglio<\/strong> salir\u00e0 un ensemble di grandi musicisti porta avanti questo progetto con grande determinazione, riuscendo a riempire piazze e teatri in giro per l\u2019Italia (e anche in Slovenia, Croazia e Montenegro. Nato da un\u2019idea di <strong>Fabio \u201cRed\u201d Rosso<\/strong>, gi\u00e0 lead vocalist di varie band, e la direzione di <strong>Giovanni Vianelli<\/strong> lo spettacolo omaggia s\u00ec Battisti e Mogol, ma va ben oltre alla semplice esecuzione di cover dei brani dei classici del repertorio dei due. <strong>Canto Libero<\/strong>, infatti, rilegge gli originali mantenendo una certa aderenza ma cercando di non risultare mera copia, mettendoci la propria personalit\u00e0 e sensibilit\u00e0 musicale e facendo emergere anche tutta l\u2019anima blues e rock che Battisti aveva.<\/p>\n<p>Info: <u><a href=\"http:\/\/www.azalea.it\" target=\"_blank\" rel=\"noopener\">www.azalea.it<\/a><\/u><\/p>\n","protected":false},"excerpt":{"rendered":"<p>Quattro appuntamenti dal 4 al 31 luglio<\/p>\n","protected":false},"author":28,"featured_media":29004,"comment_status":"closed","ping_status":"closed","sticky":false,"template":"","format":"standard","meta":{"dwc-title":[],"dwc-content":[],"footnotes":""},"categories":[37],"tags":[],"class_list":["post-29003","post","type-post","status-publish","format-standard","has-post-thumbnail","hentry","category-cultura-e-spettacolo"],"rttpg_featured_image_url":{"full":["https:\/\/imagazine.it\/wp-content\/uploads\/2024\/01\/28664-1.webp",750,502,false],"landscape":["https:\/\/imagazine.it\/wp-content\/uploads\/2024\/01\/28664-1.webp",750,502,false],"portraits":["https:\/\/imagazine.it\/wp-content\/uploads\/2024\/01\/28664-1.webp",750,502,false],"thumbnail":["https:\/\/imagazine.it\/wp-content\/uploads\/2024\/01\/28664-1-150x150.webp",150,150,true],"medium":["https:\/\/imagazine.it\/wp-content\/uploads\/2024\/01\/28664-1-300x201.webp",300,201,true],"large":["https:\/\/imagazine.it\/wp-content\/uploads\/2024\/01\/28664-1.webp",640,428,false],"thumblist":["https:\/\/imagazine.it\/wp-content\/uploads\/2024\/01\/28664-1.webp",300,201,false],"thumbrelated":["https:\/\/imagazine.it\/wp-content\/uploads\/2024\/01\/28664-1.webp",500,335,false],"meccarouselthumb":["https:\/\/imagazine.it\/wp-content\/uploads\/2024\/01\/28664-1.webp",474,317,false],"gridsquare":["https:\/\/imagazine.it\/wp-content\/uploads\/2024\/01\/28664-1.webp",388,260,false],"tileview":["https:\/\/imagazine.it\/wp-content\/uploads\/2024\/01\/28664-1.webp",300,201,false],"1536x1536":["https:\/\/imagazine.it\/wp-content\/uploads\/2024\/01\/28664-1.webp",750,502,false],"2048x2048":["https:\/\/imagazine.it\/wp-content\/uploads\/2024\/01\/28664-1.webp",750,502,false],"newsup-slider-full":["https:\/\/imagazine.it\/wp-content\/uploads\/2024\/01\/28664-1.webp",750,502,false],"newsup-featured":["https:\/\/imagazine.it\/wp-content\/uploads\/2024\/01\/28664-1.webp",750,502,false],"newsup-medium":["https:\/\/imagazine.it\/wp-content\/uploads\/2024\/01\/28664-1-720x380.webp",720,380,true],"tptn_thumbnail":["https:\/\/imagazine.it\/wp-content\/uploads\/2024\/01\/28664-1.webp",250,167,false],"sow-carousel-default":["https:\/\/imagazine.it\/wp-content\/uploads\/2024\/01\/28664-1-272x182.webp",272,182,true]},"rttpg_author":{"display_name":"redazione","author_link":"https:\/\/imagazine.it\/home_desk\/author\/redazione\/"},"rttpg_comment":0,"rttpg_category":"<a href=\"https:\/\/imagazine.it\/home_desk\/category\/cultura-e-spettacolo\/\" rel=\"category tag\">CULTURA&amp;SPETTACOLO<\/a>","rttpg_excerpt":"Quattro appuntamenti dal 4 al 31 luglio","_links":{"self":[{"href":"https:\/\/imagazine.it\/home_desk\/wp-json\/wp\/v2\/posts\/29003","targetHints":{"allow":["GET"]}}],"collection":[{"href":"https:\/\/imagazine.it\/home_desk\/wp-json\/wp\/v2\/posts"}],"about":[{"href":"https:\/\/imagazine.it\/home_desk\/wp-json\/wp\/v2\/types\/post"}],"author":[{"embeddable":true,"href":"https:\/\/imagazine.it\/home_desk\/wp-json\/wp\/v2\/users\/28"}],"replies":[{"embeddable":true,"href":"https:\/\/imagazine.it\/home_desk\/wp-json\/wp\/v2\/comments?post=29003"}],"version-history":[{"count":0,"href":"https:\/\/imagazine.it\/home_desk\/wp-json\/wp\/v2\/posts\/29003\/revisions"}],"wp:featuredmedia":[{"embeddable":true,"href":"https:\/\/imagazine.it\/home_desk\/wp-json\/wp\/v2\/media\/29004"}],"wp:attachment":[{"href":"https:\/\/imagazine.it\/home_desk\/wp-json\/wp\/v2\/media?parent=29003"}],"wp:term":[{"taxonomy":"category","embeddable":true,"href":"https:\/\/imagazine.it\/home_desk\/wp-json\/wp\/v2\/categories?post=29003"},{"taxonomy":"post_tag","embeddable":true,"href":"https:\/\/imagazine.it\/home_desk\/wp-json\/wp\/v2\/tags?post=29003"}],"curies":[{"name":"wp","href":"https:\/\/api.w.org\/{rel}","templated":true}]}}