{"id":28999,"date":"2019-03-04T00:00:00","date_gmt":"2019-03-03T23:00:00","guid":{"rendered":"https:\/\/imagazine.it\/?p=28999"},"modified":"2019-03-04T00:00:00","modified_gmt":"2019-03-03T23:00:00","slug":"la-metamorphosis-di-gabriele-dalonzo","status":"publish","type":"post","link":"https:\/\/imagazine.it\/home_desk\/la-metamorphosis-di-gabriele-dalonzo\/","title":{"rendered":"La &#8220;Metamorphosis&#8221; di Gabriele D&#8217;Alonzo"},"content":{"rendered":"<p>Si intitola \u201cMetamorphosis\u201d il nuovo album del pianista monfalconese <strong>Gabriele D&#39;Alonzo<\/strong>, in uscita per RNC music. Composto da dieci brani, questa &#8220;mutazione&#8221; nata sulle radici di &#8220;#INTROSPECTIVE&#8221;, precedente lavoro dell\u2019artista classe 1979.<\/p>\n<p>&#8220;Il nuovo progetto musicale \u2013 racconta D\u2019Alonzo \u2013 \u00e8 \u00a0iniziato durante la fase promozionale e sperimentale di #INTROSPECTIVE, e mi ha permesso di incontrare e conoscere musicisti professionisti. All&#39;&#39;Auditorium della Casa della Musica di Roma, durante una performance improvvisata del brano #INTROSPECTIVE, \u00a0la cantante lirica Laila Santangelo \u00e8 stata catturata dalla mia musica e cos\u00ec ha improvvisato una sua performance accompagnandomi con una melodia il brano che stavo suonando. \u00c8 nata un&#39;amicizia che mi ha dato l&#39;ispirazione per scrivere \u201cFragile\u201d, uno dei brani presenti in <em>Metamorphosis\u201d<\/em>.\u00a0<\/p>\n<p>Il resto lo hanno fatto le nuove tecnologie. \u201cAttraverso i social media \u2013 prosegue D\u2019Alonzo \u2013 ho avuto l&#39;opportunit\u00e0 di entrare in contatto con il violinista, compositore e arrangiatore Stefano Zeni, collaboratore di Eugenio Finardi, Antonella Ruggiero, Fabio Concato per citarne alcuni, e fin da subito \u00e8 iniziata una bellissima intesa, condividendo sintonia e sinergia in comunione. Da l\u00ec la mia scelta di affidargli alcuni arrangiamenti di archi e solo, inseriti nell&#39;album,\u00a0e registrati nel suo studio di Desenzano del Garda\u201d.<\/p>\n<p>Anche il Friuli Venezia Giulia resta l\u2019anima del lavoro: \u201c<em>Metamorphosis<\/em> \u2013 conclude il pianista \u2013 \u00e8 stato registrato prevalentemente nel mio home studio, con il pianoforte \u00a0e il mio inseparabile computer, con impegno e determinazione, sotto la costante supervisione di <strong>Francesco Franz Contadini<\/strong>, noto produttore, pianista e Dj, a cui ho affidato il mixing e il mastering, realizzati nel suo studio di registrazione SuperSonicStudio di Cervignano del Friuli, ottenendo cos\u00ec un sound innovativo e alternativo. Mi ritengo pienamente soddisfatto del risultato finale&#8221;.<\/p>\n<p>Il rapporto di Gabriele D\u2019Alonzo con la musica inizia precocemente a tredici anni. Durante le sue prime performance artistiche musicali con giovani band pop-rock del territorio isontino, alla fine degli anni \u201890 decide di approfondire questa innata passione.\u00a0Inizia cos\u00ec a comporre musica molto presto, dopo l&#39;approccio con gli studi di pianoforte classico e con diversi stili musicali. Nel corso degli anni continua a suonare con gruppi locali e collabora a progetti musicali sperimentando generi diversi. Oggi il suo stile musicale contemporaneo e spontaneo si basa principalmente sul pianoforte. La sua musica \u00e8 caratterizzata da una velata malinconia, da un romanticismo sottolineato da note emozionali, melodie che lo distinguono e lo contraddistinguono.\u00a0Il suo primo album da solista, \u00a0&#8220;#INTROSPECTIVE&#8221;, nasce autoprodotto nel 2015.\u00a0<\/p>\n","protected":false},"excerpt":{"rendered":"<p>Pubblicato il suo nuovo lavoro<\/p>\n","protected":false},"author":28,"featured_media":29000,"comment_status":"closed","ping_status":"closed","sticky":false,"template":"","format":"standard","meta":{"dwc-title":[],"dwc-content":[],"footnotes":""},"categories":[37],"tags":[],"class_list":["post-28999","post","type-post","status-publish","format-standard","has-post-thumbnail","hentry","category-cultura-e-spettacolo"],"rttpg_featured_image_url":{"full":["https:\/\/imagazine.it\/wp-content\/uploads\/2024\/01\/28649-1.webp",750,552,false],"landscape":["https:\/\/imagazine.it\/wp-content\/uploads\/2024\/01\/28649-1.webp",750,552,false],"portraits":["https:\/\/imagazine.it\/wp-content\/uploads\/2024\/01\/28649-1.webp",750,552,false],"thumbnail":["https:\/\/imagazine.it\/wp-content\/uploads\/2024\/01\/28649-1-150x150.webp",150,150,true],"medium":["https:\/\/imagazine.it\/wp-content\/uploads\/2024\/01\/28649-1-300x221.webp",300,221,true],"large":["https:\/\/imagazine.it\/wp-content\/uploads\/2024\/01\/28649-1.webp",640,471,false],"thumblist":["https:\/\/imagazine.it\/wp-content\/uploads\/2024\/01\/28649-1.webp",300,221,false],"thumbrelated":["https:\/\/imagazine.it\/wp-content\/uploads\/2024\/01\/28649-1.webp",500,368,false],"meccarouselthumb":["https:\/\/imagazine.it\/wp-content\/uploads\/2024\/01\/28649-1.webp",440,324,false],"gridsquare":["https:\/\/imagazine.it\/wp-content\/uploads\/2024\/01\/28649-1.webp",353,260,false],"tileview":["https:\/\/imagazine.it\/wp-content\/uploads\/2024\/01\/28649-1.webp",300,221,false],"1536x1536":["https:\/\/imagazine.it\/wp-content\/uploads\/2024\/01\/28649-1.webp",750,552,false],"2048x2048":["https:\/\/imagazine.it\/wp-content\/uploads\/2024\/01\/28649-1.webp",750,552,false],"newsup-slider-full":["https:\/\/imagazine.it\/wp-content\/uploads\/2024\/01\/28649-1.webp",750,552,false],"newsup-featured":["https:\/\/imagazine.it\/wp-content\/uploads\/2024\/01\/28649-1.webp",750,552,false],"newsup-medium":["https:\/\/imagazine.it\/wp-content\/uploads\/2024\/01\/28649-1-720x380.webp",720,380,true],"tptn_thumbnail":["https:\/\/imagazine.it\/wp-content\/uploads\/2024\/01\/28649-1.webp",250,184,false],"sow-carousel-default":["https:\/\/imagazine.it\/wp-content\/uploads\/2024\/01\/28649-1-272x182.webp",272,182,true]},"rttpg_author":{"display_name":"redazione","author_link":"https:\/\/imagazine.it\/home_desk\/author\/redazione\/"},"rttpg_comment":0,"rttpg_category":"<a href=\"https:\/\/imagazine.it\/home_desk\/category\/cultura-e-spettacolo\/\" rel=\"category tag\">CULTURA&amp;SPETTACOLO<\/a>","rttpg_excerpt":"Pubblicato il suo nuovo lavoro","_links":{"self":[{"href":"https:\/\/imagazine.it\/home_desk\/wp-json\/wp\/v2\/posts\/28999","targetHints":{"allow":["GET"]}}],"collection":[{"href":"https:\/\/imagazine.it\/home_desk\/wp-json\/wp\/v2\/posts"}],"about":[{"href":"https:\/\/imagazine.it\/home_desk\/wp-json\/wp\/v2\/types\/post"}],"author":[{"embeddable":true,"href":"https:\/\/imagazine.it\/home_desk\/wp-json\/wp\/v2\/users\/28"}],"replies":[{"embeddable":true,"href":"https:\/\/imagazine.it\/home_desk\/wp-json\/wp\/v2\/comments?post=28999"}],"version-history":[{"count":0,"href":"https:\/\/imagazine.it\/home_desk\/wp-json\/wp\/v2\/posts\/28999\/revisions"}],"wp:featuredmedia":[{"embeddable":true,"href":"https:\/\/imagazine.it\/home_desk\/wp-json\/wp\/v2\/media\/29000"}],"wp:attachment":[{"href":"https:\/\/imagazine.it\/home_desk\/wp-json\/wp\/v2\/media?parent=28999"}],"wp:term":[{"taxonomy":"category","embeddable":true,"href":"https:\/\/imagazine.it\/home_desk\/wp-json\/wp\/v2\/categories?post=28999"},{"taxonomy":"post_tag","embeddable":true,"href":"https:\/\/imagazine.it\/home_desk\/wp-json\/wp\/v2\/tags?post=28999"}],"curies":[{"name":"wp","href":"https:\/\/api.w.org\/{rel}","templated":true}]}}