{"id":28981,"date":"2019-02-28T00:00:00","date_gmt":"2019-02-27T23:00:00","guid":{"rendered":"https:\/\/imagazine.it\/?p=28981"},"modified":"2019-02-28T00:00:00","modified_gmt":"2019-02-27T23:00:00","slug":"promuovere-il-fvg-attraverso-lenogastronomia","status":"publish","type":"post","link":"https:\/\/imagazine.it\/home_desk\/promuovere-il-fvg-attraverso-lenogastronomia\/","title":{"rendered":"Promuovere il FVG attraverso l&#8217;enogastronomia"},"content":{"rendered":"<p><strong>Si \u00e8 tenuto a Udine un tavolo di lavoro tra PromoTurismoFVG, Ersa e circa trenta realt\u00e0 regionali consortili operanti nel comparto enogastronomico<\/strong>\u00a0del Friuli Venezia Giulia: sono consorzi e associazioni del vino e dei prodotti agroalimentari e altri attori rappresentativi del settore. Obiettivo dell\u2019incontro \u00e8 quello di proseguire, con la massima condivisione, il\u00a0<strong>passaggio di consegne tra i due enti regionali delle attivit\u00e0 di promozione dell\u2019enogastronomia<\/strong>\u00a0e in particolare degli\u00a0<strong>eventi\u00a0<\/strong><strong>business to consumer<\/strong>\u00a0rivolti al pubblico finale e al turista, come previsto dalla delibera della giunta regionale n. 201 dell\u20198 febbraio 2019.<\/p>\n<p>Il tavolo sar\u00e0 in particolare un\u2019occasione di\u00a0<strong>ascolto del territorio<\/strong>\u00a0per riflettere su cosa mantenere, rivedere o ripensare della passata programmazione, in modo da attivare un piano strategico pluriennale ai fini della\u00a0<strong>promozione sinergica<\/strong>\u00a0del settore agroalimentare con quello turistico in regione, in Italia e a livello internazionale.<\/p>\n<p>\u201cAbbiamo voluto convocare gli operatori e i portatori di interesse (stakeholder) del mondo vitivinicolo e agroalimentare del Friuli Venezia Giulia \u2013 dichiara\u00a0<strong>Lucio Gomiero, direttore generale di PromoTurismoFVG<\/strong> \u2013 affinch\u00e9 le future azioni di PromoTurismoFVG siano il pi\u00f9 possibile condivise. Saranno gli stakeholder a darci gli spunti per il futuro, perch\u00e9 sono loro a vivere tutti i giorni il settore: compito nostro sar\u00e0 poi tradurre le esigenze in strategie precise e azioni concrete che uniscano la promozione enogastronomica a quella turistica. Sempre di pi\u00f9 l\u2019esperienza enogastronomica \u00e8 un motivo di viaggio per il turista e i nostri brand, come ad esempio il San Daniele, il Collio, il Montasio, possono essere fattori attrattivi. Ringrazio Ersa per il grande lavoro condotto nel settore fino a oggi, con loro continueremo una condivisione sui diversi compiti\u201d.<\/p>\n<p>Dal canto suo\u00a0<strong>Daniele Damele<\/strong>,\u00a0<strong>direttore del Servizio promozione, marketing e statistica agraria di Ersa<\/strong>, ha evidenziato la sinergia in atto tra i due enti al fine di favorire la collaborazione promozionale del comparto agroalimentare, pronto a raccogliere le sfide economiche del futuro.<\/p>\n<p>Per il\u00a0<strong>2019<\/strong>\u00a0PromoTurismoFVG dar\u00e0 soprattutto\u00a0<strong>continuit\u00e0 nella gestione delle attivit\u00e0<\/strong>, seguendo il tracciato impostato da Ersa, inserendo per\u00f2 gi\u00e0\u00a0<strong>alcuni elementi di novit\u00e0<\/strong>. L\u2019evento che ha inaugurato ufficialmente l\u2019inizio delle attivit\u00e0 di PromoTurismoFVG in questo ambito \u00e8 stata la partecipazione alla fiera Cucinare di Pordenone di febbraio, ma si \u00e8 gi\u00e0 visto il\u00a0<strong>potenziamento della presenza dell\u2019offerta\u00a0<\/strong><strong>food&#038;wine<\/strong>\u00a0nel corso di un grande evento organizzato dall\u2019ente a\u00a0<strong>Londra\u00a0<\/strong>a novembre nel contesto del WTM e nelle ultime fiere turistiche, come la\u00a0<strong>BIT di Milano<\/strong>\u00a0e la prossima\u00a0<strong>ITB di Berlino<\/strong>, dove sar\u00e0 dato ampio spazio alle eccellenze enogastronomiche davanti a un pubblico di giornalisti e tour operatori.<\/p>\n<p>Una new entry tra gli appuntamenti legati alla promozione enogastronomica, realizzata oltre i confini regionali per un pubblico prevalentemente veneto, \u00e8 poi la\u00a0<strong>collaborazione con\u00a0il Me.Me. Agrimercato di Mestre\u00a0<\/strong>dove, per tutto il mese di marzo, sar\u00e0 possibile compiere un viaggio esperienziale attraverso i sapori del Friuli Venezia Giulia, acquistando prodotti tipici direttamente dai produttori e partecipando a degustazioni, incontri, cene a tema e una cena stellata a quattro mani.<\/p>\n","protected":false},"excerpt":{"rendered":"<p>Incontro a Udine<\/p>\n","protected":false},"author":6,"featured_media":28982,"comment_status":"closed","ping_status":"closed","sticky":false,"template":"","format":"standard","meta":{"dwc-title":[],"dwc-content":[],"footnotes":""},"categories":[8],"tags":[],"class_list":["post-28981","post","type-post","status-publish","format-standard","has-post-thumbnail","hentry","category-turismo"],"rttpg_featured_image_url":{"full":["https:\/\/imagazine.it\/wp-content\/uploads\/2024\/01\/28518-1.webp",750,509,false],"landscape":["https:\/\/imagazine.it\/wp-content\/uploads\/2024\/01\/28518-1.webp",750,509,false],"portraits":["https:\/\/imagazine.it\/wp-content\/uploads\/2024\/01\/28518-1.webp",750,509,false],"thumbnail":["https:\/\/imagazine.it\/wp-content\/uploads\/2024\/01\/28518-1-150x150.webp",150,150,true],"medium":["https:\/\/imagazine.it\/wp-content\/uploads\/2024\/01\/28518-1-300x204.webp",300,204,true],"large":["https:\/\/imagazine.it\/wp-content\/uploads\/2024\/01\/28518-1.webp",640,434,false],"thumblist":["https:\/\/imagazine.it\/wp-content\/uploads\/2024\/01\/28518-1.webp",300,204,false],"thumbrelated":["https:\/\/imagazine.it\/wp-content\/uploads\/2024\/01\/28518-1.webp",500,339,false],"meccarouselthumb":["https:\/\/imagazine.it\/wp-content\/uploads\/2024\/01\/28518-1.webp",474,322,false],"gridsquare":["https:\/\/imagazine.it\/wp-content\/uploads\/2024\/01\/28518-1.webp",383,260,false],"tileview":["https:\/\/imagazine.it\/wp-content\/uploads\/2024\/01\/28518-1.webp",300,204,false],"1536x1536":["https:\/\/imagazine.it\/wp-content\/uploads\/2024\/01\/28518-1.webp",750,509,false],"2048x2048":["https:\/\/imagazine.it\/wp-content\/uploads\/2024\/01\/28518-1.webp",750,509,false],"newsup-slider-full":["https:\/\/imagazine.it\/wp-content\/uploads\/2024\/01\/28518-1.webp",750,509,false],"newsup-featured":["https:\/\/imagazine.it\/wp-content\/uploads\/2024\/01\/28518-1.webp",750,509,false],"newsup-medium":["https:\/\/imagazine.it\/wp-content\/uploads\/2024\/01\/28518-1-720x380.webp",720,380,true],"tptn_thumbnail":["https:\/\/imagazine.it\/wp-content\/uploads\/2024\/01\/28518-1.webp",250,170,false],"sow-carousel-default":["https:\/\/imagazine.it\/wp-content\/uploads\/2024\/01\/28518-1-272x182.webp",272,182,true]},"rttpg_author":{"display_name":"Andrea Zuttion","author_link":"https:\/\/imagazine.it\/home_desk\/author\/andreaz\/"},"rttpg_comment":0,"rttpg_category":"<a href=\"https:\/\/imagazine.it\/home_desk\/category\/turismo\/\" rel=\"category tag\">TURISMO<\/a>","rttpg_excerpt":"Incontro a Udine","_links":{"self":[{"href":"https:\/\/imagazine.it\/home_desk\/wp-json\/wp\/v2\/posts\/28981","targetHints":{"allow":["GET"]}}],"collection":[{"href":"https:\/\/imagazine.it\/home_desk\/wp-json\/wp\/v2\/posts"}],"about":[{"href":"https:\/\/imagazine.it\/home_desk\/wp-json\/wp\/v2\/types\/post"}],"author":[{"embeddable":true,"href":"https:\/\/imagazine.it\/home_desk\/wp-json\/wp\/v2\/users\/6"}],"replies":[{"embeddable":true,"href":"https:\/\/imagazine.it\/home_desk\/wp-json\/wp\/v2\/comments?post=28981"}],"version-history":[{"count":0,"href":"https:\/\/imagazine.it\/home_desk\/wp-json\/wp\/v2\/posts\/28981\/revisions"}],"wp:featuredmedia":[{"embeddable":true,"href":"https:\/\/imagazine.it\/home_desk\/wp-json\/wp\/v2\/media\/28982"}],"wp:attachment":[{"href":"https:\/\/imagazine.it\/home_desk\/wp-json\/wp\/v2\/media?parent=28981"}],"wp:term":[{"taxonomy":"category","embeddable":true,"href":"https:\/\/imagazine.it\/home_desk\/wp-json\/wp\/v2\/categories?post=28981"},{"taxonomy":"post_tag","embeddable":true,"href":"https:\/\/imagazine.it\/home_desk\/wp-json\/wp\/v2\/tags?post=28981"}],"curies":[{"name":"wp","href":"https:\/\/api.w.org\/{rel}","templated":true}]}}