{"id":28971,"date":"2019-02-27T00:00:00","date_gmt":"2019-02-26T23:00:00","guid":{"rendered":"https:\/\/imagazine.it\/?p=28971"},"modified":"2019-02-27T00:00:00","modified_gmt":"2019-02-26T23:00:00","slug":"udine-universita-e-promoturismo-insieme-per-lo-sviluppo-turistico","status":"publish","type":"post","link":"https:\/\/imagazine.it\/home_desk\/udine-universita-e-promoturismo-insieme-per-lo-sviluppo-turistico\/","title":{"rendered":"Udine, Universit\u00e0 e Promoturismo insieme per lo sviluppo turistico"},"content":{"rendered":"<p><strong>Universit\u00e0 di Udine<\/strong> e <strong>PromoTurismo FVG<\/strong> scendono in campo unite per lo sviluppo del turismo regionale. Questo pomeriggio il rettore <strong>Alberto De Toni<\/strong> e il direttore generale <strong>Lucio Gomiero<\/strong> hanno sottoscritto a palazzo Florio una convenzione quadro di durata biennale, rinnovabile, che vedr\u00e0 impegnati i due enti nel promuovere e sostenere, ciascuno con le proprie competenze, la valorizzazione del territorio regionale in tutte le sue declinazioni di interesse turistico. L\u2019accordo indica le priorit\u00e0 delle politiche turistiche regionali come declinate da PromoTurismo, incrociandole con alcune delle competenze che l\u2019Universit\u00e0 di Udine \u00e8 in grado di offrire. Per l\u2019Ateneo friulano, il braccio operativo sar\u00e0 l\u2019<strong>Osservatorio Turismo e Territorio<\/strong>, nato nell\u2019ambito del progetto \u201c<strong>Cantiere Friuli<\/strong>\u201d grazie al sostegno della Fondazione Friuli, che da subito, nella persona del suo presidente <strong>Giuseppe Morandini<\/strong>, ne ha condiviso l\u2019importanza degli obiettivi.<\/p>\n<p>La collaborazione si focalizzer\u00e0 inizialmente su <strong>sei settori<\/strong>. Il <strong>turismo culturale<\/strong>, con una valutazione sullo stato dell\u2019arte del progetto relativo alla FVG Card, con possibili implementazioni delle sue funzionalit\u00e0 e analisi qualitative dei fruitori, sia turisti che residenti. Il <strong>turismo enogastronomico<\/strong>, con la raccolta e analisi dati del flusso di turismo sulla Strada del Vino e dei Sapori e un\u2019indagine conoscitiva del profilo del turista enogastronomico. Il <strong>turismo religioso<\/strong>, e in particolare il progetto \u201cWalkart\u201d, con un\u2019indagine quantitativa sulla provenienza e i bisogni del camminatore in un\u2019ottica di turismo slow e sulle prospettive di interesse per la regione.<\/p>\n<p>Per il <strong>turismo montano estivo e invernale<\/strong> le indagini saranno di tipo quantitativo, sul rapporto tra pernottamenti e fruizione degli impianti invernali, e qualitativo, sull\u2019offerta montana regionale bistagionale, sui nuovi competitors e le nuove destinazioni, e si proporr\u00e0 un\u2019analisi della montagna estiva come prodotto per l\u2019offerta di turismo slow. Infine, per il <strong>turismo bike<\/strong> si metter\u00e0 in campo un\u2019analisi quali\/quantitativa dei fruitori della ciclovia AlpeAdria, e sul fronte della <strong>tassa di soggiorno<\/strong> si valuteranno i possibili investimenti, in particolare nelle localit\u00e0 di Grado e Lignano Sabbiadoro.<\/p>\n<p>La firma della convenzione \u00e8 stata salutata con entusiasmo dal rettore <strong>Alberto De Toni<\/strong>. \u00abQuesto importante accordo \u2013 ha detto \u2013 consente di strutturare una collaborazione tra i due enti. L\u2019Universit\u00e0 di Udine potr\u00e0 fornire un supporto molto importante per la determinazione di scelte politiche che diventano poi determinanti per lo sviluppo socio economico e culturale del territorio regionale. Proprio in quest\u2019ottica \u00e8 nato l\u2019Osservatorio Turismo e Territorio che aspira a diventare un partner strutturale della Regione, in grado di fornire e sviluppare dati, studi e progetti per contribuire ad accrescere ulteriormente l\u2019attrattivit\u00e0 della nostra regione, in grado di offrire nell\u2019arco di pochi chilometri oltre 1.500 biodiversit\u00e0 vegetali, paesaggi, tradizioni, culture storiche, artistiche ed enogastronomiche assai diverse le une dalle altre\u00bb.<\/p>\n<p>\u00abOggi \u2013 hanno spiegato <strong>Lucio Gomiero<\/strong> e il direttore marketing di PromoTurismo FVG, <strong>Bruno Bertero <\/strong>\u2013 conosciamo pochissimo dei nostri turisti: i giorni di presenza e il Paese da cui arrivano, essenzialmente. Dobbiamo accelerare la comprensione dei gusti, dei desideri, dei valori forti che possono legare i viaggiatori al nostro territorio. La partnership con l\u2019Universit\u00e0 di Udine ci aiuter\u00e0 attraverso progetti specifici, da attivare anche con altri soggetti, a utilizzare meglio dati gi\u00e0 disponibili, ma non valorizzati, e a creare nuovi strumenti di analisi del turista, anche attraverso i nuovi profili professionali. Il turismo \u00e8 \u201cuna industry\u201d ad alta digitalizzazione e l\u2019uso dei dati consente di focalizzare sulle strategie e di progettare meglio prodotti e servizi da offrire\u00bb.<\/p>\n<p>\u00abL\u2019Osservatorio Turismo e Territorio \u2013 ha ricordato <strong>Michela Cesarina Mason<\/strong>, delegata d\u2019Ateneo per il turismo \u2013 \u00e8 nato con l\u2019obiettivo di sviluppare ricerche, progetti e studi sul turismo culturale, naturalistico, enogastronomico e sportivo. Attivo presso il Dipartimento di Studi umanistici e del patrimonio culturale, l\u2019Osservatorio intende affermarsi come centro di ricerca a livello nazionale e internazionale per lo studio interdisciplinare del fenomeno turistico e della sostenibilit\u00e0 ambientale e culturale. Dai big data alla learning machine, alle nuove tecnologie e al marketing, il nostro Ateneo vanta esperienze pluridecennali, e potr\u00e0 supportare PromoTurismo anche su altre tematiche che si terr\u00e0 opportuno approfondire\u00bb.<\/p>\n<p>\u00abL\u2019interesse nei confronti di queste tematiche \u2013 ha aggiunto <strong>Andrea Zannini<\/strong>, direttore del Dipartimento di Studi umanistici e del patrimonio culturale \u2013 \u00e8 dimostrato anche dall\u2019attenzione che riponiamo nella nostra offerta didattica, dove sono presenti da anni il corso di laurea in Scienze e tecniche del turismo culturale e il corso di laurea magistrale in Gestione del turismo culturale e degli eventi\u00bb.<\/p>\n<p>Alla firma della convenzione erano presenti anche il presidente della Fondazione Friuli, <strong>Giuseppe Morandini<\/strong>, e il direttore generale dell\u2019Universit\u00e0 di Udine, <strong>Massimo Di Silverio<\/strong>.<\/p>\n","protected":false},"excerpt":{"rendered":"<p>Siglata convenzione quadro<\/p>\n","protected":false},"author":28,"featured_media":28972,"comment_status":"closed","ping_status":"closed","sticky":false,"template":"","format":"standard","meta":{"dwc-title":[],"dwc-content":[],"footnotes":""},"categories":[8],"tags":[],"class_list":["post-28971","post","type-post","status-publish","format-standard","has-post-thumbnail","hentry","category-turismo"],"rttpg_featured_image_url":{"full":["https:\/\/imagazine.it\/wp-content\/uploads\/2024\/01\/28497-1.webp",750,500,false],"landscape":["https:\/\/imagazine.it\/wp-content\/uploads\/2024\/01\/28497-1.webp",750,500,false],"portraits":["https:\/\/imagazine.it\/wp-content\/uploads\/2024\/01\/28497-1.webp",750,500,false],"thumbnail":["https:\/\/imagazine.it\/wp-content\/uploads\/2024\/01\/28497-1-150x150.webp",150,150,true],"medium":["https:\/\/imagazine.it\/wp-content\/uploads\/2024\/01\/28497-1-300x200.webp",300,200,true],"large":["https:\/\/imagazine.it\/wp-content\/uploads\/2024\/01\/28497-1.webp",640,427,false],"thumblist":["https:\/\/imagazine.it\/wp-content\/uploads\/2024\/01\/28497-1.webp",300,200,false],"thumbrelated":["https:\/\/imagazine.it\/wp-content\/uploads\/2024\/01\/28497-1.webp",500,333,false],"meccarouselthumb":["https:\/\/imagazine.it\/wp-content\/uploads\/2024\/01\/28497-1.webp",474,316,false],"gridsquare":["https:\/\/imagazine.it\/wp-content\/uploads\/2024\/01\/28497-1.webp",391,260,false],"tileview":["https:\/\/imagazine.it\/wp-content\/uploads\/2024\/01\/28497-1.webp",300,200,false],"1536x1536":["https:\/\/imagazine.it\/wp-content\/uploads\/2024\/01\/28497-1.webp",750,500,false],"2048x2048":["https:\/\/imagazine.it\/wp-content\/uploads\/2024\/01\/28497-1.webp",750,500,false],"newsup-slider-full":["https:\/\/imagazine.it\/wp-content\/uploads\/2024\/01\/28497-1.webp",750,500,false],"newsup-featured":["https:\/\/imagazine.it\/wp-content\/uploads\/2024\/01\/28497-1.webp",750,500,false],"newsup-medium":["https:\/\/imagazine.it\/wp-content\/uploads\/2024\/01\/28497-1-720x380.webp",720,380,true],"tptn_thumbnail":["https:\/\/imagazine.it\/wp-content\/uploads\/2024\/01\/28497-1.webp",250,167,false],"sow-carousel-default":["https:\/\/imagazine.it\/wp-content\/uploads\/2024\/01\/28497-1-272x182.webp",272,182,true]},"rttpg_author":{"display_name":"redazione","author_link":"https:\/\/imagazine.it\/home_desk\/author\/redazione\/"},"rttpg_comment":0,"rttpg_category":"<a href=\"https:\/\/imagazine.it\/home_desk\/category\/turismo\/\" rel=\"category tag\">TURISMO<\/a>","rttpg_excerpt":"Siglata convenzione quadro","_links":{"self":[{"href":"https:\/\/imagazine.it\/home_desk\/wp-json\/wp\/v2\/posts\/28971","targetHints":{"allow":["GET"]}}],"collection":[{"href":"https:\/\/imagazine.it\/home_desk\/wp-json\/wp\/v2\/posts"}],"about":[{"href":"https:\/\/imagazine.it\/home_desk\/wp-json\/wp\/v2\/types\/post"}],"author":[{"embeddable":true,"href":"https:\/\/imagazine.it\/home_desk\/wp-json\/wp\/v2\/users\/28"}],"replies":[{"embeddable":true,"href":"https:\/\/imagazine.it\/home_desk\/wp-json\/wp\/v2\/comments?post=28971"}],"version-history":[{"count":0,"href":"https:\/\/imagazine.it\/home_desk\/wp-json\/wp\/v2\/posts\/28971\/revisions"}],"wp:featuredmedia":[{"embeddable":true,"href":"https:\/\/imagazine.it\/home_desk\/wp-json\/wp\/v2\/media\/28972"}],"wp:attachment":[{"href":"https:\/\/imagazine.it\/home_desk\/wp-json\/wp\/v2\/media?parent=28971"}],"wp:term":[{"taxonomy":"category","embeddable":true,"href":"https:\/\/imagazine.it\/home_desk\/wp-json\/wp\/v2\/categories?post=28971"},{"taxonomy":"post_tag","embeddable":true,"href":"https:\/\/imagazine.it\/home_desk\/wp-json\/wp\/v2\/tags?post=28971"}],"curies":[{"name":"wp","href":"https:\/\/api.w.org\/{rel}","templated":true}]}}