{"id":28955,"date":"2019-02-22T00:00:00","date_gmt":"2019-02-21T23:00:00","guid":{"rendered":"https:\/\/imagazine.it\/?p=28955"},"modified":"2019-02-22T00:00:00","modified_gmt":"2019-02-21T23:00:00","slug":"a-villa-manin-il-primo-corso-per-presepisti-in-fvg","status":"publish","type":"post","link":"https:\/\/imagazine.it\/home_desk\/a-villa-manin-il-primo-corso-per-presepisti-in-fvg\/","title":{"rendered":"A Villa Manin il primo corso per presepisti in FVG"},"content":{"rendered":"<p>Passariano di Codroipo si conferma polo di riferimento per i presepi del Friuli Venezia Giulia: sede da dieci anni in Villa Manin della mostra con le migliori Nativit\u00e0 regionali, ora diventa anche luogo della prima scuola dedicata a chi vuole creare a mano il proprio presepe.<\/p>\n<p>Il Comitato Regionale del Friuli Venezia Giulia dell\u2019Unpli, in collaborazione con Amici del Presepio FVG, Associazione Triestina Amici del Presepio e Pro Loco Passariano infatti promuove il primo corso di tecnica presepistica, tenuto dal presepista <strong>Claudio De Lucchi<\/strong> dell&#39;Associazione Triestina Amici del Presepio.\u00a0<\/p>\n<p>Si tratta di un corso pratico base per la realizzazione di un presepe storico in stile palestinese che si terr\u00e0 nelle giornate di sabato 9, 16, 23 e 30 marzo negli orari 9-13 e 14-17. Luogo delle lezioni Villa Manin di Passariano di Codroipo, nella sede della Pro Loco Passariano.<\/p>\n<p>Info su costo e iscrizioni entro il 25 febbraio 0432-900908 oppure via email scrivendo a\u00a0<a href=\"mailto:info@prolocoregionefvg.org\" target=\"_blank\" rel=\"noopener\">info@prolocoregionefvg.org<\/a>.\u00a0<\/p>\n<p>Pu\u00f2 sembrare presto visto che a Natale mancano ancora dieci mesi, ma cos\u00ec non \u00e8: a detta dello stesso De Lucchi sono questi i giorni in cui occorre iniziare a pensare a un nuovo progetto, in modo da svilupparlo tra la tarda primavera e l\u2019estate e poi rifinirlo a inizio autunno.\u00a0<\/p>\n<p>\u201cCon questa iniziativa &#8211; ha commentato <strong>Valter Pezzarini<\/strong>, presidente Comitato Regionale del Friuli Venezia Giulia dell\u2019Unpli &#8211; confermiamo il nostro impegno per la promozione dell\u2019arte presepiale sul territorio regionale, non solo nel periodo natalizio ma anche in preparazione a esso: un vero e proprio patrimonio immateriale di saperi e conoscenze tecniche che dai presepisti pi\u00f9 esperti, con questo corso, desideriamo sia trasmesso alle nuove leve\u201d.<\/p>\n","protected":false},"excerpt":{"rendered":"<p>Quattro lezioni nel mese di marzo<\/p>\n","protected":false},"author":28,"featured_media":28956,"comment_status":"closed","ping_status":"closed","sticky":false,"template":"","format":"standard","meta":{"dwc-title":[],"dwc-content":[],"footnotes":""},"categories":[5],"tags":[],"class_list":["post-28955","post","type-post","status-publish","format-standard","has-post-thumbnail","hentry","category-attualita"],"rttpg_featured_image_url":{"full":["https:\/\/imagazine.it\/wp-content\/uploads\/2024\/01\/28475-1.webp",750,522,false],"landscape":["https:\/\/imagazine.it\/wp-content\/uploads\/2024\/01\/28475-1.webp",750,522,false],"portraits":["https:\/\/imagazine.it\/wp-content\/uploads\/2024\/01\/28475-1.webp",750,522,false],"thumbnail":["https:\/\/imagazine.it\/wp-content\/uploads\/2024\/01\/28475-1-150x150.webp",150,150,true],"medium":["https:\/\/imagazine.it\/wp-content\/uploads\/2024\/01\/28475-1-300x209.webp",300,209,true],"large":["https:\/\/imagazine.it\/wp-content\/uploads\/2024\/01\/28475-1.webp",640,445,false],"thumblist":["https:\/\/imagazine.it\/wp-content\/uploads\/2024\/01\/28475-1.webp",300,209,false],"thumbrelated":["https:\/\/imagazine.it\/wp-content\/uploads\/2024\/01\/28475-1.webp",500,348,false],"meccarouselthumb":["https:\/\/imagazine.it\/wp-content\/uploads\/2024\/01\/28475-1.webp",466,324,false],"gridsquare":["https:\/\/imagazine.it\/wp-content\/uploads\/2024\/01\/28475-1.webp",374,260,false],"tileview":["https:\/\/imagazine.it\/wp-content\/uploads\/2024\/01\/28475-1.webp",300,209,false],"1536x1536":["https:\/\/imagazine.it\/wp-content\/uploads\/2024\/01\/28475-1.webp",750,522,false],"2048x2048":["https:\/\/imagazine.it\/wp-content\/uploads\/2024\/01\/28475-1.webp",750,522,false],"newsup-slider-full":["https:\/\/imagazine.it\/wp-content\/uploads\/2024\/01\/28475-1.webp",750,522,false],"newsup-featured":["https:\/\/imagazine.it\/wp-content\/uploads\/2024\/01\/28475-1.webp",750,522,false],"newsup-medium":["https:\/\/imagazine.it\/wp-content\/uploads\/2024\/01\/28475-1-720x380.webp",720,380,true],"tptn_thumbnail":["https:\/\/imagazine.it\/wp-content\/uploads\/2024\/01\/28475-1.webp",250,174,false],"sow-carousel-default":["https:\/\/imagazine.it\/wp-content\/uploads\/2024\/01\/28475-1-272x182.webp",272,182,true]},"rttpg_author":{"display_name":"redazione","author_link":"https:\/\/imagazine.it\/home_desk\/author\/redazione\/"},"rttpg_comment":0,"rttpg_category":"<a href=\"https:\/\/imagazine.it\/home_desk\/category\/attualita\/\" rel=\"category tag\">ATTUALIT\u00c0<\/a>","rttpg_excerpt":"Quattro lezioni nel mese di marzo","_links":{"self":[{"href":"https:\/\/imagazine.it\/home_desk\/wp-json\/wp\/v2\/posts\/28955","targetHints":{"allow":["GET"]}}],"collection":[{"href":"https:\/\/imagazine.it\/home_desk\/wp-json\/wp\/v2\/posts"}],"about":[{"href":"https:\/\/imagazine.it\/home_desk\/wp-json\/wp\/v2\/types\/post"}],"author":[{"embeddable":true,"href":"https:\/\/imagazine.it\/home_desk\/wp-json\/wp\/v2\/users\/28"}],"replies":[{"embeddable":true,"href":"https:\/\/imagazine.it\/home_desk\/wp-json\/wp\/v2\/comments?post=28955"}],"version-history":[{"count":0,"href":"https:\/\/imagazine.it\/home_desk\/wp-json\/wp\/v2\/posts\/28955\/revisions"}],"wp:featuredmedia":[{"embeddable":true,"href":"https:\/\/imagazine.it\/home_desk\/wp-json\/wp\/v2\/media\/28956"}],"wp:attachment":[{"href":"https:\/\/imagazine.it\/home_desk\/wp-json\/wp\/v2\/media?parent=28955"}],"wp:term":[{"taxonomy":"category","embeddable":true,"href":"https:\/\/imagazine.it\/home_desk\/wp-json\/wp\/v2\/categories?post=28955"},{"taxonomy":"post_tag","embeddable":true,"href":"https:\/\/imagazine.it\/home_desk\/wp-json\/wp\/v2\/tags?post=28955"}],"curies":[{"name":"wp","href":"https:\/\/api.w.org\/{rel}","templated":true}]}}