{"id":28947,"date":"2019-02-21T00:00:00","date_gmt":"2019-02-20T23:00:00","guid":{"rendered":"https:\/\/imagazine.it\/?p=28947"},"modified":"2019-02-21T00:00:00","modified_gmt":"2019-02-20T23:00:00","slug":"monfalcone-nina-moric-madrina-del-carnevale","status":"publish","type":"post","link":"https:\/\/imagazine.it\/home_desk\/monfalcone-nina-moric-madrina-del-carnevale\/","title":{"rendered":"Monfalcone, Nina Mori\u0107 madrina del Carnevale"},"content":{"rendered":"<p>Presentata ufficialmente la 135sima edizione del Carnevale monfalconese. Le principali novit\u00e0 di quest\u2019anno sono due: la prima \u00e8 che ci sar\u00e0 una madrina, la modella e showgirl <a name=\"firstHeading\"><\/a>di nazionalit\u00e0 croata naturalizzata italiana <strong>Nina Mori\u0107<\/strong>. La seconda novit\u00e0, tutta monfalconese questa volta, coinvolger\u00e0 il momento clou della kermesse, cio\u00e8 il giuramento del Notaio Toio Gratariol (alias <strong>Gian Carlo Blasini<\/strong>) e la lettura del testamento di sior Anzoleto (alias <strong>Orlando Manfrini<\/strong>) saranno tenuti nuovamente, dopo tanti anni, dal terrazzo della Loggia del Municipio.<\/p>\n<p>Numerose come ogni anno le iniziative previste dal programma, con eventi fino a marted\u00ec 5 marzo, quando scender\u00e0 il sipario sulla kermesse. Questa mattina \u00e8 stata inaugurata la \u201cMostra degli artisti monfalconesi sul Carnevale\u201d (fino il 5 marzo).<\/p>\n<p>Da <strong>venerd\u00ec 22 febbraio<\/strong> nelle edicole del mandamento monfalconese si potr\u00e0 acquistare il numero unico de la \u201cCantada\u201d giunta alla 64<sup>a<\/sup> edizione, il giornale umoristico-satirico in dialetto bisiac su personaggi e i fatti della Bisiacaria. <strong>Sabato 23<\/strong> presso il Centro Commerciale di via Pocar esposizione dei disegni partecipanti al concorso \u201cdisegna la cartolina del Carnevale monfalconese\u201d, con il consueto annullo postale e le premiazioni dei disegni. <strong>Gioved\u00ec 28<\/strong> (gioved\u00ec grasso) \u201cil Carneval delle Femene&#8230;. porta la femena a balar\u201d con balli di gruppo, musica dal vivo e con l&#39;elezione di Miss Carnevale, il consueto discorso del sindaco ai cittadini e la consegna delle \u201cchiavi della citt\u00e0\u201d alla Pro Loco. Nella stessa giornata ci sar\u00e0 la \u201ccaminada mascherada\u201d con i bambini dell&#39;infanzia e delle primarie di Monfalcone, che saranno accolti in piazza della Repubblica da musica, dolcetti e animazioni e con la \u201cCantada dei Putei\u201d in collaborazione con il teatro \u201cLa Stropula\u201d.<\/p>\n<p>Venerd\u00ec 1, sabato 2, domenica 3 e luned\u00ec 4 marzo il carnevale dedicato ai \u201cPutei\u201d, domenica un\u2019attenzione particolare per gli amici a quattro zampe. Marted\u00ec 5 marzo il clou della manifestazione: si parte alle ore 9 quando inizier\u00e0 il corteo con il tradizionale giro di saluto per i borghi della citt\u00e0 con gli sposi, sior Anzoleto e la sposa, di cui soltanto in quel momento verr\u00e0 svelata l&#39;identit\u00e0 (come tradizione vuole dovr\u00e0 essere bisiaca), e il notaro Gratariol. Alle 12 in punto, lettura del Testamento in piazza, che sar\u00e0 trasmessa in streaming. Dopo il \u201cpranzo de noze in piaza\u201d, alle 14 partir\u00e0 la grande sfilata dei carri allegorici, gruppi mascherati e bande musicali, provenienti da varie localit\u00e0, anche da fuori regione. Al termine gran finale con musica, cabaret e spettacolo con i <strong>Crampi Elisi<\/strong>: Maxino, Elisa Bombacigno e Fabio Furian, i protagonisti di \u201cmacete\u201d con il celebre Uolter.<\/p>\n<p>Inoltre fino al 10 di marzo, presso i ristoranti del monfalconesi che vi aderiscono, confermata la 31<sup>a<\/sup> edizione di \u201cMagnemo fora de Casa\u201d, proposte del piatto di Carnevale a prezzo fisso, a cui seguir\u00e0 la consegna del premio \u201cil Piatto del Carnevale\u201d.<\/p>\n<p>Alla conferenza stampa di presentazione sono intervenuti tra gli altri la sindaca <strong>Anna Cisint<\/strong>, l&#39;assessore comunale agli eventi, <strong>Luca Fasan<\/strong>, il presidente della Pro Loco di Monfalcone, <strong>Franco<\/strong> <strong>Miglia<\/strong>,\u00a0<strong>Orlando Manfrini <\/strong>e <strong>Gian Carlo Blasini<\/strong>.<\/p>\n<p>Tutte le attivit\u00e0 di questo Carnevale sono organizzate dalla Pro loco con la fattiva collaborazione del Comune di Monfalcone e della Regione FVG.<\/p>\n","protected":false},"excerpt":{"rendered":"<p>Presentata l&#8217;edizione 2019<\/p>\n","protected":false},"author":22,"featured_media":28948,"comment_status":"closed","ping_status":"closed","sticky":false,"template":"","format":"standard","meta":{"dwc-title":[],"dwc-content":[],"footnotes":""},"categories":[37],"tags":[],"class_list":["post-28947","post","type-post","status-publish","format-standard","has-post-thumbnail","hentry","category-cultura-e-spettacolo"],"rttpg_featured_image_url":{"full":["https:\/\/imagazine.it\/wp-content\/uploads\/2024\/01\/28462-1.webp",750,443,false],"landscape":["https:\/\/imagazine.it\/wp-content\/uploads\/2024\/01\/28462-1.webp",750,443,false],"portraits":["https:\/\/imagazine.it\/wp-content\/uploads\/2024\/01\/28462-1.webp",750,443,false],"thumbnail":["https:\/\/imagazine.it\/wp-content\/uploads\/2024\/01\/28462-1-150x150.webp",150,150,true],"medium":["https:\/\/imagazine.it\/wp-content\/uploads\/2024\/01\/28462-1-300x177.webp",300,177,true],"large":["https:\/\/imagazine.it\/wp-content\/uploads\/2024\/01\/28462-1.webp",640,378,false],"thumblist":["https:\/\/imagazine.it\/wp-content\/uploads\/2024\/01\/28462-1.webp",300,177,false],"thumbrelated":["https:\/\/imagazine.it\/wp-content\/uploads\/2024\/01\/28462-1.webp",500,295,false],"meccarouselthumb":["https:\/\/imagazine.it\/wp-content\/uploads\/2024\/01\/28462-1.webp",474,280,false],"gridsquare":["https:\/\/imagazine.it\/wp-content\/uploads\/2024\/01\/28462-1.webp",391,231,false],"tileview":["https:\/\/imagazine.it\/wp-content\/uploads\/2024\/01\/28462-1.webp",300,177,false],"1536x1536":["https:\/\/imagazine.it\/wp-content\/uploads\/2024\/01\/28462-1.webp",750,443,false],"2048x2048":["https:\/\/imagazine.it\/wp-content\/uploads\/2024\/01\/28462-1.webp",750,443,false],"newsup-slider-full":["https:\/\/imagazine.it\/wp-content\/uploads\/2024\/01\/28462-1.webp",750,443,false],"newsup-featured":["https:\/\/imagazine.it\/wp-content\/uploads\/2024\/01\/28462-1.webp",750,443,false],"newsup-medium":["https:\/\/imagazine.it\/wp-content\/uploads\/2024\/01\/28462-1-720x380.webp",720,380,true],"tptn_thumbnail":["https:\/\/imagazine.it\/wp-content\/uploads\/2024\/01\/28462-1.webp",250,148,false],"sow-carousel-default":["https:\/\/imagazine.it\/wp-content\/uploads\/2024\/01\/28462-1-272x182.webp",272,182,true]},"rttpg_author":{"display_name":"Livio Nonis","author_link":"https:\/\/imagazine.it\/home_desk\/author\/nonis\/"},"rttpg_comment":0,"rttpg_category":"<a href=\"https:\/\/imagazine.it\/home_desk\/category\/cultura-e-spettacolo\/\" rel=\"category tag\">CULTURA&amp;SPETTACOLO<\/a>","rttpg_excerpt":"Presentata l'edizione 2019","_links":{"self":[{"href":"https:\/\/imagazine.it\/home_desk\/wp-json\/wp\/v2\/posts\/28947","targetHints":{"allow":["GET"]}}],"collection":[{"href":"https:\/\/imagazine.it\/home_desk\/wp-json\/wp\/v2\/posts"}],"about":[{"href":"https:\/\/imagazine.it\/home_desk\/wp-json\/wp\/v2\/types\/post"}],"author":[{"embeddable":true,"href":"https:\/\/imagazine.it\/home_desk\/wp-json\/wp\/v2\/users\/22"}],"replies":[{"embeddable":true,"href":"https:\/\/imagazine.it\/home_desk\/wp-json\/wp\/v2\/comments?post=28947"}],"version-history":[{"count":0,"href":"https:\/\/imagazine.it\/home_desk\/wp-json\/wp\/v2\/posts\/28947\/revisions"}],"wp:featuredmedia":[{"embeddable":true,"href":"https:\/\/imagazine.it\/home_desk\/wp-json\/wp\/v2\/media\/28948"}],"wp:attachment":[{"href":"https:\/\/imagazine.it\/home_desk\/wp-json\/wp\/v2\/media?parent=28947"}],"wp:term":[{"taxonomy":"category","embeddable":true,"href":"https:\/\/imagazine.it\/home_desk\/wp-json\/wp\/v2\/categories?post=28947"},{"taxonomy":"post_tag","embeddable":true,"href":"https:\/\/imagazine.it\/home_desk\/wp-json\/wp\/v2\/tags?post=28947"}],"curies":[{"name":"wp","href":"https:\/\/api.w.org\/{rel}","templated":true}]}}