{"id":28943,"date":"2019-02-20T00:00:00","date_gmt":"2019-02-19T23:00:00","guid":{"rendered":"https:\/\/imagazine.it\/?p=28943"},"modified":"2019-02-20T00:00:00","modified_gmt":"2019-02-19T23:00:00","slug":"sportel-furlan-avviate-le-sedi-periferiche","status":"publish","type":"post","link":"https:\/\/imagazine.it\/home_desk\/sportel-furlan-avviate-le-sedi-periferiche\/","title":{"rendered":"Sportel Furlan, avviate le sedi periferiche"},"content":{"rendered":"<p>Lo\u00a0<strong>Sportello linguistico regionale per la lingua friulana<\/strong>\u00a0si arricchisce di 4 sportelli periferici che vanno ad aggiungersi allo Sportello centrale nell\u2019erogazione dei servizi\u00a0di consulenza linguistica, consulenza toponomastica, traduzione e promozione della lingua friulana.<\/p>\n<p>Le sedi periferiche dello Sportello, aperte dal 4 febbraio scorso, sono ubicate a: <strong>Tolmezzo<\/strong>, presso il municipio, come riferimento per tutto l\u2019Alto Friuli; <strong>Muzzana del Turgnano<\/strong>, presso la biblioteca civica, per\u00a0la Bassa\u00a0friulana; <strong>Gorizia<\/strong>, presso il municipio, per il Friuli Orientale; <strong>San Vito al Tagliamento<\/strong>, presso la biblioteca comunale, per il Friuli Occidentale. Lo Sportello centrale ha, invece, sede a <strong>Udine<\/strong>.<\/p>\n<p>Il progetto di Sportello &#8211; finanziato dalla Regione Fvg,\u00a0a far carico sui fondi della legge 482\/1999 (per circa 350 mila euro) e affidato all\u2019ARLeF (Agjenzie Region\u00e2l pe Lenghe Furlane) in qualit\u00e0 di organismo competente alla sua gestione &#8211; centralizza le attivit\u00e0 che, fino a oggi, venivano affidate al coordinamento dei singoli Comuni attraverso finanziamenti dedicati (una ventina nel 2018). Sono complessivamente 11 le professionalit\u00e0 impegnate nelle molteplici attivit\u00e0 dello Sportello.<\/p>\n<p>La\u00a0<strong>nuova modalit\u00e0 di gestione<\/strong> \u00e8 stata presentata nel corso di una conferenza stampa svoltasi a Udine, dall\u2019assessore regionale alle Autonomie locali, <strong>Pierpaolo Roberti<\/strong>, e dal presidente dell\u2019ARLeF, <strong>Eros Cisilino<\/strong>.<\/p>\n<p>\u00abIn questo modo \u2013 ha dichiarato Cisilino \u2013\u00a0i<strong>\u00a0servizi erogati<\/strong>\u00a0dalla sede centrale e dalle sedi periferiche vengono svolti\u00a0<strong>in modo capillare a favore di tutti\u00a0gli enti locali, degli enti strumentali e dei concessionari di servizi pubblici ricompresi nelle rispettive aree degli sportelli<\/strong>, raggiungendo tutto il territorio friulanofono. Il servizio \u00e8 garantito anche ai privati, purch\u00e9 venga ritenuto coerente con le linee di politica linguistica regionali\u00bb.<\/p>\n<p>\u00abSe la nostra \u00e8 una Regione \u201cspeciale\u201d \u2013 ha aggiunto Roberti \u2013 lo \u00e8 anche per sue tante diversit\u00e0 tra le quali spicca quella linguistica. Come abbiamo fatto con lo sloveno, pensiamo che questa diversit\u00e0 sia da difendere e preservare anche perch\u00e9 fa parte della nostra identit\u00e0 territoriale e, perci\u00f2, speriamo che il servizio oggi offerto venga sempre pi\u00f9 utilizzato dalla Pubblica Amministrazione e anche dai privati\u00bb.<\/p>\n<p>I servizi offerti da ogni Sportello riguardano in particolare\u00a0<strong><em>la consulenza linguistica e traduzione scritta<\/em><\/strong>\u00a0dall\u2019italiano al friulano di testi con il fine ultimo di garantire l\u2019utilizzo presso gli enti stessi della lingua friulana; la consulenza sulla\u00a0<strong><em>toponomastica in lingua friulana<\/em><\/strong>\u00a0per gli enti che abbiano necessit\u00e0 di apporre la cartellonistica stradale e insegnistica in genere e per garantire il pieno rispetto dei toponimi ufficiali stabiliti dal D.P.Reg n. 16 del 13\/02\/2014; <strong><em>l\u2019informazione e l\u2019orientamento\u00a0<\/em><\/strong>al pubblico.<\/p>\n<p>Lo Sportello centrale di Udine, inoltre, offre anche\u00a0il supporto nelle attivit\u00e0 di\u00a0<strong>politica linguistica\u00a0<\/strong>e<strong>\u00a0di promozione della lingua friulana<\/strong>\u00a0da parte della Regione e degli enti locali. Garantisce, inoltre,\u00a0l\u2019assistenza nella attivit\u00e0 di\u00a0<strong>verifica e valutazione dello stato di applicazione dell&#39;insegnamento e dell&#39;uso della lingua friulana nelle istituzioni scolastiche<\/strong>. Svolge, infine, il servizio di\u00a0<strong>interpretazione simultanea in lingua italiana degli interventi svolti in lingua friulana durante le sedute del Consiglio regionale<\/strong>.<\/p>\n<p>Alla presentazione erano presenti anche il sindaco di San Vito al Tagliamento, <strong>Antonio Di Bisceglie<\/strong>; il vicesindaco di Gorizia, <strong>Stefano Ceretta<\/strong>; l\u2019assessore di Muzzana del Turgano, <strong>Denis Nardon<\/strong> e il direttore di ARLeF, <strong>William Cisilino<\/strong>.<\/p>\n","protected":false},"excerpt":{"rendered":"<p>Presentazione a Udine<\/p>\n","protected":false},"author":28,"featured_media":28944,"comment_status":"closed","ping_status":"closed","sticky":false,"template":"","format":"standard","meta":{"dwc-title":[],"dwc-content":[],"footnotes":""},"categories":[5],"tags":[],"class_list":["post-28943","post","type-post","status-publish","format-standard","has-post-thumbnail","hentry","category-attualita"],"rttpg_featured_image_url":{"full":["https:\/\/imagazine.it\/wp-content\/uploads\/2024\/01\/28451-1.webp",750,502,false],"landscape":["https:\/\/imagazine.it\/wp-content\/uploads\/2024\/01\/28451-1.webp",750,502,false],"portraits":["https:\/\/imagazine.it\/wp-content\/uploads\/2024\/01\/28451-1.webp",750,502,false],"thumbnail":["https:\/\/imagazine.it\/wp-content\/uploads\/2024\/01\/28451-1-150x150.webp",150,150,true],"medium":["https:\/\/imagazine.it\/wp-content\/uploads\/2024\/01\/28451-1-300x201.webp",300,201,true],"large":["https:\/\/imagazine.it\/wp-content\/uploads\/2024\/01\/28451-1.webp",640,428,false],"thumblist":["https:\/\/imagazine.it\/wp-content\/uploads\/2024\/01\/28451-1.webp",300,201,false],"thumbrelated":["https:\/\/imagazine.it\/wp-content\/uploads\/2024\/01\/28451-1.webp",500,335,false],"meccarouselthumb":["https:\/\/imagazine.it\/wp-content\/uploads\/2024\/01\/28451-1.webp",474,317,false],"gridsquare":["https:\/\/imagazine.it\/wp-content\/uploads\/2024\/01\/28451-1.webp",388,260,false],"tileview":["https:\/\/imagazine.it\/wp-content\/uploads\/2024\/01\/28451-1.webp",300,201,false],"1536x1536":["https:\/\/imagazine.it\/wp-content\/uploads\/2024\/01\/28451-1.webp",750,502,false],"2048x2048":["https:\/\/imagazine.it\/wp-content\/uploads\/2024\/01\/28451-1.webp",750,502,false],"newsup-slider-full":["https:\/\/imagazine.it\/wp-content\/uploads\/2024\/01\/28451-1.webp",750,502,false],"newsup-featured":["https:\/\/imagazine.it\/wp-content\/uploads\/2024\/01\/28451-1.webp",750,502,false],"newsup-medium":["https:\/\/imagazine.it\/wp-content\/uploads\/2024\/01\/28451-1-720x380.webp",720,380,true],"tptn_thumbnail":["https:\/\/imagazine.it\/wp-content\/uploads\/2024\/01\/28451-1.webp",250,167,false],"sow-carousel-default":["https:\/\/imagazine.it\/wp-content\/uploads\/2024\/01\/28451-1-272x182.webp",272,182,true]},"rttpg_author":{"display_name":"redazione","author_link":"https:\/\/imagazine.it\/home_desk\/author\/redazione\/"},"rttpg_comment":0,"rttpg_category":"<a href=\"https:\/\/imagazine.it\/home_desk\/category\/attualita\/\" rel=\"category tag\">ATTUALIT\u00c0<\/a>","rttpg_excerpt":"Presentazione a Udine","_links":{"self":[{"href":"https:\/\/imagazine.it\/home_desk\/wp-json\/wp\/v2\/posts\/28943","targetHints":{"allow":["GET"]}}],"collection":[{"href":"https:\/\/imagazine.it\/home_desk\/wp-json\/wp\/v2\/posts"}],"about":[{"href":"https:\/\/imagazine.it\/home_desk\/wp-json\/wp\/v2\/types\/post"}],"author":[{"embeddable":true,"href":"https:\/\/imagazine.it\/home_desk\/wp-json\/wp\/v2\/users\/28"}],"replies":[{"embeddable":true,"href":"https:\/\/imagazine.it\/home_desk\/wp-json\/wp\/v2\/comments?post=28943"}],"version-history":[{"count":0,"href":"https:\/\/imagazine.it\/home_desk\/wp-json\/wp\/v2\/posts\/28943\/revisions"}],"wp:featuredmedia":[{"embeddable":true,"href":"https:\/\/imagazine.it\/home_desk\/wp-json\/wp\/v2\/media\/28944"}],"wp:attachment":[{"href":"https:\/\/imagazine.it\/home_desk\/wp-json\/wp\/v2\/media?parent=28943"}],"wp:term":[{"taxonomy":"category","embeddable":true,"href":"https:\/\/imagazine.it\/home_desk\/wp-json\/wp\/v2\/categories?post=28943"},{"taxonomy":"post_tag","embeddable":true,"href":"https:\/\/imagazine.it\/home_desk\/wp-json\/wp\/v2\/tags?post=28943"}],"curies":[{"name":"wp","href":"https:\/\/api.w.org\/{rel}","templated":true}]}}