{"id":28913,"date":"2019-02-15T00:00:00","date_gmt":"2019-02-14T23:00:00","guid":{"rendered":"https:\/\/imagazine.it\/?p=28913"},"modified":"2019-02-15T00:00:00","modified_gmt":"2019-02-14T23:00:00","slug":"cemento-e-calcestruzzo-friuli-protagonista-in-alpe-adria","status":"publish","type":"post","link":"https:\/\/imagazine.it\/home_desk\/cemento-e-calcestruzzo-friuli-protagonista-in-alpe-adria\/","title":{"rendered":"Cemento e calcestruzzo, Friuli protagonista in Alpe Adria"},"content":{"rendered":"<p>In Friuli, il settore del cemento e del calcestruzzo vive una evoluzione qualitativa e quantitativa grazie w&#038;p Cementi e Friulana Calcestruzzi, aziende con sede a San Vito al Tagliamento, che registrano un fatturato in crescita rispetto all\u2019anno precedente e confermano la propria leadership sul territorio.<\/p>\n<p>Complessivamente, le due aziende archiviano il 2018 con circa 35 milioni di euro di fatturato e una crescita rispetto all\u2019anno precedente pari al 12%.<\/p>\n<p>Numeri che si traducono in una capacit\u00e0 produttiva di circa 350 mila tonnellate di cemento e leganti per w&#038;p Cementi, e di circa 120 mila metri cubi di calcestruzzo preconfezionato per Friulana.<\/p>\n<p>Una performance significativa che ha permesso alle due aziende friulane di partecipare attivamente alla nascita Alpacem, il nuovo marchio \u201ca ombrello\u201d che riunisce le sei principali realt\u00e0 del settore di cemento e calcestruzzo presenti nella macro-regione Alpe-Adria.<\/p>\n<p>Cos\u00ec, d\u2019ora in poi, w&#038;p Cementi e Friulana Calcestruzzi, lavoreranno in modo sinergico con le austriache w&#038;p Zement e w&#038;p Beton e le slovene Salonit Anhovo e Rokava Beton, unendo capacit\u00e0 produttiva, competenze e valori condivisi per la crescita comune e per lo sviluppo di tutta l\u2019area dell\u2019Alpe-Adria.<\/p>\n<p>In totale le sei aziende del gruppo austriaco Wietersdorfer, impiegano oltre 640 persone e possono contare su 19 siti produttivi con capacit\u00e0 annuale superiore a 2 milioni di tonnellate di cemento e leganti, che si traducono in oltre 300.000 metri cubi di calcestruzzo pronto per l\u2019uso.<\/p>\n<p>All\u2019interno del marchio \u201ca ombrello\u201d Alpacem, w&#038;p Cementi e Friulana Calcestruzzi consolideranno il proprio ruolo trainante nel mercato delle costruzioni sul territorio, con un\u2019offerta flessibile, capace di fornire soluzioni puntuali per le specifiche esigenze e un\u2019ampia gamma di servizi e prodotti affidabili, sicuri e durabili. Peculiarit\u00e0 che, insieme a una visione imprenditoriale orientata all\u2019innovazione, alla sostenibilit\u00e0 ambientale e alla valorizzazione delle risorse umane, rappresentano i principali obiettivi del marchio \u201ca ombrello\u201d Alpacem.<\/p>\n<p>\u201cGrazie ad Alpacem siamo diventati ancora pi\u00f9 competitivi sul mercato locale e nazionale e abbiamo ampliato il nostro raggio d\u2019azione alla regione dell\u2019Alpe Adria \u2013 dichiarano i direttori commerciali di w&#038;p Cementi, <strong>Roberto Zane<\/strong>, e di Friulana Calcestruzzi, <strong>Gian Paolo Martin<\/strong> \u2013 e questo porta e porter\u00e0 all\u2019ulteriore sviluppo della nostra azienda con conseguenti nuove opportunit\u00e0 di crescita per il nostro territorio\u201d.<\/p>\n<p>\u201cCon il marchio \u201ca ombrello\u201d Alpacem \u2013 commenta <strong>Bernhard Auer<\/strong>, Amministratore Delegato di Wietersdorfer Alpacem GmbH \u2013 si apre un nuovo capitolo della storia di w&#038;p Cementi e Friulana Calcestruzzi, ma non possiamo prescindere dal passato: le due aziende fanno parte di Wietersdorfer, un gruppo fondato nel 1893 e gestito da ben cinque generazioni da una famiglia di imprenditori che ha saputo sviluppare una forte identit\u00e0 e autentiche caratteristiche di eccellenza. Saper fare, dinamicit\u00e0 e capacit\u00e0 di innovare sono fattori distintivi delle aziende italiane, universalmente apprezzati e riconosciuti. Un reale patrimonio su cui Alpacem pu\u00f2 contare grazie a w&#038;p Cementi e a Friulana Calcestruzzi\u201d.<\/p>\n<p>Alpacem mira a proporsi sul mercato dell\u2019Alpe Adria con la flessibilit\u00e0 e la dinamicit\u00e0 di imprese medio-piccole come w&#038;p Cementi e Friulana Calcestruzzi, ma con la solidit\u00e0 e la potenza d\u2019azione di un gruppo come Wietersdorfer Alpacem GmbH che, solo con il comparto cemento e calcestruzzo, nel 2018 ha raggiunto un fatturato di oltre 160 milioni di euro.<\/p>\n<p>Una scelta che ha permesso a w&#038;p Cementi e Friulana Calcestruzzi di imporsi sul mercato e di aggiudicarsi importanti forniture per la realizzazione di grandi opere: gli ospedali di Pordenone, Trieste e Udine, la terza corsia nel tratto tra Venezia e Trieste dell\u2019autostrada A4, la Superstrada Pedemontana Veneta, il Velodromo di Spresiano (TV), ma anche lo stabilimento Magna Steyr di Maribor\/Ho\u010de in Slovenia, i centri di distribuzione delle catene Lidl e Spar, la linea ferroviaria \u201cKoralmbahn\u201d tra Carinzia e Stiria e la Superstrada S36 in Alta Stiria.<\/p>\n","protected":false},"excerpt":{"rendered":"<p>Grazie al marchio \u201ca ombrello\u201d Alpacem<\/p>\n","protected":false},"author":28,"featured_media":28914,"comment_status":"closed","ping_status":"closed","sticky":false,"template":"","format":"standard","meta":{"dwc-title":[],"dwc-content":[],"footnotes":""},"categories":[6],"tags":[],"class_list":["post-28913","post","type-post","status-publish","format-standard","has-post-thumbnail","hentry","category-societa"],"rttpg_featured_image_url":{"full":["https:\/\/imagazine.it\/wp-content\/uploads\/2024\/01\/28394-1.webp",750,515,false],"landscape":["https:\/\/imagazine.it\/wp-content\/uploads\/2024\/01\/28394-1.webp",750,515,false],"portraits":["https:\/\/imagazine.it\/wp-content\/uploads\/2024\/01\/28394-1.webp",750,515,false],"thumbnail":["https:\/\/imagazine.it\/wp-content\/uploads\/2024\/01\/28394-1-150x150.webp",150,150,true],"medium":["https:\/\/imagazine.it\/wp-content\/uploads\/2024\/01\/28394-1-300x206.webp",300,206,true],"large":["https:\/\/imagazine.it\/wp-content\/uploads\/2024\/01\/28394-1.webp",640,439,false],"thumblist":["https:\/\/imagazine.it\/wp-content\/uploads\/2024\/01\/28394-1.webp",300,206,false],"thumbrelated":["https:\/\/imagazine.it\/wp-content\/uploads\/2024\/01\/28394-1.webp",500,343,false],"meccarouselthumb":["https:\/\/imagazine.it\/wp-content\/uploads\/2024\/01\/28394-1.webp",472,324,false],"gridsquare":["https:\/\/imagazine.it\/wp-content\/uploads\/2024\/01\/28394-1.webp",379,260,false],"tileview":["https:\/\/imagazine.it\/wp-content\/uploads\/2024\/01\/28394-1.webp",300,206,false],"1536x1536":["https:\/\/imagazine.it\/wp-content\/uploads\/2024\/01\/28394-1.webp",750,515,false],"2048x2048":["https:\/\/imagazine.it\/wp-content\/uploads\/2024\/01\/28394-1.webp",750,515,false],"newsup-slider-full":["https:\/\/imagazine.it\/wp-content\/uploads\/2024\/01\/28394-1.webp",750,515,false],"newsup-featured":["https:\/\/imagazine.it\/wp-content\/uploads\/2024\/01\/28394-1.webp",750,515,false],"newsup-medium":["https:\/\/imagazine.it\/wp-content\/uploads\/2024\/01\/28394-1-720x380.webp",720,380,true],"tptn_thumbnail":["https:\/\/imagazine.it\/wp-content\/uploads\/2024\/01\/28394-1.webp",250,172,false],"sow-carousel-default":["https:\/\/imagazine.it\/wp-content\/uploads\/2024\/01\/28394-1-272x182.webp",272,182,true]},"rttpg_author":{"display_name":"redazione","author_link":"https:\/\/imagazine.it\/home_desk\/author\/redazione\/"},"rttpg_comment":0,"rttpg_category":"<a href=\"https:\/\/imagazine.it\/home_desk\/category\/societa\/\" rel=\"category tag\">SOCIET\u00c0<\/a>","rttpg_excerpt":"Grazie al marchio \u201ca ombrello\u201d Alpacem","_links":{"self":[{"href":"https:\/\/imagazine.it\/home_desk\/wp-json\/wp\/v2\/posts\/28913","targetHints":{"allow":["GET"]}}],"collection":[{"href":"https:\/\/imagazine.it\/home_desk\/wp-json\/wp\/v2\/posts"}],"about":[{"href":"https:\/\/imagazine.it\/home_desk\/wp-json\/wp\/v2\/types\/post"}],"author":[{"embeddable":true,"href":"https:\/\/imagazine.it\/home_desk\/wp-json\/wp\/v2\/users\/28"}],"replies":[{"embeddable":true,"href":"https:\/\/imagazine.it\/home_desk\/wp-json\/wp\/v2\/comments?post=28913"}],"version-history":[{"count":0,"href":"https:\/\/imagazine.it\/home_desk\/wp-json\/wp\/v2\/posts\/28913\/revisions"}],"wp:featuredmedia":[{"embeddable":true,"href":"https:\/\/imagazine.it\/home_desk\/wp-json\/wp\/v2\/media\/28914"}],"wp:attachment":[{"href":"https:\/\/imagazine.it\/home_desk\/wp-json\/wp\/v2\/media?parent=28913"}],"wp:term":[{"taxonomy":"category","embeddable":true,"href":"https:\/\/imagazine.it\/home_desk\/wp-json\/wp\/v2\/categories?post=28913"},{"taxonomy":"post_tag","embeddable":true,"href":"https:\/\/imagazine.it\/home_desk\/wp-json\/wp\/v2\/tags?post=28913"}],"curies":[{"name":"wp","href":"https:\/\/api.w.org\/{rel}","templated":true}]}}