{"id":28895,"date":"2019-02-13T00:00:00","date_gmt":"2019-02-12T23:00:00","guid":{"rendered":"https:\/\/imagazine.it\/?p=28895"},"modified":"2019-02-13T00:00:00","modified_gmt":"2019-02-12T23:00:00","slug":"monfalcone-donati-oltre-16-mila-euro-al-servizio-territoriale-di-neuropsichiatria-infantile","status":"publish","type":"post","link":"https:\/\/imagazine.it\/home_desk\/monfalcone-donati-oltre-16-mila-euro-al-servizio-territoriale-di-neuropsichiatria-infantile\/","title":{"rendered":"Monfalcone, donati oltre 16 mila euro al Servizio Territoriale di Neuropsichiatria Infantile"},"content":{"rendered":"<p>Ammonta a <strong>16.640 euro<\/strong> la somma raccolta da <strong>Aspiag Service<\/strong> (la concessionaria <strong>Despar<\/strong> per il <strong>Triveneto<\/strong> e l\u2019<strong>Emilia Romagna<\/strong>) in Friuli Venezia Giulia grazie alla vendita, durante il periodo natalizio, di due prodotti particolari: <strong>un panettone e un pandoro confezionati in un cilindro in latta<\/strong>.<\/p>\n<p>Il prezzo a scaffale di ognuna di queste confezioni era <strong>10 euro<\/strong> e <strong>l\u2019intero ricavato della vendita \u00e8 stato destinato a quattro associazioni <\/strong>(una per ciascuna regione in cui opera il marchio con l\u2019abete) che si occupano di ricerca o di assistenza ai malati e alle loro famiglie.<\/p>\n<p><strong>Per il Friuli Venezia Giulia<\/strong> l\u2019associazione prescelta \u00e8 <strong>\u201cDinAMICI \u2013 Insieme per il Volontariato\u201d <\/strong>di Monfalcone, promotrice del progetto <strong>\u201cUna nuova Neuropsichiatria Infantile per l\u2019Ospedale San Polo \u2013 Monfalcone\u201d<\/strong>.<\/p>\n<p>Nel 2017, il Servizio Territoriale di Neuropsichiatria Infantile presso l\u2019Ospedale San Polo di Monfalcone \u00e8 stato contattato da 1.058 utenti, per interventi di diversa intensit\u00e0: tra loro, 250 minorenni con disabilit\u00e0 psichiche, motorie e sensoriali, che richiedono interventi prolungati nel tempo.<\/p>\n<p>Il progetto prevede la <strong>realizzazione di venti stanze, all\u2019interno dell\u2019Ospedale San Polo<\/strong>, per ospitare questi bambini e questi ragazzi, e ha ottenuto il patrocinio e la collaborazione dell\u2019AAS2 Bassa Friulana Isontina, oltre all\u2019appoggio da parte della Regione Friuli Venezia Giulia che ha finanziato la ristrutturazione dell&#39;area destinata al nuovo servizio con 1 milione e 430 mila euro.<\/p>\n<p>Il contributo di Despar Aspiag Service \u00e8 stato consegnato all\u2019Associazione presso il supermercato <strong>Eurospar<\/strong> in via Rossini a <strong>Monfalcone<\/strong>.<\/p>\n<p>Oltre a <strong>Manuela Fumis<\/strong>, presidente dell\u2019Associazione DinAMICI, e a <strong>Fabrizio Cicero Santalena<\/strong>, coordinatore regionale Despar per il Friuli Venezia Giulia, erano presenti il vicepresidente e assessore alla Salute, Politiche Sociali e Disabilit\u00e0 della Regione, <strong>Riccardo Riccardi<\/strong>, il responsabile del Distretto Isontino &#8211; AAS n.2 Bassa Friulana Isontina, <strong>Michele Luise<\/strong>, e il sindaco di Monfalcone <strong>Anna Maria Cisint<\/strong>.<\/p>\n<p>\u201c<em>Come azienda \u2013 <\/em>ha spiegato <strong>Santalena<\/strong><em> \u2013 siamo consapevoli di avere un importante ruolo sociale e il sostegno alle realt\u00e0 di cura e di ricerca \u00e8 parte integrante della nostra responsabilit\u00e0 sociale d\u2019impresa. Per questo siamo orgogliosi di supportare l\u2019Associazione DinAMICI in un progetto tanto importante e prezioso per il territorio. Ringraziamo i nostri colleghi nei punti vendita, che si sono fatti promotori dell\u2019iniziativa e ambasciatori dei valori aziendali sensibilizzando i clienti all\u2019acquisto dei dolci \u2018benefici\u2019, e ringraziamo soprattutto i nostri clienti friulani e giuliani che hanno risposto con grande generosit\u00e0 e prontezza a questo appello\u201d<\/em>.<\/p>\n<p>\u201c<em>La notizia \u2013 <\/em>ha dichiarato la presidente <strong>Fumis<\/strong> <em>\u2013 che proprio la nostra associazione era stata scelta fra le tante realt\u00e0 del Friuli Venezia Giulia ci ha onorati profondamente<\/em>. <em>Ancora una volta il cuore delle persone si \u00e8 fatto sentire: ringraziamo tutti i protagonisti di questa meravigliosa esperienza che ci ha dato l\u2019opportunit\u00e0, aldil\u00e0 del risultato economico, di relazionarci con una grande realt\u00e0\u201d<\/em>.\u00a0<\/p>\n","protected":false},"excerpt":{"rendered":"<p>Grazie all&#8217;iniziativa di Despar<\/p>\n","protected":false},"author":28,"featured_media":28896,"comment_status":"closed","ping_status":"closed","sticky":false,"template":"","format":"standard","meta":{"dwc-title":[],"dwc-content":[],"footnotes":""},"categories":[5],"tags":[],"class_list":["post-28895","post","type-post","status-publish","format-standard","has-post-thumbnail","hentry","category-attualita"],"rttpg_featured_image_url":{"full":["https:\/\/imagazine.it\/wp-content\/uploads\/2024\/01\/28373-1.webp",750,500,false],"landscape":["https:\/\/imagazine.it\/wp-content\/uploads\/2024\/01\/28373-1.webp",750,500,false],"portraits":["https:\/\/imagazine.it\/wp-content\/uploads\/2024\/01\/28373-1.webp",750,500,false],"thumbnail":["https:\/\/imagazine.it\/wp-content\/uploads\/2024\/01\/28373-1-150x150.webp",150,150,true],"medium":["https:\/\/imagazine.it\/wp-content\/uploads\/2024\/01\/28373-1-300x200.webp",300,200,true],"large":["https:\/\/imagazine.it\/wp-content\/uploads\/2024\/01\/28373-1.webp",640,427,false],"thumblist":["https:\/\/imagazine.it\/wp-content\/uploads\/2024\/01\/28373-1.webp",300,200,false],"thumbrelated":["https:\/\/imagazine.it\/wp-content\/uploads\/2024\/01\/28373-1.webp",500,333,false],"meccarouselthumb":["https:\/\/imagazine.it\/wp-content\/uploads\/2024\/01\/28373-1.webp",474,316,false],"gridsquare":["https:\/\/imagazine.it\/wp-content\/uploads\/2024\/01\/28373-1.webp",391,260,false],"tileview":["https:\/\/imagazine.it\/wp-content\/uploads\/2024\/01\/28373-1.webp",300,200,false],"1536x1536":["https:\/\/imagazine.it\/wp-content\/uploads\/2024\/01\/28373-1.webp",750,500,false],"2048x2048":["https:\/\/imagazine.it\/wp-content\/uploads\/2024\/01\/28373-1.webp",750,500,false],"newsup-slider-full":["https:\/\/imagazine.it\/wp-content\/uploads\/2024\/01\/28373-1.webp",750,500,false],"newsup-featured":["https:\/\/imagazine.it\/wp-content\/uploads\/2024\/01\/28373-1.webp",750,500,false],"newsup-medium":["https:\/\/imagazine.it\/wp-content\/uploads\/2024\/01\/28373-1-720x380.webp",720,380,true],"tptn_thumbnail":["https:\/\/imagazine.it\/wp-content\/uploads\/2024\/01\/28373-1.webp",250,167,false],"sow-carousel-default":["https:\/\/imagazine.it\/wp-content\/uploads\/2024\/01\/28373-1-272x182.webp",272,182,true]},"rttpg_author":{"display_name":"redazione","author_link":"https:\/\/imagazine.it\/home_desk\/author\/redazione\/"},"rttpg_comment":0,"rttpg_category":"<a href=\"https:\/\/imagazine.it\/home_desk\/category\/attualita\/\" rel=\"category tag\">ATTUALIT\u00c0<\/a>","rttpg_excerpt":"Grazie all'iniziativa di Despar","_links":{"self":[{"href":"https:\/\/imagazine.it\/home_desk\/wp-json\/wp\/v2\/posts\/28895","targetHints":{"allow":["GET"]}}],"collection":[{"href":"https:\/\/imagazine.it\/home_desk\/wp-json\/wp\/v2\/posts"}],"about":[{"href":"https:\/\/imagazine.it\/home_desk\/wp-json\/wp\/v2\/types\/post"}],"author":[{"embeddable":true,"href":"https:\/\/imagazine.it\/home_desk\/wp-json\/wp\/v2\/users\/28"}],"replies":[{"embeddable":true,"href":"https:\/\/imagazine.it\/home_desk\/wp-json\/wp\/v2\/comments?post=28895"}],"version-history":[{"count":0,"href":"https:\/\/imagazine.it\/home_desk\/wp-json\/wp\/v2\/posts\/28895\/revisions"}],"wp:featuredmedia":[{"embeddable":true,"href":"https:\/\/imagazine.it\/home_desk\/wp-json\/wp\/v2\/media\/28896"}],"wp:attachment":[{"href":"https:\/\/imagazine.it\/home_desk\/wp-json\/wp\/v2\/media?parent=28895"}],"wp:term":[{"taxonomy":"category","embeddable":true,"href":"https:\/\/imagazine.it\/home_desk\/wp-json\/wp\/v2\/categories?post=28895"},{"taxonomy":"post_tag","embeddable":true,"href":"https:\/\/imagazine.it\/home_desk\/wp-json\/wp\/v2\/tags?post=28895"}],"curies":[{"name":"wp","href":"https:\/\/api.w.org\/{rel}","templated":true}]}}