{"id":28891,"date":"2019-02-12T00:00:00","date_gmt":"2019-02-11T23:00:00","guid":{"rendered":"https:\/\/imagazine.it\/?p=28891"},"modified":"2019-02-12T00:00:00","modified_gmt":"2019-02-11T23:00:00","slug":"caffe-solidale-raccolti-1-800-euro-per-la-viarte","status":"publish","type":"post","link":"https:\/\/imagazine.it\/home_desk\/caffe-solidale-raccolti-1-800-euro-per-la-viarte\/","title":{"rendered":"Caff\u00e8 solidale, raccolti 1.800 euro per La Viarte"},"content":{"rendered":"<p>Sono state 900 le adesioni nel 2018 al progetto di fundraising \u201cCaff\u00e8 Solidale\u201d promosso dalla CDA di Talmassons, che da gennaio a dicembre ha raccolto migliaia di donazioni, raddoppiate dall\u2019azienda con risorse proprie, pro associazione \u201cLa Viarte\u201d di Santa Maria la Longa.<\/p>\n<p>I proventi totali della raccolta fondi, 1.800 euro, sono stati consegnati dal CEO della CDA <strong>Fabrizio Cattelan<\/strong> all\u2019associazione.<\/p>\n<p>Iniziato da CDA nel 2016, il progetto del microdono a favore delle associazioni del Friuli Venezia Giulia offre la possibilit\u00e0 di trasformare un piccolo gesto quotidiano come prendere il caff\u00e8 in un\u2019azione di solidariet\u00e0: prendendo spunto dall\u2019antica pratica napoletana del caff\u00e8 sospeso, l\u2019azienda di Talmassons ha aggiunto ai propri distributori automatici la possibilit\u00e0 di selezionare una maggiorazione di 10 centesimi sulla bevanda, da destinare all\u2019associazione \u201cLa Viarte\u201d che si occupa di educazione giovanile.<\/p>\n<p><em>\u00abSiamo molto grati alla CdA \u2013 <\/em>ha dichiarato <strong>don Vincenzo Salerno<\/strong>, direttore de La Viarte <em>\u2013 per averci coinvolto in questa iniziativa di responsabilit\u00e0 sociale d&#39;impresa volta ad aiutare la nostra associazione. Intendiamo adoperare anche questa offerta per il bene dei ragazzi della nostra comunit\u00e0 e di quelli coinvolti nelle altre nostre attivit\u00e0; in particolare ci stiamo concentrando sullo sviluppo delle attivit\u00e0 professionalizzanti e di inserimento lavorativo per i giovani che sono in difficolt\u00e0 nei circuiti scolastici ordinari\u00bb.\u00a0<\/em><\/p>\n<p>\u00ab<em>Per la terza edizione di questo progetto<\/em> <em>\u2013<\/em> spiega Cattelan <em>\u2013<\/em> <em>abbiamo scelto un\u2019associazione che lavora con il futuro della nostra societ\u00e0: i giovani. Da diversi anni siamo infatti impegnati in progetti che coinvolgono direttamente i cittadini di domani: dall\u2019alternanza scuola-lavoro alla formazione per gli studenti sul tema della Responsabilit\u00e0 Sociale d\u2019Impresa<\/em>. <em>Continueremo su questa strada anche per la raccolta del 2019,<\/em> <em>finanziando con il microdono quattro realt\u00e0 del territorio regionale nate per aiutare bambini e ragazzi affetti da gravi patologie o colpiti da malattie oncologiche<\/em>\u00bb. Si tratta delle Onlus \u201cIl sorriso di Giulia\u201d, \u201cOrganizzazione Sindrome di Angelman\u201d e \u201cLa casa di Joy\u201d e del Comitato \u201cAmici di Federico\u201d.<\/p>\n","protected":false},"excerpt":{"rendered":"<p>Consegnati al direttore don Salerno<\/p>\n","protected":false},"author":28,"featured_media":28892,"comment_status":"closed","ping_status":"closed","sticky":false,"template":"","format":"standard","meta":{"dwc-title":[],"dwc-content":[],"footnotes":""},"categories":[5],"tags":[],"class_list":["post-28891","post","type-post","status-publish","format-standard","has-post-thumbnail","hentry","category-attualita"],"rttpg_featured_image_url":{"full":["https:\/\/imagazine.it\/wp-content\/uploads\/2024\/01\/28368-1.webp",750,528,false],"landscape":["https:\/\/imagazine.it\/wp-content\/uploads\/2024\/01\/28368-1.webp",750,528,false],"portraits":["https:\/\/imagazine.it\/wp-content\/uploads\/2024\/01\/28368-1.webp",750,528,false],"thumbnail":["https:\/\/imagazine.it\/wp-content\/uploads\/2024\/01\/28368-1-150x150.webp",150,150,true],"medium":["https:\/\/imagazine.it\/wp-content\/uploads\/2024\/01\/28368-1-300x211.webp",300,211,true],"large":["https:\/\/imagazine.it\/wp-content\/uploads\/2024\/01\/28368-1.webp",640,451,false],"thumblist":["https:\/\/imagazine.it\/wp-content\/uploads\/2024\/01\/28368-1.webp",300,211,false],"thumbrelated":["https:\/\/imagazine.it\/wp-content\/uploads\/2024\/01\/28368-1.webp",500,352,false],"meccarouselthumb":["https:\/\/imagazine.it\/wp-content\/uploads\/2024\/01\/28368-1.webp",460,324,false],"gridsquare":["https:\/\/imagazine.it\/wp-content\/uploads\/2024\/01\/28368-1.webp",369,260,false],"tileview":["https:\/\/imagazine.it\/wp-content\/uploads\/2024\/01\/28368-1.webp",300,211,false],"1536x1536":["https:\/\/imagazine.it\/wp-content\/uploads\/2024\/01\/28368-1.webp",750,528,false],"2048x2048":["https:\/\/imagazine.it\/wp-content\/uploads\/2024\/01\/28368-1.webp",750,528,false],"newsup-slider-full":["https:\/\/imagazine.it\/wp-content\/uploads\/2024\/01\/28368-1.webp",750,528,false],"newsup-featured":["https:\/\/imagazine.it\/wp-content\/uploads\/2024\/01\/28368-1.webp",750,528,false],"newsup-medium":["https:\/\/imagazine.it\/wp-content\/uploads\/2024\/01\/28368-1-720x380.webp",720,380,true],"tptn_thumbnail":["https:\/\/imagazine.it\/wp-content\/uploads\/2024\/01\/28368-1.webp",250,176,false],"sow-carousel-default":["https:\/\/imagazine.it\/wp-content\/uploads\/2024\/01\/28368-1-272x182.webp",272,182,true]},"rttpg_author":{"display_name":"redazione","author_link":"https:\/\/imagazine.it\/home_desk\/author\/redazione\/"},"rttpg_comment":0,"rttpg_category":"<a href=\"https:\/\/imagazine.it\/home_desk\/category\/attualita\/\" rel=\"category tag\">ATTUALIT\u00c0<\/a>","rttpg_excerpt":"Consegnati al direttore don Salerno","_links":{"self":[{"href":"https:\/\/imagazine.it\/home_desk\/wp-json\/wp\/v2\/posts\/28891","targetHints":{"allow":["GET"]}}],"collection":[{"href":"https:\/\/imagazine.it\/home_desk\/wp-json\/wp\/v2\/posts"}],"about":[{"href":"https:\/\/imagazine.it\/home_desk\/wp-json\/wp\/v2\/types\/post"}],"author":[{"embeddable":true,"href":"https:\/\/imagazine.it\/home_desk\/wp-json\/wp\/v2\/users\/28"}],"replies":[{"embeddable":true,"href":"https:\/\/imagazine.it\/home_desk\/wp-json\/wp\/v2\/comments?post=28891"}],"version-history":[{"count":0,"href":"https:\/\/imagazine.it\/home_desk\/wp-json\/wp\/v2\/posts\/28891\/revisions"}],"wp:featuredmedia":[{"embeddable":true,"href":"https:\/\/imagazine.it\/home_desk\/wp-json\/wp\/v2\/media\/28892"}],"wp:attachment":[{"href":"https:\/\/imagazine.it\/home_desk\/wp-json\/wp\/v2\/media?parent=28891"}],"wp:term":[{"taxonomy":"category","embeddable":true,"href":"https:\/\/imagazine.it\/home_desk\/wp-json\/wp\/v2\/categories?post=28891"},{"taxonomy":"post_tag","embeddable":true,"href":"https:\/\/imagazine.it\/home_desk\/wp-json\/wp\/v2\/tags?post=28891"}],"curies":[{"name":"wp","href":"https:\/\/api.w.org\/{rel}","templated":true}]}}