{"id":28885,"date":"2019-02-11T00:00:00","date_gmt":"2019-02-10T23:00:00","guid":{"rendered":"https:\/\/imagazine.it\/?p=28885"},"modified":"2019-02-11T00:00:00","modified_gmt":"2019-02-10T23:00:00","slug":"ritmica-agiurgiuculese-nel-codice-internazionale-di-valutazione","status":"publish","type":"post","link":"https:\/\/imagazine.it\/home_desk\/ritmica-agiurgiuculese-nel-codice-internazionale-di-valutazione\/","title":{"rendered":"Ritmica, Agiurgiuculese nel codice internazionale di valutazione"},"content":{"rendered":"<p>L\u2019Associazione Sportiva Udinese conferma il terzo posto (con 85,600 punti) nel campionato di serie A1 di ginnastica ritmica, e si distacca di quasi quattro punti dalla quarta classificata. La Faber Ginnastica Fabriano resta sempre sul gradino pi\u00f9 alto del podio seguita dall\u2019Armonia d\u2019Abruzzo.<\/p>\n<p><strong>IL SALTO \u2018AG\u2019<\/strong> \u2013 Lo scorso \u00e8 stato per\u00f2 un fine settimana particolarmente importante per <strong>Alexandra Agiurgiuculese<\/strong>: \u201c<em>Per la prima volta la federazione internazionale ha riconosciuto il suo salto e lo ha inserito nel codice con il nome di \u2018Ag\u2019, dal cognome di Alex<\/em>\u201d, spiega l\u2019allenatrice Spela Dragas. Cosa cambia dunque? \u201c<em>Questo salto, che prima non \u2018esisteva\u2019 e che \u00e8 stato realizzato da noi assieme ad Alexandra, non aveva alcun valore in termini di punteggio, ora s\u00ec. Non sar\u00e0 un semplice arricchimento della coreografia ma un vero e proprio elemento che i giudici dovranno valutare<\/em>\u201d.<\/p>\n<p><strong>LA SERIE C<\/strong> \u2013 Non \u00e8 l\u2019unica soddisfazione della sezione ritmica dell\u2019Associazione Sportiva Udinese: \u201c<em>Anche le nostre piccoline <\/em>\u2013 sottolinea Dragas \u2013 <em>ci hanno rese molto orgogliose Durante l\u2019ultima gara di serie C, infatti, hanno fatto un incredibile balzo in avanti, classificandosi terze. Nulla di strano pu\u00f2 sembrare, se non fosse che prima erano undicesime<\/em>\u201d.<\/p>\n<p>Intanto proprio una delle giovanissime atlete, <strong>Tara Dragas<\/strong>, assieme a <strong>Lara Paolini<\/strong> si appresta a partecipare al primo Indian Rhythmic Gymnastic Cup.<\/p>\n<p><strong>BENE ANCHE LA SCHERMA<\/strong> &#8211; Bene anche i giovani schermidori dell&#39;Asu, allenati da <strong>Fabio Zannier<\/strong> che hanno partecipato, a Pordenone, alla competizione Regionale Gpg a squadre. Il club friulano (<strong>Antonio Pesce, Luca Lorenzin, Lorenzo Del Medico, Gheranrdo De Falco<\/strong>, tutti del 2007) si \u00e8 classificato primo davanti a PnVit, San Quirino e Club Pordenone. Soddisfazione da parte di Zannier: &#8220;<em>I ragazzi si sono comportati bene, nonostante si trattasse di una piccola competizione si sono impegnati e hanno portato a casa una prima posizione<\/em>&#8220;.<\/p>\n<p><strong>GINNASTICA ARITISTCA MASCHILE<\/strong> &#8211; Prima prova regionale allievi Gold, invece, per i giovani della ginnastica artistica di Asu. Le gare si sono svolte all&#39;Artistica 81 di Trieste e hanno visto salire in pedana due giovani allievi: <strong>Fabio Orlandini<\/strong> e <strong>Lorenzo Facchini<\/strong> che si sono classificati 1\u00b0 e 2\u00b0, migliorando i loro personali punteggi. Per gli specialisti gold, invece, in gara c&#39;erano <strong>Enrico Meroni<\/strong>, <strong>Carlo Magliocchetti, Andrea Basana, Riccardo Bertossi<\/strong> che hanno conquistato diversi podi. &#8220;<em>Questa ga<\/em>ra \u2013 ha spiegato l&#39;allenatore, <strong>Francesco Braidot<\/strong> \u2013 <em>\u00e8 stata un buon test per la prima prova di serie B, in programma il 23 febbraio a busto Arsizio<\/em>&#8220;. Il prossimo incontro individuale sar\u00e0 il 17 marzo sempre a Trieste.<\/p>\n","protected":false},"excerpt":{"rendered":"<p>Dopo la prova di Bologna<\/p>\n","protected":false},"author":28,"featured_media":28886,"comment_status":"closed","ping_status":"closed","sticky":false,"template":"","format":"standard","meta":{"dwc-title":[],"dwc-content":[],"footnotes":""},"categories":[38],"tags":[],"class_list":["post-28885","post","type-post","status-publish","format-standard","has-post-thumbnail","hentry","category-sport"],"rttpg_featured_image_url":{"full":["https:\/\/imagazine.it\/wp-content\/uploads\/2024\/01\/28357-1.webp",750,568,false],"landscape":["https:\/\/imagazine.it\/wp-content\/uploads\/2024\/01\/28357-1.webp",750,568,false],"portraits":["https:\/\/imagazine.it\/wp-content\/uploads\/2024\/01\/28357-1.webp",750,568,false],"thumbnail":["https:\/\/imagazine.it\/wp-content\/uploads\/2024\/01\/28357-1-150x150.webp",150,150,true],"medium":["https:\/\/imagazine.it\/wp-content\/uploads\/2024\/01\/28357-1-300x227.webp",300,227,true],"large":["https:\/\/imagazine.it\/wp-content\/uploads\/2024\/01\/28357-1.webp",640,485,false],"thumblist":["https:\/\/imagazine.it\/wp-content\/uploads\/2024\/01\/28357-1.webp",300,227,false],"thumbrelated":["https:\/\/imagazine.it\/wp-content\/uploads\/2024\/01\/28357-1.webp",500,379,false],"meccarouselthumb":["https:\/\/imagazine.it\/wp-content\/uploads\/2024\/01\/28357-1.webp",428,324,false],"gridsquare":["https:\/\/imagazine.it\/wp-content\/uploads\/2024\/01\/28357-1.webp",343,260,false],"tileview":["https:\/\/imagazine.it\/wp-content\/uploads\/2024\/01\/28357-1.webp",300,227,false],"1536x1536":["https:\/\/imagazine.it\/wp-content\/uploads\/2024\/01\/28357-1.webp",750,568,false],"2048x2048":["https:\/\/imagazine.it\/wp-content\/uploads\/2024\/01\/28357-1.webp",750,568,false],"newsup-slider-full":["https:\/\/imagazine.it\/wp-content\/uploads\/2024\/01\/28357-1.webp",750,568,false],"newsup-featured":["https:\/\/imagazine.it\/wp-content\/uploads\/2024\/01\/28357-1.webp",750,568,false],"newsup-medium":["https:\/\/imagazine.it\/wp-content\/uploads\/2024\/01\/28357-1-720x380.webp",720,380,true],"tptn_thumbnail":["https:\/\/imagazine.it\/wp-content\/uploads\/2024\/01\/28357-1.webp",250,189,false],"sow-carousel-default":["https:\/\/imagazine.it\/wp-content\/uploads\/2024\/01\/28357-1-272x182.webp",272,182,true]},"rttpg_author":{"display_name":"redazione","author_link":"https:\/\/imagazine.it\/home_desk\/author\/redazione\/"},"rttpg_comment":0,"rttpg_category":"<a href=\"https:\/\/imagazine.it\/home_desk\/category\/sport\/\" rel=\"category tag\">SPORT<\/a>","rttpg_excerpt":"Dopo la prova di Bologna","_links":{"self":[{"href":"https:\/\/imagazine.it\/home_desk\/wp-json\/wp\/v2\/posts\/28885","targetHints":{"allow":["GET"]}}],"collection":[{"href":"https:\/\/imagazine.it\/home_desk\/wp-json\/wp\/v2\/posts"}],"about":[{"href":"https:\/\/imagazine.it\/home_desk\/wp-json\/wp\/v2\/types\/post"}],"author":[{"embeddable":true,"href":"https:\/\/imagazine.it\/home_desk\/wp-json\/wp\/v2\/users\/28"}],"replies":[{"embeddable":true,"href":"https:\/\/imagazine.it\/home_desk\/wp-json\/wp\/v2\/comments?post=28885"}],"version-history":[{"count":0,"href":"https:\/\/imagazine.it\/home_desk\/wp-json\/wp\/v2\/posts\/28885\/revisions"}],"wp:featuredmedia":[{"embeddable":true,"href":"https:\/\/imagazine.it\/home_desk\/wp-json\/wp\/v2\/media\/28886"}],"wp:attachment":[{"href":"https:\/\/imagazine.it\/home_desk\/wp-json\/wp\/v2\/media?parent=28885"}],"wp:term":[{"taxonomy":"category","embeddable":true,"href":"https:\/\/imagazine.it\/home_desk\/wp-json\/wp\/v2\/categories?post=28885"},{"taxonomy":"post_tag","embeddable":true,"href":"https:\/\/imagazine.it\/home_desk\/wp-json\/wp\/v2\/tags?post=28885"}],"curies":[{"name":"wp","href":"https:\/\/api.w.org\/{rel}","templated":true}]}}