{"id":28883,"date":"2019-02-11T00:00:00","date_gmt":"2019-02-10T23:00:00","guid":{"rendered":"https:\/\/imagazine.it\/?p=28883"},"modified":"2019-02-11T00:00:00","modified_gmt":"2019-02-10T23:00:00","slug":"rivive-ad-aquileia-la-domus-di-tito-macro","status":"publish","type":"post","link":"https:\/\/imagazine.it\/home_desk\/rivive-ad-aquileia-la-domus-di-tito-macro\/","title":{"rendered":"Rivive ad Aquileia la Domus di Tito Macro"},"content":{"rendered":"<p>Concluso il primo lotto del progetto di ricostruzione dei volumi della \u201cDomus di Tito Macro\u201d nei fondi Cossar ad Aquileia. La casa, una delle pi\u00f9 vaste tra quelle rinvenute nel Nord Italia, \u00e8 stata oggetto di scavo da parte dell&#39;Universit\u00e0 di Padova, in convenzione con la Soprintendenza per i Beni Archeologici del Friuli Venezia Giulia, sulla base di un progetto promosso e finanziato da Fondazione Aquileia, sostenuta dalla Regione Autonoma Friuli Venezia Giulia, e da Arcus\/Ales S.p.a.<\/p>\n<p>Si tratta della pi\u00f9 ampia struttura di copertura in laterizio monocromo di un\u2019area archeologica realizzata in Europa in modo da alludere alle forme\u00a0 della casa romana, con l\u2019implicita sfida di dar forma alle letture interpretative pi\u00f9 aggiornate delle tracce emerse dalle attivit\u00e0 di scavo.<\/p>\n<p>La dimora si estendeva per circa 1500 mq tra due delle strade lastricate della citt\u00e0, all&#39;interno di un isolato che ha restituito alcuni tra i pi\u00f9 pregevoli mosaici ora esposti al Museo Archeologico Nazionale e quello del Buon Pastore provvisoriamente collocato a Palazzo Meizlik.\u00a0 In particolare, gli scavi hanno permesso di riconoscere la pianta della domus del I secolo d.C., quando la casa dovette appartenere a un certo Tito Macro, il cui nome \u00e8 inciso su un peso in pietra rinvenuto nei recenti scavi.<\/p>\n<p>La nuova copertura comprende circa 560 mq della domus, corrispondenti alla parte orientale, con le botteghe (tra cui un forno per la panificazione, i cui resti sono rimasti in vista) affacciate su uno dei cardini, stanze da letto e di servizio, parte del corridoio che circonda il giardino, dotato di una fontana di cui si sono riconosciuti i resti. I pavimenti musivi sono stati oggetto di un attento restauro conservativo, che li ha riportati all&#39;antico splendore.<\/p>\n<p>La struttura, sostenuta da pilastri d\u2019acciaio verniciato in rosso pompeiano, allude nella sua articolazione ai volumi dell&#39;antica domus: il tetto si compone di un\u2019intelaiatura lignea che sostiene la copertura in coppi e tegole, ispirati a quelli in uso in et\u00e0 romana. Ai lati la struttura \u00e8 chiusa da elementi in laterizio, orientabili per una ventilazione ottimale dell&#39;area coperta. Il secondo stralcio, che sar\u00e0 iniziato a breve si completer\u00e0 nei primi mesi del 2020 ed estender\u00e0 la struttura nella parte occidentale, verso il secondo cardine, con l&#39;ambiente di rappresentanza principale e l&#39;atrio che si apriva sulla strada.<\/p>\n<p>L\u2019investimento complessivo, compresi gli scavi e i restauri, \u00e8 di sei milioni di euro, per met\u00e0 finanziati da ALES s.p.a.\u00a0Il progetto \u00e8 stato realizzato dal gruppo coordinato dall\u2019architetto <strong>Eugenio Vassallo <\/strong>e i lavori sono stati realizzati dall\u2019associazione d\u2019imprese guidata da CP Costruzioni e composta da Eu.Co.Re, C.M.T ed Elettro 2 S<\/p>\n<p>Una volta ultimato, al visitatore sar\u00e0 possibile percorrere gli spazi interni di un&#39;antica dimora romana, riconoscere i vari locali e la loro destinazione funzionale, ammirare le pavimentazioni musive. Si prevede di arricchire la visita con un allestimento particolarmente attento agli aspetti didattici, grazie anche all&#39;ausilio delle nuove tecnologie e a breve sar\u00e0 possibile compiere visite guidate all&#39;interno delle strutture finora completate.<\/p>\n<p>Il complesso si colloca nel solco delle opere di valorizzazione del patrimonio archeologico gi\u00e0 realizzate dalla Fondazione Aquileia, a cui sono andati negli ultimi anni numerosi e prestigiosi riconoscimenti.\u00a0 Opere che si distinguono nell&#39;ambito del dibattito sui temi della valorizzazione degli antichi resti per l&#39;originalit\u00e0 e l&#39;efficacia didattica delle soluzioni adottate.<\/p>\n<p>All\u2019inaugurazione hanno preso parte, tra gli altri, il presidente di Ales, <strong>Mario De Simoni<\/strong>, oltre ai progettisti e ai rappresentanti delle imprese che hanno condotto gli interventi di ricostruzione e restauro.<\/p>\n","protected":false},"excerpt":{"rendered":"<p>Nel contesto dei fondi Cossar<\/p>\n","protected":false},"author":28,"featured_media":28884,"comment_status":"closed","ping_status":"closed","sticky":false,"template":"","format":"standard","meta":{"dwc-title":[],"dwc-content":[],"footnotes":""},"categories":[5],"tags":[],"class_list":["post-28883","post","type-post","status-publish","format-standard","has-post-thumbnail","hentry","category-attualita"],"rttpg_featured_image_url":{"full":["https:\/\/imagazine.it\/wp-content\/uploads\/2024\/01\/28350-1.webp",750,498,false],"landscape":["https:\/\/imagazine.it\/wp-content\/uploads\/2024\/01\/28350-1.webp",750,498,false],"portraits":["https:\/\/imagazine.it\/wp-content\/uploads\/2024\/01\/28350-1.webp",750,498,false],"thumbnail":["https:\/\/imagazine.it\/wp-content\/uploads\/2024\/01\/28350-1-150x150.webp",150,150,true],"medium":["https:\/\/imagazine.it\/wp-content\/uploads\/2024\/01\/28350-1-300x199.webp",300,199,true],"large":["https:\/\/imagazine.it\/wp-content\/uploads\/2024\/01\/28350-1.webp",640,425,false],"thumblist":["https:\/\/imagazine.it\/wp-content\/uploads\/2024\/01\/28350-1.webp",300,199,false],"thumbrelated":["https:\/\/imagazine.it\/wp-content\/uploads\/2024\/01\/28350-1.webp",500,332,false],"meccarouselthumb":["https:\/\/imagazine.it\/wp-content\/uploads\/2024\/01\/28350-1.webp",474,315,false],"gridsquare":["https:\/\/imagazine.it\/wp-content\/uploads\/2024\/01\/28350-1.webp",391,260,false],"tileview":["https:\/\/imagazine.it\/wp-content\/uploads\/2024\/01\/28350-1.webp",300,199,false],"1536x1536":["https:\/\/imagazine.it\/wp-content\/uploads\/2024\/01\/28350-1.webp",750,498,false],"2048x2048":["https:\/\/imagazine.it\/wp-content\/uploads\/2024\/01\/28350-1.webp",750,498,false],"newsup-slider-full":["https:\/\/imagazine.it\/wp-content\/uploads\/2024\/01\/28350-1.webp",750,498,false],"newsup-featured":["https:\/\/imagazine.it\/wp-content\/uploads\/2024\/01\/28350-1.webp",750,498,false],"newsup-medium":["https:\/\/imagazine.it\/wp-content\/uploads\/2024\/01\/28350-1-720x380.webp",720,380,true],"tptn_thumbnail":["https:\/\/imagazine.it\/wp-content\/uploads\/2024\/01\/28350-1.webp",250,166,false],"sow-carousel-default":["https:\/\/imagazine.it\/wp-content\/uploads\/2024\/01\/28350-1-272x182.webp",272,182,true]},"rttpg_author":{"display_name":"redazione","author_link":"https:\/\/imagazine.it\/home_desk\/author\/redazione\/"},"rttpg_comment":0,"rttpg_category":"<a href=\"https:\/\/imagazine.it\/home_desk\/category\/attualita\/\" rel=\"category tag\">ATTUALIT\u00c0<\/a>","rttpg_excerpt":"Nel contesto dei fondi Cossar","_links":{"self":[{"href":"https:\/\/imagazine.it\/home_desk\/wp-json\/wp\/v2\/posts\/28883","targetHints":{"allow":["GET"]}}],"collection":[{"href":"https:\/\/imagazine.it\/home_desk\/wp-json\/wp\/v2\/posts"}],"about":[{"href":"https:\/\/imagazine.it\/home_desk\/wp-json\/wp\/v2\/types\/post"}],"author":[{"embeddable":true,"href":"https:\/\/imagazine.it\/home_desk\/wp-json\/wp\/v2\/users\/28"}],"replies":[{"embeddable":true,"href":"https:\/\/imagazine.it\/home_desk\/wp-json\/wp\/v2\/comments?post=28883"}],"version-history":[{"count":0,"href":"https:\/\/imagazine.it\/home_desk\/wp-json\/wp\/v2\/posts\/28883\/revisions"}],"wp:featuredmedia":[{"embeddable":true,"href":"https:\/\/imagazine.it\/home_desk\/wp-json\/wp\/v2\/media\/28884"}],"wp:attachment":[{"href":"https:\/\/imagazine.it\/home_desk\/wp-json\/wp\/v2\/media?parent=28883"}],"wp:term":[{"taxonomy":"category","embeddable":true,"href":"https:\/\/imagazine.it\/home_desk\/wp-json\/wp\/v2\/categories?post=28883"},{"taxonomy":"post_tag","embeddable":true,"href":"https:\/\/imagazine.it\/home_desk\/wp-json\/wp\/v2\/tags?post=28883"}],"curies":[{"name":"wp","href":"https:\/\/api.w.org\/{rel}","templated":true}]}}