{"id":28877,"date":"2019-02-11T00:00:00","date_gmt":"2019-02-10T23:00:00","guid":{"rendered":"https:\/\/imagazine.it\/?p=28877"},"modified":"2019-02-11T00:00:00","modified_gmt":"2019-02-10T23:00:00","slug":"monfalcone-dalla-mangiarotti-solidarieta-per-la-montagna-friulana-alluvionata","status":"publish","type":"post","link":"https:\/\/imagazine.it\/home_desk\/monfalcone-dalla-mangiarotti-solidarieta-per-la-montagna-friulana-alluvionata\/","title":{"rendered":"Monfalcone, dalla Mangiarotti solidariet\u00e0 per la montagna friulana alluvionata"},"content":{"rendered":"<p>Quasi seimila euro raccolti in azienda per dimostrare concretamente la solidariet\u00e0 alle genti della Montagna friulana, colpita dall\u2019alluvione dell\u2019ottobre scorso. Li ha donati Mangiarotti Spa di Monfalcone e di Pannellia di Sedegliano.<\/p>\n<p>La consegna ufficiale dell\u2019assegno di 5.845 euro \u00e8 avvenuta lo scorso 7 febbraio in Confindustria Udine, presenti l\u2019Amministratore delegato di Mangiarotti Spa, <strong>Mario Signorini<\/strong>, il direttore del personale <strong>Fabrizio Grisenti<\/strong>, i rappresentanti sindacali aziendali dei lavoratori, <strong>Sebastiano Titton<\/strong> e <strong>Maurizio Franco<\/strong>, la presidente di Confindustria Udine, <strong>Anna Mareschi Danieli<\/strong>, e <strong>Nicoletta Di Piazza<\/strong>, componente del Comitato della Delegazione di Tolmezzo degli Industriali friulani.<\/p>\n<p>\u201cL\u2019iniziativa \u2013 come ha ricordato <strong>Anna Mareschi Danieli<\/strong> \u2013 rientra nel progetto \u2018Solidariet\u00e0 Montagna\u2019, un fondo promosso da Confindustria Udine e dalle organizzazioni sindacali territoriali CGIL, CISL e UIL a favore delle popolazioni delle zone montane della nostra provincia colpite dall\u2019alluvione. Per ogni ora donata dai lavoratori, le aziende hanno fatto altrettanto. La consegna di oggi \u00e8 soltanto una prima, significativa, tranche delle somme che sono state raccolte, il cui ammontare definitivo sar\u00e0 presto reso noto\u201d.<\/p>\n<p>\u201cMangiarotti Spa, che fa parte del Gruppo americano Westinghouse Electric Company \u2013 ha spiegato<strong> Mario Signorini <\/strong>\u2013 si \u00e8 sentita in dovere di prendere parte a questa iniziativa e lo ha fatto con slancio fin dall\u2019inizio. La modalit\u00e0 di intervento \u00e8 stata condivisa sia con i sindacati che con i dipendenti, ed \u00e8 stata scelta con convinzione, proprio perch\u00e9 risponde pienamente, nelle modalit\u00e0 e nella sua natura, alla tipologia di iniziative sociali che l\u2019azienda potr\u00e0 adottare anche in futuro a sostegno del territorio\u201d.<\/p>\n<p><strong>Nicoletta Di Piazza<\/strong>, nel ringraziare Mangiarotti Spa a nome delle imprese della Montagna, ha posto l\u2019accento \u201csulla solidariet\u00e0 che ancora una volta il mondo produttivo friulano ha saputo mettere in campo di fronte a una pesante calamit\u00e0 che ha colpito una parte del suo territorio\u201d, sottolineando al contempo \u201cl\u2019eccellente collaborazione e i rapporti sempre pi\u00f9 stretti, propositivi e positivi che intercorrono tra Confindustria Udine e la Delegazione di Tolmezzo a beneficio delle aziende\u201d.<\/p>\n<p>Sono 116 i dipendenti Mangiarotti Spa che hanno aderito all\u2019iniziativa del Fondo Solidariet\u00e0 Montagna e le ore donate sono complessivamente 166.<\/p>\n<p>I fondi raccolti, al pari delle altre somme devolute dalle imprese e dei lavoratori della provincia di Udine, saranno destinati a interventi sul territorio montano colpito dall\u2019alluvione sulla base di necessit\u00e0 e priorit\u00e0 verificate con i sindaci dei Comuni interessati.<\/p>\n","protected":false},"excerpt":{"rendered":"<p>Donati quasi seimila euro<\/p>\n","protected":false},"author":28,"featured_media":28878,"comment_status":"closed","ping_status":"closed","sticky":false,"template":"","format":"standard","meta":{"dwc-title":[],"dwc-content":[],"footnotes":""},"categories":[5],"tags":[],"class_list":["post-28877","post","type-post","status-publish","format-standard","has-post-thumbnail","hentry","category-attualita"],"rttpg_featured_image_url":{"full":["https:\/\/imagazine.it\/wp-content\/uploads\/2024\/01\/28334-1.webp",750,500,false],"landscape":["https:\/\/imagazine.it\/wp-content\/uploads\/2024\/01\/28334-1.webp",750,500,false],"portraits":["https:\/\/imagazine.it\/wp-content\/uploads\/2024\/01\/28334-1.webp",750,500,false],"thumbnail":["https:\/\/imagazine.it\/wp-content\/uploads\/2024\/01\/28334-1-150x150.webp",150,150,true],"medium":["https:\/\/imagazine.it\/wp-content\/uploads\/2024\/01\/28334-1-300x200.webp",300,200,true],"large":["https:\/\/imagazine.it\/wp-content\/uploads\/2024\/01\/28334-1.webp",640,427,false],"thumblist":["https:\/\/imagazine.it\/wp-content\/uploads\/2024\/01\/28334-1.webp",300,200,false],"thumbrelated":["https:\/\/imagazine.it\/wp-content\/uploads\/2024\/01\/28334-1.webp",500,333,false],"meccarouselthumb":["https:\/\/imagazine.it\/wp-content\/uploads\/2024\/01\/28334-1.webp",474,316,false],"gridsquare":["https:\/\/imagazine.it\/wp-content\/uploads\/2024\/01\/28334-1.webp",391,260,false],"tileview":["https:\/\/imagazine.it\/wp-content\/uploads\/2024\/01\/28334-1.webp",300,200,false],"1536x1536":["https:\/\/imagazine.it\/wp-content\/uploads\/2024\/01\/28334-1.webp",750,500,false],"2048x2048":["https:\/\/imagazine.it\/wp-content\/uploads\/2024\/01\/28334-1.webp",750,500,false],"newsup-slider-full":["https:\/\/imagazine.it\/wp-content\/uploads\/2024\/01\/28334-1.webp",750,500,false],"newsup-featured":["https:\/\/imagazine.it\/wp-content\/uploads\/2024\/01\/28334-1.webp",750,500,false],"newsup-medium":["https:\/\/imagazine.it\/wp-content\/uploads\/2024\/01\/28334-1-720x380.webp",720,380,true],"tptn_thumbnail":["https:\/\/imagazine.it\/wp-content\/uploads\/2024\/01\/28334-1.webp",250,167,false],"sow-carousel-default":["https:\/\/imagazine.it\/wp-content\/uploads\/2024\/01\/28334-1-272x182.webp",272,182,true]},"rttpg_author":{"display_name":"redazione","author_link":"https:\/\/imagazine.it\/home_desk\/author\/redazione\/"},"rttpg_comment":0,"rttpg_category":"<a href=\"https:\/\/imagazine.it\/home_desk\/category\/attualita\/\" rel=\"category tag\">ATTUALIT\u00c0<\/a>","rttpg_excerpt":"Donati quasi seimila euro","_links":{"self":[{"href":"https:\/\/imagazine.it\/home_desk\/wp-json\/wp\/v2\/posts\/28877","targetHints":{"allow":["GET"]}}],"collection":[{"href":"https:\/\/imagazine.it\/home_desk\/wp-json\/wp\/v2\/posts"}],"about":[{"href":"https:\/\/imagazine.it\/home_desk\/wp-json\/wp\/v2\/types\/post"}],"author":[{"embeddable":true,"href":"https:\/\/imagazine.it\/home_desk\/wp-json\/wp\/v2\/users\/28"}],"replies":[{"embeddable":true,"href":"https:\/\/imagazine.it\/home_desk\/wp-json\/wp\/v2\/comments?post=28877"}],"version-history":[{"count":0,"href":"https:\/\/imagazine.it\/home_desk\/wp-json\/wp\/v2\/posts\/28877\/revisions"}],"wp:featuredmedia":[{"embeddable":true,"href":"https:\/\/imagazine.it\/home_desk\/wp-json\/wp\/v2\/media\/28878"}],"wp:attachment":[{"href":"https:\/\/imagazine.it\/home_desk\/wp-json\/wp\/v2\/media?parent=28877"}],"wp:term":[{"taxonomy":"category","embeddable":true,"href":"https:\/\/imagazine.it\/home_desk\/wp-json\/wp\/v2\/categories?post=28877"},{"taxonomy":"post_tag","embeddable":true,"href":"https:\/\/imagazine.it\/home_desk\/wp-json\/wp\/v2\/tags?post=28877"}],"curies":[{"name":"wp","href":"https:\/\/api.w.org\/{rel}","templated":true}]}}