{"id":28835,"date":"2019-02-04T00:00:00","date_gmt":"2019-02-03T23:00:00","guid":{"rendered":"https:\/\/imagazine.it\/?p=28835"},"modified":"2019-02-04T00:00:00","modified_gmt":"2019-02-03T23:00:00","slug":"export-anche-udine-in-promos-italia","status":"publish","type":"post","link":"https:\/\/imagazine.it\/home_desk\/export-anche-udine-in-promos-italia\/","title":{"rendered":"Export, anche Udine in Promos Italia"},"content":{"rendered":"<p>Nuove opportunit\u00e0 in tema di mercati esteri per le imprese friulane grazie all\u2019adesione dell\u2019Azienda speciale I.Ter della Camera di Commercio di Pordenone-Udine a Promos Italia Scrl, la nuova struttura del sistema camerale italiano a supporto dell\u2019internazionalizzazione delle imprese. La societ\u00e0 nasce dall\u2019accorpamento di un primo gruppo di <strong>aziende speciali<\/strong> del <strong>sistema camerale: oltre a I.Ter di Udine, <\/strong>ci sono <strong>Promos Milano<\/strong>, <strong>WTC Genova<\/strong>, <strong>Promec Modena<\/strong> ed <strong>Eurosportello Ravenna<\/strong>, che complessivamente contano un <strong>bacino di circa 600 mila imprese<\/strong>, con l\u2019obiettivo di dare seguito e attuazione al percorso di razionalizzazione ed efficientamento delle strutture camerali previsto dal decreto di riforma delle Camere di commercio del 2016.<\/p>\n<p>Per le imprese del territorio continua dunque a operare <strong>l\u2019ufficio di Udine<\/strong> in <strong>Camera di Commercio,<\/strong> che per\u00f2 grazie a questa nuova partnership potr\u00e0 offrire un programma ancor pi\u00f9 potenziato e garantire una maggior possibilit\u00e0 di confronto e cooperazione con imprese del network nazionale.<\/p>\n<p>Il Consiglio di amministrazione di Promos, presieduto dal presidente della Camera di commercio di Pordenone-Udine <strong>Giovanni Da Pozzo<\/strong>, \u00e8 composto da <strong>Carlo Edoardo Valli<\/strong>, vice presidente della Camera di commercio di Milano Monza Brianza Lodi;<strong> Anna Mareschi Danieli<\/strong>, presidente di Confindustria Udine e designata dalla Camera di commercio di Pordenone-Udine; <strong>Francesca Federzoni<\/strong>, consigliera della Camera di commercio di Modena e <strong>Achille Giacchetta<\/strong>, vicepresidente della Camera di commercio di Genova. Alla direzione della societ\u00e0 \u00e8 stato nominato <strong>Alessandro Gelli<\/strong>, che nel corso degli anni ha ricoperto incarichi dirigenziali in societ\u00e0 internazionali con sede negli Emirati Arabi, in Germania e nei Paesi Baltici.<\/p>\n<p><em>\u00abIn un momento ancora difficile per l\u2019economia, anche a livello globale, \u00e8 necessario consolidare i punti di forza del nostro sistema Paese e tra questi \u2013 <\/em>commenta <strong>Carlo Sangalli<\/strong>, presidente di Unioncamere <em>\u2013 certamente l\u2019internazionalizzazione. La nascita di Promos Italia va in questa direzione e dimostra, ancora una volta, la capacit\u00e0 delle Camere di commercio di essere utili e innovative. L&#39;obiettivo \u00e8 quello di offrire alle nostre imprese uno strumento in pi\u00f9 sul fronte dei mercati internazionali. In particolare, alle tantissime aziende che ancora oggi non esportano, o esportano poco, pur avendone tutte le potenzialit\u00e0\u00bb.<\/em><\/p>\n<p><em>\u00abPromos Italia \u2013 <\/em>spiega il presidente di Promos Italia <strong>Giovanni Da Pozzo <\/strong><em>\u2013 permette al sistema camerale di continuare a garantire il proprio ruolo istituzionale a supporto dell\u2019internazionalizzazione delle imprese mettendo a fattor comune esperienze e competenze di ciascuna struttura territoriale dedicata. La capacit\u00e0 di ascolto dei territori e delle esigenze delle sue imprese \u00e8 da sempre una peculiarit\u00e0 del mondo camerale che permette di proporre soluzioni adeguate e di realizzare servizi realmente utili. La nostra attivit\u00e0 sar\u00e0 realizzata facendo sistema e coinvolgendo tutti gli stakeholder di riferimento e le altre istituzioni. \u00c8 una metodologia intrinseca al sistema camerale che abbiamo consolidato nel corso degli anni. Uno degli obiettivi per il 2019 \u00e8 accogliere in Promos Italia altre strutture camerali, da un lato per dar seguito a processo di efficientamento, dall\u2019altro per estendere la presenza territoriale e, di conseguenza, rafforzare ancor di pi\u00f9 la capacit\u00e0 di assistenza diretta alle imprese sui temi dell\u2019internazionalizzazione\u00bb.<\/em><\/p>\n<p>Promos Italia <strong>prepara all\u2019export nuove potenziali imprese esportatrici e amplia il business internazionale di quelle gi\u00e0 attive nei mercati esteri<\/strong>. Queste finalit\u00e0 saranno perseguite mettendo a disposizione delle pmi italiane un\u2019ampia gamma di servizi a supporto: informazione specialistica, formazione qualificata, assistenza personalizzata, incontri b2b in Italia e all\u2019estero con operatori selezionati e soluzioni per il digital export sono le attivit\u00e0 proposte. Inoltre, verr\u00e0 svolta un\u2019attivit\u00e0 di supporto agli operatori esteri interessati a investire sul territorio nazionale in sinergia con Ice, Invitalia e con le regioni.<\/p>\n<p>La nuova realt\u00e0 del sistema camerale italiano beneficer\u00e0 della <strong>competenza e dell\u2019esperienza<\/strong> del personale delle camere di commercio che da anni supporta in tutta Italia i processi di internazionalizzazione delle imprese e pianificher\u00e0 le attivit\u00e0 sulla base delle <strong>peculiarit\u00e0 territoriali<\/strong>, focalizzandosi sui <strong>settori prioritari di ciascun territorio<\/strong> e sui mercati internazionali che offrono opportunit\u00e0 di business per quei comparti.<\/p>\n<p>L\u2019azione di Promos Italia avverr\u00e0 in costante raccordo con il Ministero dello Sviluppo Economico, che ha accolto con favore l\u2019operazione, e attraverso una forte sinergia con ICE e con i suoi uffici esteri, con le Regioni, con le camere di commercio italiane all\u2019estero, con Sace Simest e con altre entit\u00e0 nazionali che si occupano di internazionalizzazione delle imprese. Da queste realt\u00e0 la nuova struttura del sistema camerale italiano si differenzia per la <strong>prossimit\u00e0 alle aziende del territorio<\/strong> e <strong>per la capacit\u00e0 di ascolto delle esigenze<\/strong> <strong>delle sue imprese<\/strong>, caratteristiche che sono da sempre tra i punti di forza delle camere di commercio, che grazie a ci\u00f2 sono in grado di proporre <strong>soluzioni adeguate, servizi utili e personalizzati<\/strong>.<\/p>\n<p>\u00a0<\/p>\n<p><strong>EXPORT, I DATI<\/strong><\/p>\n<p>L\u2019Italia nei primi nove mesi del 2018 ha esportato per 342 miliardi, pari a 10 miliardi in pi\u00f9 rispetto allo stesso periodo del 2017. L\u2019aumento \u00e8 del 3,1%. Prime in classifica Milano con 32 miliardi di euro circa (+5,5%), seguono Torino con 14,6 miliardi e Vicenza con 13 miliardi (+1,6%). Emerge da un\u2019elaborazione della Camera di commercio di Milano Monza Brianza Lodi e di Promos Italia.<\/p>\n<p><strong>L\u2019export italiano raggiunge soprattutto l\u2019Unione Europea (195 miliardi, 56,9% del totale, +4,3%)<\/strong>. In particolare bene Germania (+4%) e Francia (+4,8%). In forte crescita Svizzera (+12,9%) e India (+12,2%) e come aree tutta l\u2019Asia centrale (+19,7%) e l\u2019Oceania (+8,3%). In America settentrionale gli Stati Uniti con 30 miliardi crescono del 3,2% e il Canada con 3 miliardi del 3,5%.<\/p>\n<p><strong>L\u2019export italiano \u00e8 guidato dal settore manifatturiero, soprattutto da macchinari, moda, mezzi di trasporto e metalli<\/strong>. I macchinari raggiungono quasi i 60 miliardi nei primi nove mesi (+1,4%). Seguono l\u2019abbigliamento e i tessili con 39 miliardi (+2,3%), i mezzi di trasporto con 38,8 miliardi (+2,2%) e i prodotti in metallo con 37 miliardi (+5,9%). Pi\u00f9 nel dettaglio, i pi\u00f9 esportati sono gli autoveicoli (16,9 miliardi), i medicinali (16,2 miliardi). Vengono poi i prodotti della raffinazione del petrolio e le parti e accessori per autoveicoli (10 miliardi circa), le calzature e il ferro (7 miliardi), l\u2019abbigliamento (6,7 miliardi) e gli articoli da viaggio, borse e pelletteria (5,7 miliardi). Tra i prodotti pi\u00f9 esportati in crescita anche aeromobili, veicoli spaziali e relativi dispositivi (+11,7%), motori, generatori e trasformatori elettrici (+11%).<\/p>\n<p><strong>L\u2019import nazionale \u00e8 di quasi 314 miliardi, +5%<\/strong>. Prima la Lombardia con 99,5 miliardi, seguono Veneto con 36 miliardi, Emilia Romagna e Lazio con 27 miliardi e Piemonte con 25 miliardi. Spicca Milano con 50,6 miliardi (+6%), seguita da Roma con 16 miliardi e Torino con 13,4. Mezzi di trasporto (36 miliardi) con, in particolare, autoveicoli ma anche prodotti dell\u2019estrazione (34 miliardi), soprattutto petrolio greggio, metalli (33,9 miliardi) e chimici (29,7 miliardi). Unione Europea (184 miliardi) con Germania (51,6 miliardi) e Francia (27 miliardi) ma anche la Cina (23 miliardi) tra i maggiori partner.<\/p>\n","protected":false},"excerpt":{"rendered":"<p>Giovanni Da Pozzo presidente del CdA<\/p>\n","protected":false},"author":28,"featured_media":28836,"comment_status":"closed","ping_status":"closed","sticky":false,"template":"","format":"standard","meta":{"dwc-title":[],"dwc-content":[],"footnotes":""},"categories":[5],"tags":[],"class_list":["post-28835","post","type-post","status-publish","format-standard","has-post-thumbnail","hentry","category-attualita"],"rttpg_featured_image_url":{"full":["https:\/\/imagazine.it\/wp-content\/uploads\/2024\/01\/28240-1.webp",750,498,false],"landscape":["https:\/\/imagazine.it\/wp-content\/uploads\/2024\/01\/28240-1.webp",750,498,false],"portraits":["https:\/\/imagazine.it\/wp-content\/uploads\/2024\/01\/28240-1.webp",750,498,false],"thumbnail":["https:\/\/imagazine.it\/wp-content\/uploads\/2024\/01\/28240-1-150x150.webp",150,150,true],"medium":["https:\/\/imagazine.it\/wp-content\/uploads\/2024\/01\/28240-1-300x199.webp",300,199,true],"large":["https:\/\/imagazine.it\/wp-content\/uploads\/2024\/01\/28240-1.webp",640,425,false],"thumblist":["https:\/\/imagazine.it\/wp-content\/uploads\/2024\/01\/28240-1.webp",300,199,false],"thumbrelated":["https:\/\/imagazine.it\/wp-content\/uploads\/2024\/01\/28240-1.webp",500,332,false],"meccarouselthumb":["https:\/\/imagazine.it\/wp-content\/uploads\/2024\/01\/28240-1.webp",474,315,false],"gridsquare":["https:\/\/imagazine.it\/wp-content\/uploads\/2024\/01\/28240-1.webp",391,260,false],"tileview":["https:\/\/imagazine.it\/wp-content\/uploads\/2024\/01\/28240-1.webp",300,199,false],"1536x1536":["https:\/\/imagazine.it\/wp-content\/uploads\/2024\/01\/28240-1.webp",750,498,false],"2048x2048":["https:\/\/imagazine.it\/wp-content\/uploads\/2024\/01\/28240-1.webp",750,498,false],"newsup-slider-full":["https:\/\/imagazine.it\/wp-content\/uploads\/2024\/01\/28240-1.webp",750,498,false],"newsup-featured":["https:\/\/imagazine.it\/wp-content\/uploads\/2024\/01\/28240-1.webp",750,498,false],"newsup-medium":["https:\/\/imagazine.it\/wp-content\/uploads\/2024\/01\/28240-1-720x380.webp",720,380,true],"tptn_thumbnail":["https:\/\/imagazine.it\/wp-content\/uploads\/2024\/01\/28240-1.webp",250,166,false],"sow-carousel-default":["https:\/\/imagazine.it\/wp-content\/uploads\/2024\/01\/28240-1-272x182.webp",272,182,true]},"rttpg_author":{"display_name":"redazione","author_link":"https:\/\/imagazine.it\/home_desk\/author\/redazione\/"},"rttpg_comment":0,"rttpg_category":"<a href=\"https:\/\/imagazine.it\/home_desk\/category\/attualita\/\" rel=\"category tag\">ATTUALIT\u00c0<\/a>","rttpg_excerpt":"Giovanni Da Pozzo presidente del CdA","_links":{"self":[{"href":"https:\/\/imagazine.it\/home_desk\/wp-json\/wp\/v2\/posts\/28835","targetHints":{"allow":["GET"]}}],"collection":[{"href":"https:\/\/imagazine.it\/home_desk\/wp-json\/wp\/v2\/posts"}],"about":[{"href":"https:\/\/imagazine.it\/home_desk\/wp-json\/wp\/v2\/types\/post"}],"author":[{"embeddable":true,"href":"https:\/\/imagazine.it\/home_desk\/wp-json\/wp\/v2\/users\/28"}],"replies":[{"embeddable":true,"href":"https:\/\/imagazine.it\/home_desk\/wp-json\/wp\/v2\/comments?post=28835"}],"version-history":[{"count":0,"href":"https:\/\/imagazine.it\/home_desk\/wp-json\/wp\/v2\/posts\/28835\/revisions"}],"wp:featuredmedia":[{"embeddable":true,"href":"https:\/\/imagazine.it\/home_desk\/wp-json\/wp\/v2\/media\/28836"}],"wp:attachment":[{"href":"https:\/\/imagazine.it\/home_desk\/wp-json\/wp\/v2\/media?parent=28835"}],"wp:term":[{"taxonomy":"category","embeddable":true,"href":"https:\/\/imagazine.it\/home_desk\/wp-json\/wp\/v2\/categories?post=28835"},{"taxonomy":"post_tag","embeddable":true,"href":"https:\/\/imagazine.it\/home_desk\/wp-json\/wp\/v2\/tags?post=28835"}],"curies":[{"name":"wp","href":"https:\/\/api.w.org\/{rel}","templated":true}]}}