{"id":28833,"date":"2019-02-04T00:00:00","date_gmt":"2019-02-03T23:00:00","guid":{"rendered":"https:\/\/imagazine.it\/?p=28833"},"modified":"2019-02-04T00:00:00","modified_gmt":"2019-02-03T23:00:00","slug":"dallidea-friulana-nasce-il-festival-italiano-del-potatore","status":"publish","type":"post","link":"https:\/\/imagazine.it\/home_desk\/dallidea-friulana-nasce-il-festival-italiano-del-potatore\/","title":{"rendered":"Dall&#8217;idea friulana nasce il Festival italiano del Potatore"},"content":{"rendered":"<p>Una <strong>giornata di festa dedicata al \u201csaper fare in vigna\u201d aperta a tutti<\/strong>: parte dagli specialisti friulani <strong>Simonit&#038;Sirch<\/strong> l\u2019idea di dar vita al <strong>primo Festival italiano del Potatore in Italia<\/strong>. Il Festival <strong>si terr\u00e0 il 9 marzo a Erbusco <\/strong>(provincia di Brescia), nei vigneti della <strong>Franciacorta<\/strong>, dove alcune aziende, hanno sposato il metodo rivoluzionario di potatura.<\/p>\n<p>Il Contest \u00e8 aperto a tutti coloro che vorranno mostrare le proprie abilit\u00e0 in una competizione che premier\u00e0 accuratezza dei tagli e velocit\u00e0. Le iscrizioni sono aperte. Saranno ammessi 100 iscritti che potranno disputare gare individuali e a squadre. La giuria, costituita da tecnici Simonit&#038;Sirch e da altri esperti internazionali di potatura, decreter\u00e0 i migliori classificati nelle varie categorie. Il campo gara sar\u00e0 il vigneto Le Brede di Erbusco ai piedi di Villa Lechi, una delle pi\u00f9 scenografiche ville della Franciacorta.<\/p>\n<p>Il <strong><em>Pruning Contest<\/em><\/strong> sar\u00e0 il cuore di una <strong>giornata dedicata al \u201csaper fare in vigna\u201d aperta a tutti con ingresso gratuito<\/strong>, potatori, famiglie, amici e appassionati. Speaker della gara, che inizier\u00e0 alle 9, sar\u00e0 <strong>Federico Quaranta<\/strong>, autore e conduttore del programma radiofonico <em>Decanter<\/em> su Radio 2 e conduttore di <em>Linea Verde<\/em> su Rai 1, da sempre impegnato nella difesa e valorizzazione dei prodotti e dei saperi dell\u2019agricoltura italiana. Il pubblico potr\u00e0 osservare da vicino i concorrenti intenti a potare le piante.<\/p>\n<p>A fare da contorno al <em>Pruning Contest<\/em>, <strong>musica, banchetti<\/strong> <strong>a tema e una serie di attivit\u00e0 collaterali<\/strong> legate al mondo agricolo, fra cui laboratori con artigiani intenti ai loro mestieri tradizionali e l\u2019Atelier delle forbici tenuto dalla Felco, azienda leader del settore, Main Sponsor della manifestazione, che gode del <strong>Patrocinio del Comune di Erbusco e del Consorzio Franciacorta<\/strong>. Sotto i portici di Villa Lechi saranno allestite postazioni dove <strong>degustare Franciacorta e food, <\/strong>mentre ai pi\u00f9 piccini sar\u00e0 riservato un angolo del vigneto con le teste dei filari contrassegnati da gigantesche matite colorate, dove verranno organizzati giochi e attivit\u00e0. Per loro, in programma il <strong>\u201cWannabe a pruninguy\u201d:<\/strong> ciascun bambino sceglier\u00e0 una barbatella di vite e la pianter\u00e0, contrassegnandola con il suo nome e la data, dando vita a un \u201cvigneto simbolico\u201d, di buon auspicio per il futuro.<\/p>\n<p>Tutti i dettagli delle gare, iscrizioni, il programma degli eventi su: <u><a href=\"http:\/\/www.festivaldelpotatore.it\" target=\"_blank\" rel=\"noopener\"><strong>www.festivaldelpotatore.it<\/strong><\/a><\/u><\/p>\n","protected":false},"excerpt":{"rendered":"<p>Il 9 marzo in Franciacorta<\/p>\n","protected":false},"author":28,"featured_media":28834,"comment_status":"closed","ping_status":"closed","sticky":false,"template":"","format":"standard","meta":{"dwc-title":[],"dwc-content":[],"footnotes":""},"categories":[8],"tags":[],"class_list":["post-28833","post","type-post","status-publish","format-standard","has-post-thumbnail","hentry","category-turismo"],"rttpg_featured_image_url":{"full":["https:\/\/imagazine.it\/wp-content\/uploads\/2024\/01\/28239-1.webp",750,501,false],"landscape":["https:\/\/imagazine.it\/wp-content\/uploads\/2024\/01\/28239-1.webp",750,501,false],"portraits":["https:\/\/imagazine.it\/wp-content\/uploads\/2024\/01\/28239-1.webp",750,501,false],"thumbnail":["https:\/\/imagazine.it\/wp-content\/uploads\/2024\/01\/28239-1-150x150.webp",150,150,true],"medium":["https:\/\/imagazine.it\/wp-content\/uploads\/2024\/01\/28239-1-300x200.webp",300,200,true],"large":["https:\/\/imagazine.it\/wp-content\/uploads\/2024\/01\/28239-1.webp",640,428,false],"thumblist":["https:\/\/imagazine.it\/wp-content\/uploads\/2024\/01\/28239-1.webp",300,200,false],"thumbrelated":["https:\/\/imagazine.it\/wp-content\/uploads\/2024\/01\/28239-1.webp",500,334,false],"meccarouselthumb":["https:\/\/imagazine.it\/wp-content\/uploads\/2024\/01\/28239-1.webp",474,317,false],"gridsquare":["https:\/\/imagazine.it\/wp-content\/uploads\/2024\/01\/28239-1.webp",389,260,false],"tileview":["https:\/\/imagazine.it\/wp-content\/uploads\/2024\/01\/28239-1.webp",300,200,false],"1536x1536":["https:\/\/imagazine.it\/wp-content\/uploads\/2024\/01\/28239-1.webp",750,501,false],"2048x2048":["https:\/\/imagazine.it\/wp-content\/uploads\/2024\/01\/28239-1.webp",750,501,false],"newsup-slider-full":["https:\/\/imagazine.it\/wp-content\/uploads\/2024\/01\/28239-1.webp",750,501,false],"newsup-featured":["https:\/\/imagazine.it\/wp-content\/uploads\/2024\/01\/28239-1.webp",750,501,false],"newsup-medium":["https:\/\/imagazine.it\/wp-content\/uploads\/2024\/01\/28239-1-720x380.webp",720,380,true],"tptn_thumbnail":["https:\/\/imagazine.it\/wp-content\/uploads\/2024\/01\/28239-1.webp",250,167,false],"sow-carousel-default":["https:\/\/imagazine.it\/wp-content\/uploads\/2024\/01\/28239-1-272x182.webp",272,182,true]},"rttpg_author":{"display_name":"redazione","author_link":"https:\/\/imagazine.it\/home_desk\/author\/redazione\/"},"rttpg_comment":0,"rttpg_category":"<a href=\"https:\/\/imagazine.it\/home_desk\/category\/turismo\/\" rel=\"category tag\">TURISMO<\/a>","rttpg_excerpt":"Il 9 marzo in Franciacorta","_links":{"self":[{"href":"https:\/\/imagazine.it\/home_desk\/wp-json\/wp\/v2\/posts\/28833","targetHints":{"allow":["GET"]}}],"collection":[{"href":"https:\/\/imagazine.it\/home_desk\/wp-json\/wp\/v2\/posts"}],"about":[{"href":"https:\/\/imagazine.it\/home_desk\/wp-json\/wp\/v2\/types\/post"}],"author":[{"embeddable":true,"href":"https:\/\/imagazine.it\/home_desk\/wp-json\/wp\/v2\/users\/28"}],"replies":[{"embeddable":true,"href":"https:\/\/imagazine.it\/home_desk\/wp-json\/wp\/v2\/comments?post=28833"}],"version-history":[{"count":0,"href":"https:\/\/imagazine.it\/home_desk\/wp-json\/wp\/v2\/posts\/28833\/revisions"}],"wp:featuredmedia":[{"embeddable":true,"href":"https:\/\/imagazine.it\/home_desk\/wp-json\/wp\/v2\/media\/28834"}],"wp:attachment":[{"href":"https:\/\/imagazine.it\/home_desk\/wp-json\/wp\/v2\/media?parent=28833"}],"wp:term":[{"taxonomy":"category","embeddable":true,"href":"https:\/\/imagazine.it\/home_desk\/wp-json\/wp\/v2\/categories?post=28833"},{"taxonomy":"post_tag","embeddable":true,"href":"https:\/\/imagazine.it\/home_desk\/wp-json\/wp\/v2\/tags?post=28833"}],"curies":[{"name":"wp","href":"https:\/\/api.w.org\/{rel}","templated":true}]}}