{"id":28811,"date":"2019-01-29T00:00:00","date_gmt":"2019-01-28T23:00:00","guid":{"rendered":"https:\/\/imagazine.it\/?p=28811"},"modified":"2019-01-29T00:00:00","modified_gmt":"2019-01-28T23:00:00","slug":"ronchi-il-festival-del-giornalismo-cerca-volontari","status":"publish","type":"post","link":"https:\/\/imagazine.it\/home_desk\/ronchi-il-festival-del-giornalismo-cerca-volontari\/","title":{"rendered":"Ronchi, il Festival del Giornalismo cerca volontari"},"content":{"rendered":"<p>Ha preso il via, come negli anni passati, l&#39;operazione promossa dall&#39;associazione Leali delle Notizie per il reclutamento volontario di ragazzi e ragazze che potranno dare un contributo alla realizzazione della quinta edizione del Festival del Giornalismo che si svolger\u00e0 a Ronchi dei Legionari dal 5 al 7 e dall&#39;11 al 15 giugno 2019.<\/p>\n<p>Per poter partecipare alle selezioni \u00e8 necessario avere almeno 16 anni e non pi\u00f9 di 25 e dare la propria disponibilit\u00e0 o per l\u2019intera durata del festival o anche per una sola giornata. Sono diversi i ruoli da ricoprire, sulla base delle capacit\u00e0 e competenze di ognuno: accoglienza ospiti, servizio di informazione all\u2019infopoint, assistenza e supporto logistico per allestimenti ed eventi ed ogni altro dettaglio che compone questa manifestazione.<\/p>\n<p>Per aderire \u00e8 necessario inviare la propria richiesta all\u2019indirizzo email\u00a0<strong><a href=\"mailto:lealidellenotizieronchi@gmail.com\" target=\"_blank\" rel=\"noopener\">lealidellenotizieronchi@gmail.<wbr \/>com<\/a><\/strong>\u00a0entro sabato 11 maggio. A tutti coloro i quali doneranno il loro tempo per questa \u201cbuona causa\u201d sar\u00e0 donato un gadget del festival. La sede di\u00a0<strong>piazzetta<\/strong>\u00a0<strong>Francesco Giuseppe I<\/strong>\u00a0a Ronchi dei Legionari \u00e8 sempre aperta, il mercoled\u00ec, dalle 10 alle 12 e dalle 17 alle 19 e il sabato, dalle 10 alle 12, con telefono 0481777625. L&#39;associazione pu\u00f2 essere ugualmente contattata tramite i suoi canali social grazie alla pagina Facebook e al profilo Instagram.\u00a0<\/p>\n","protected":false},"excerpt":{"rendered":"<p>In programma i primi due week end di giugno<\/p>\n","protected":false},"author":22,"featured_media":28812,"comment_status":"closed","ping_status":"closed","sticky":false,"template":"","format":"standard","meta":{"dwc-title":[],"dwc-content":[],"footnotes":""},"categories":[37],"tags":[],"class_list":["post-28811","post","type-post","status-publish","format-standard","has-post-thumbnail","hentry","category-cultura-e-spettacolo"],"rttpg_featured_image_url":{"full":["https:\/\/imagazine.it\/wp-content\/uploads\/2024\/01\/28191-1.webp",750,488,false],"landscape":["https:\/\/imagazine.it\/wp-content\/uploads\/2024\/01\/28191-1.webp",750,488,false],"portraits":["https:\/\/imagazine.it\/wp-content\/uploads\/2024\/01\/28191-1.webp",750,488,false],"thumbnail":["https:\/\/imagazine.it\/wp-content\/uploads\/2024\/01\/28191-1-150x150.webp",150,150,true],"medium":["https:\/\/imagazine.it\/wp-content\/uploads\/2024\/01\/28191-1-300x195.webp",300,195,true],"large":["https:\/\/imagazine.it\/wp-content\/uploads\/2024\/01\/28191-1.webp",640,416,false],"thumblist":["https:\/\/imagazine.it\/wp-content\/uploads\/2024\/01\/28191-1.webp",300,195,false],"thumbrelated":["https:\/\/imagazine.it\/wp-content\/uploads\/2024\/01\/28191-1.webp",500,325,false],"meccarouselthumb":["https:\/\/imagazine.it\/wp-content\/uploads\/2024\/01\/28191-1.webp",474,308,false],"gridsquare":["https:\/\/imagazine.it\/wp-content\/uploads\/2024\/01\/28191-1.webp",391,254,false],"tileview":["https:\/\/imagazine.it\/wp-content\/uploads\/2024\/01\/28191-1.webp",300,195,false],"1536x1536":["https:\/\/imagazine.it\/wp-content\/uploads\/2024\/01\/28191-1.webp",750,488,false],"2048x2048":["https:\/\/imagazine.it\/wp-content\/uploads\/2024\/01\/28191-1.webp",750,488,false],"newsup-slider-full":["https:\/\/imagazine.it\/wp-content\/uploads\/2024\/01\/28191-1.webp",750,488,false],"newsup-featured":["https:\/\/imagazine.it\/wp-content\/uploads\/2024\/01\/28191-1.webp",750,488,false],"newsup-medium":["https:\/\/imagazine.it\/wp-content\/uploads\/2024\/01\/28191-1-720x380.webp",720,380,true],"tptn_thumbnail":["https:\/\/imagazine.it\/wp-content\/uploads\/2024\/01\/28191-1.webp",250,163,false],"sow-carousel-default":["https:\/\/imagazine.it\/wp-content\/uploads\/2024\/01\/28191-1-272x182.webp",272,182,true]},"rttpg_author":{"display_name":"Livio Nonis","author_link":"https:\/\/imagazine.it\/home_desk\/author\/nonis\/"},"rttpg_comment":0,"rttpg_category":"<a href=\"https:\/\/imagazine.it\/home_desk\/category\/cultura-e-spettacolo\/\" rel=\"category tag\">CULTURA&amp;SPETTACOLO<\/a>","rttpg_excerpt":"In programma i primi due week end di giugno","_links":{"self":[{"href":"https:\/\/imagazine.it\/home_desk\/wp-json\/wp\/v2\/posts\/28811","targetHints":{"allow":["GET"]}}],"collection":[{"href":"https:\/\/imagazine.it\/home_desk\/wp-json\/wp\/v2\/posts"}],"about":[{"href":"https:\/\/imagazine.it\/home_desk\/wp-json\/wp\/v2\/types\/post"}],"author":[{"embeddable":true,"href":"https:\/\/imagazine.it\/home_desk\/wp-json\/wp\/v2\/users\/22"}],"replies":[{"embeddable":true,"href":"https:\/\/imagazine.it\/home_desk\/wp-json\/wp\/v2\/comments?post=28811"}],"version-history":[{"count":0,"href":"https:\/\/imagazine.it\/home_desk\/wp-json\/wp\/v2\/posts\/28811\/revisions"}],"wp:featuredmedia":[{"embeddable":true,"href":"https:\/\/imagazine.it\/home_desk\/wp-json\/wp\/v2\/media\/28812"}],"wp:attachment":[{"href":"https:\/\/imagazine.it\/home_desk\/wp-json\/wp\/v2\/media?parent=28811"}],"wp:term":[{"taxonomy":"category","embeddable":true,"href":"https:\/\/imagazine.it\/home_desk\/wp-json\/wp\/v2\/categories?post=28811"},{"taxonomy":"post_tag","embeddable":true,"href":"https:\/\/imagazine.it\/home_desk\/wp-json\/wp\/v2\/tags?post=28811"}],"curies":[{"name":"wp","href":"https:\/\/api.w.org\/{rel}","templated":true}]}}