{"id":28803,"date":"2019-01-28T00:00:00","date_gmt":"2019-01-27T23:00:00","guid":{"rendered":"https:\/\/imagazine.it\/?p=28803"},"modified":"2019-01-28T00:00:00","modified_gmt":"2019-01-27T23:00:00","slug":"il-fascino-della-tradizione-campanaria","status":"publish","type":"post","link":"https:\/\/imagazine.it\/home_desk\/il-fascino-della-tradizione-campanaria\/","title":{"rendered":"Il fascino della tradizione campanaria"},"content":{"rendered":"<p>La tradizione dei campanari, scampanotadors in friulano, \u00e8 arrivata anche a Joannis, nell\u2019ambito della festa di Sant&#39;Agnese, grazie alla proposta di <strong>Riccardo Gregorat<\/strong>, presidente dell&#39;Udinese Club Lucio Aiza.<\/p>\n<p>Per l\u2019esibizione dei Campanari \u00e8 stato attrezzato uno stand, nel cortile di fronte a palazzo Frangipane, dove \u00e8 stata posizionata una struttura con tre grandi campane (con suoni di diverse tonalit\u00e0), grazie alla collaborazione di due campanari indigeni <strong>Jacopo e Alessandro Ponton<\/strong> (padre e figlio) e del gruppo di Campanari del Goriziano.<\/p>\n<p>Nel pomeriggio di sabato si sono esibiti scampanotadors provenienti da tutte le zone del Friuli e dell\u2019Isontino: erano presenti campanari di Joannis, Aiello, San Lorenzo Isontino, Porpetto, Saciletto, Gradisca d&#39;Isonzo, Perteole, Santa Maria di Sclaunicco, Campolonghetto, Visco, Palmanova e Romans d&#39;Isonzo, che hanno alternato le varie tecniche come il suono d\u2019allegrezza, a festa, a distesa, rintocchi che sono diventati man mano che passava il pomeriggio molto pi\u00f9 famigliari, entrando nell&#39;orecchio dell\u2019ascoltatore profano. Inoltre appassionati pi\u00f9 anziani hanno avuto il piacere di riprovare a far suonare le campane e di ritornare indietro nel tempo, divertendosi e confrontandosi con i pi\u00f9 giovani (si sono esibiti appassionati di tutte le et\u00e0, dai 13 anni agli over 80).<\/p>\n<p><u><a href=\"http:\/\/www.imagazine.it\/notizie-trieste-gorizia-udine-friuli\/103\" target=\"_blank\" rel=\"noopener\">Il gruppo \u201cCampanari del Goriziano\u201d<\/a><\/u> \u00e8 nato dal desiderio di salvaguardare, valorizzare e promuovere la secolare tradizione campanaria presente e attiva nel Goriziano, si propone di essere un punto di riferimento per tutte le squadre di campanari del Friuli e si caratterizza come gruppo di persone che condividono una passione in comune e che svolgono un servizio alle comunit\u00e0.<\/p>\n<p>Basandosi sulla ricca esperienza tramandata, si vuol rafforzare l&#39;arte dello scampanio, per garantire una continuit\u00e0 e per non disperdere il patrimonio espresso dai singoli gruppi.<\/p>\n","protected":false},"excerpt":{"rendered":"<p>Per la festa di Sant&#8217;Agnese<\/p>\n","protected":false},"author":22,"featured_media":28804,"comment_status":"closed","ping_status":"closed","sticky":false,"template":"","format":"standard","meta":{"dwc-title":[],"dwc-content":[],"footnotes":""},"categories":[5],"tags":[],"class_list":["post-28803","post","type-post","status-publish","format-standard","has-post-thumbnail","hentry","category-attualita"],"rttpg_featured_image_url":{"full":["https:\/\/imagazine.it\/wp-content\/uploads\/2024\/01\/28167-1.webp",750,528,false],"landscape":["https:\/\/imagazine.it\/wp-content\/uploads\/2024\/01\/28167-1.webp",750,528,false],"portraits":["https:\/\/imagazine.it\/wp-content\/uploads\/2024\/01\/28167-1.webp",750,528,false],"thumbnail":["https:\/\/imagazine.it\/wp-content\/uploads\/2024\/01\/28167-1-150x150.webp",150,150,true],"medium":["https:\/\/imagazine.it\/wp-content\/uploads\/2024\/01\/28167-1-300x211.webp",300,211,true],"large":["https:\/\/imagazine.it\/wp-content\/uploads\/2024\/01\/28167-1.webp",640,451,false],"thumblist":["https:\/\/imagazine.it\/wp-content\/uploads\/2024\/01\/28167-1.webp",300,211,false],"thumbrelated":["https:\/\/imagazine.it\/wp-content\/uploads\/2024\/01\/28167-1.webp",500,352,false],"meccarouselthumb":["https:\/\/imagazine.it\/wp-content\/uploads\/2024\/01\/28167-1.webp",460,324,false],"gridsquare":["https:\/\/imagazine.it\/wp-content\/uploads\/2024\/01\/28167-1.webp",369,260,false],"tileview":["https:\/\/imagazine.it\/wp-content\/uploads\/2024\/01\/28167-1.webp",300,211,false],"1536x1536":["https:\/\/imagazine.it\/wp-content\/uploads\/2024\/01\/28167-1.webp",750,528,false],"2048x2048":["https:\/\/imagazine.it\/wp-content\/uploads\/2024\/01\/28167-1.webp",750,528,false],"newsup-slider-full":["https:\/\/imagazine.it\/wp-content\/uploads\/2024\/01\/28167-1.webp",750,528,false],"newsup-featured":["https:\/\/imagazine.it\/wp-content\/uploads\/2024\/01\/28167-1.webp",750,528,false],"newsup-medium":["https:\/\/imagazine.it\/wp-content\/uploads\/2024\/01\/28167-1-720x380.webp",720,380,true],"tptn_thumbnail":["https:\/\/imagazine.it\/wp-content\/uploads\/2024\/01\/28167-1.webp",250,176,false],"sow-carousel-default":["https:\/\/imagazine.it\/wp-content\/uploads\/2024\/01\/28167-1-272x182.webp",272,182,true]},"rttpg_author":{"display_name":"Livio Nonis","author_link":"https:\/\/imagazine.it\/home_desk\/author\/nonis\/"},"rttpg_comment":0,"rttpg_category":"<a href=\"https:\/\/imagazine.it\/home_desk\/category\/attualita\/\" rel=\"category tag\">ATTUALIT\u00c0<\/a>","rttpg_excerpt":"Per la festa di Sant'Agnese","_links":{"self":[{"href":"https:\/\/imagazine.it\/home_desk\/wp-json\/wp\/v2\/posts\/28803","targetHints":{"allow":["GET"]}}],"collection":[{"href":"https:\/\/imagazine.it\/home_desk\/wp-json\/wp\/v2\/posts"}],"about":[{"href":"https:\/\/imagazine.it\/home_desk\/wp-json\/wp\/v2\/types\/post"}],"author":[{"embeddable":true,"href":"https:\/\/imagazine.it\/home_desk\/wp-json\/wp\/v2\/users\/22"}],"replies":[{"embeddable":true,"href":"https:\/\/imagazine.it\/home_desk\/wp-json\/wp\/v2\/comments?post=28803"}],"version-history":[{"count":0,"href":"https:\/\/imagazine.it\/home_desk\/wp-json\/wp\/v2\/posts\/28803\/revisions"}],"wp:featuredmedia":[{"embeddable":true,"href":"https:\/\/imagazine.it\/home_desk\/wp-json\/wp\/v2\/media\/28804"}],"wp:attachment":[{"href":"https:\/\/imagazine.it\/home_desk\/wp-json\/wp\/v2\/media?parent=28803"}],"wp:term":[{"taxonomy":"category","embeddable":true,"href":"https:\/\/imagazine.it\/home_desk\/wp-json\/wp\/v2\/categories?post=28803"},{"taxonomy":"post_tag","embeddable":true,"href":"https:\/\/imagazine.it\/home_desk\/wp-json\/wp\/v2\/tags?post=28803"}],"curies":[{"name":"wp","href":"https:\/\/api.w.org\/{rel}","templated":true}]}}