{"id":28789,"date":"2019-01-24T00:00:00","date_gmt":"2019-01-23T23:00:00","guid":{"rendered":"https:\/\/imagazine.it\/?p=28789"},"modified":"2019-01-24T00:00:00","modified_gmt":"2019-01-23T23:00:00","slug":"trieste-nel-2020-le-riprese-di-la-porta-rossa-3","status":"publish","type":"post","link":"https:\/\/imagazine.it\/home_desk\/trieste-nel-2020-le-riprese-di-la-porta-rossa-3\/","title":{"rendered":"Trieste, nel 2020 le riprese di &#8220;La Porta Rossa 3&#8221;"},"content":{"rendered":"<p>Si rinnova la coorganizzazione tra Comune di Trieste e la FVG Film Commission per la realizzazione a Trieste di film, serie televisive e documentari. L&#39;iniziativa \u00e8 stata presentata oggi in Municipio dall&#39;assessore al Commercio ed eventi correlati <strong>Lorenzo Giorgi<\/strong> nel corso di una conferenza stampa assieme al presidente della Film Commission, <strong>Federico Poillucci<\/strong>.<\/p>\n<p>Ringraziando il Comune per\u00a0 la riconfermata disponibilit\u00e0 per il quinto anno consecutivo della messa a disposizione oltre che dei musei anche degli spazi del verde pubblico, la Polizia Locale e ancor prima l&#39;Ufficio Coordinamento Eventi per la concessione di permessi e quant&#39;altro in tempi rapidi, Poillucci ha evidenziato che l&#39;anno scorso in Friuli Venezia Giulia sono state girate 633 giornate di produzione, delle quali circa 400 a Trieste.<\/p>\n<p>\u201cPer l&#39;utilizzo degli spazi le produzioni nel 2018 hanno speso 10 milioni di euro, la sola <em>Porta Rossa 2<\/em> ha quantificato 3 milioni e 650 mila euro a Trieste. Sono numeri importanti \u2013 ha affermato Poillucci \u2013 che oltre a un grande ritorno d&#39;immagine portano anche vantaggi all&#39;occupazione. Sempre per la <em>Porta Rossa<\/em>, su 60 persone della troupe, 30 erano triestini. Molto gradite e frequentate da turisti e triestini anche le &#39;passeggiate&#39; nelle location della serie. <em>La Porta Rossa 2<\/em> andr\u00e0 in onda dal 13 febbraio ogni mercoled\u00ec, mentre dal 10 marzo, per 4 domeniche, su Canale 5, sar\u00e0 trasmessa un&#39;altra serie girata a Trieste <em>Il silenzio dell&#39;acqua<\/em>. Il 20 marzo sar\u00e0 presentata in citt\u00e0 la nuova <em>Porta Rossa 3<\/em>, le riprese saranno sempre effettuate a Trieste nel 2020, con ulteriori novit\u00e0 in programma che saranno annunciate in un&#39;apposita conferenza stampa.<\/p>\n","protected":false},"excerpt":{"rendered":"<p>Oggi l&#8217;anticipazione in municipio<\/p>\n","protected":false},"author":28,"featured_media":28790,"comment_status":"closed","ping_status":"closed","sticky":false,"template":"","format":"standard","meta":{"dwc-title":[],"dwc-content":[],"footnotes":""},"categories":[37],"tags":[],"class_list":["post-28789","post","type-post","status-publish","format-standard","has-post-thumbnail","hentry","category-cultura-e-spettacolo"],"rttpg_featured_image_url":{"full":["https:\/\/imagazine.it\/wp-content\/uploads\/2024\/01\/28122-1.webp",750,469,false],"landscape":["https:\/\/imagazine.it\/wp-content\/uploads\/2024\/01\/28122-1.webp",750,469,false],"portraits":["https:\/\/imagazine.it\/wp-content\/uploads\/2024\/01\/28122-1.webp",750,469,false],"thumbnail":["https:\/\/imagazine.it\/wp-content\/uploads\/2024\/01\/28122-1-150x150.webp",150,150,true],"medium":["https:\/\/imagazine.it\/wp-content\/uploads\/2024\/01\/28122-1-300x188.webp",300,188,true],"large":["https:\/\/imagazine.it\/wp-content\/uploads\/2024\/01\/28122-1.webp",640,400,false],"thumblist":["https:\/\/imagazine.it\/wp-content\/uploads\/2024\/01\/28122-1.webp",300,188,false],"thumbrelated":["https:\/\/imagazine.it\/wp-content\/uploads\/2024\/01\/28122-1.webp",500,313,false],"meccarouselthumb":["https:\/\/imagazine.it\/wp-content\/uploads\/2024\/01\/28122-1.webp",474,296,false],"gridsquare":["https:\/\/imagazine.it\/wp-content\/uploads\/2024\/01\/28122-1.webp",391,245,false],"tileview":["https:\/\/imagazine.it\/wp-content\/uploads\/2024\/01\/28122-1.webp",300,188,false],"1536x1536":["https:\/\/imagazine.it\/wp-content\/uploads\/2024\/01\/28122-1.webp",750,469,false],"2048x2048":["https:\/\/imagazine.it\/wp-content\/uploads\/2024\/01\/28122-1.webp",750,469,false],"newsup-slider-full":["https:\/\/imagazine.it\/wp-content\/uploads\/2024\/01\/28122-1.webp",750,469,false],"newsup-featured":["https:\/\/imagazine.it\/wp-content\/uploads\/2024\/01\/28122-1.webp",750,469,false],"newsup-medium":["https:\/\/imagazine.it\/wp-content\/uploads\/2024\/01\/28122-1-720x380.webp",720,380,true],"tptn_thumbnail":["https:\/\/imagazine.it\/wp-content\/uploads\/2024\/01\/28122-1.webp",250,156,false],"sow-carousel-default":["https:\/\/imagazine.it\/wp-content\/uploads\/2024\/01\/28122-1-272x182.webp",272,182,true]},"rttpg_author":{"display_name":"redazione","author_link":"https:\/\/imagazine.it\/home_desk\/author\/redazione\/"},"rttpg_comment":0,"rttpg_category":"<a href=\"https:\/\/imagazine.it\/home_desk\/category\/cultura-e-spettacolo\/\" rel=\"category tag\">CULTURA&amp;SPETTACOLO<\/a>","rttpg_excerpt":"Oggi l'anticipazione in municipio","_links":{"self":[{"href":"https:\/\/imagazine.it\/home_desk\/wp-json\/wp\/v2\/posts\/28789","targetHints":{"allow":["GET"]}}],"collection":[{"href":"https:\/\/imagazine.it\/home_desk\/wp-json\/wp\/v2\/posts"}],"about":[{"href":"https:\/\/imagazine.it\/home_desk\/wp-json\/wp\/v2\/types\/post"}],"author":[{"embeddable":true,"href":"https:\/\/imagazine.it\/home_desk\/wp-json\/wp\/v2\/users\/28"}],"replies":[{"embeddable":true,"href":"https:\/\/imagazine.it\/home_desk\/wp-json\/wp\/v2\/comments?post=28789"}],"version-history":[{"count":0,"href":"https:\/\/imagazine.it\/home_desk\/wp-json\/wp\/v2\/posts\/28789\/revisions"}],"wp:featuredmedia":[{"embeddable":true,"href":"https:\/\/imagazine.it\/home_desk\/wp-json\/wp\/v2\/media\/28790"}],"wp:attachment":[{"href":"https:\/\/imagazine.it\/home_desk\/wp-json\/wp\/v2\/media?parent=28789"}],"wp:term":[{"taxonomy":"category","embeddable":true,"href":"https:\/\/imagazine.it\/home_desk\/wp-json\/wp\/v2\/categories?post=28789"},{"taxonomy":"post_tag","embeddable":true,"href":"https:\/\/imagazine.it\/home_desk\/wp-json\/wp\/v2\/tags?post=28789"}],"curies":[{"name":"wp","href":"https:\/\/api.w.org\/{rel}","templated":true}]}}