{"id":28768,"date":"2019-01-21T00:00:00","date_gmt":"2019-01-20T23:00:00","guid":{"rendered":"https:\/\/imagazine.it\/?p=28768"},"modified":"2019-01-21T00:00:00","modified_gmt":"2019-01-20T23:00:00","slug":"udine-luniversita-ricorda-marzio-strassoldo","status":"publish","type":"post","link":"https:\/\/imagazine.it\/home_desk\/udine-luniversita-ricorda-marzio-strassoldo\/","title":{"rendered":"Udine, l&#8217;Universit\u00e0 ricorda Marzio Strassoldo"},"content":{"rendered":"<p>A due anni dalla sua scomparsa, \u00e8 stata intitolata oggi a Udine l\u2019aula 3 del polo economico-giuridico dell\u2019ateneo a Marzio Strassoldo, rettore dell\u2019universit\u00e0 di Udine dal 1992 al 2001 (per tre mandati), autonomista e uomo di cultura che dedic\u00f2 il suo impegno di studioso, politico e amministratore alla difesa e alla crescita del Friuli.<\/p>\n<p>Alla cerimonia con taglio del nastro in via Tomadini hanno preso parte il rettore <strong>Alberto De Toni<\/strong>, il sindaco di Udine <strong>Pietro Fontanini<\/strong>, il vicepresidente del Consiglio regionale <strong>Francesco Russo<\/strong>, il direttore del dipartimento di Scienze economiche e statistiche dell\u2019ateneo <strong>Andrea Garlatti<\/strong>, il professor <strong>Raimondo Strassoldo<\/strong>, fratello di Marzio, esponenti del mondo accademico, della societ\u00e0 civile, delle istituzioni, delle associazioni.<\/p>\n<p>\u00abIl testimone che ci consegna Marzio Strassoldo \u00e8 l\u2019impegno profondo per la crescita del territorio, la proiezione dell\u2019ateneo verso un futuro espansivo e noi stiamo andando proprio in questa direzione, con quattro cantieri aperti per 22 milioni di euro complessivi tutti messi gi\u00e0 in pista, i progetti di Cantiere Friuli, e la partecipazione al bando europeo per reti di universit\u00e0\u00bb, ha dichiarato il rettore Alberto De Toni.<\/p>\n<p>Professore ordinario di Statistica e storico esponente autonomista friulano, Strassoldo, venne chiamato nel 1987 a coprire la cattedra di contabilit\u00e0 economica nazionale nella nuova facolt\u00e0 di Scienze economiche e bancarie dell&#39;Universit\u00e0 di Udine. Professore di statistica economica all\u2019allora facolt\u00e0 di Economia guid\u00f2 l\u2019Ateneo friulano come rettore dal 1992 al 2001. Dopo la prima elezione venne infatti riconfermato nel 1995 e nel 1998. Nel 2001, non rieleggibile dopo il terzo mandato, venne eletto presidente della Provincia di Udine e riconfermato nel 2006. Fu inoltre fondatore e presidente della Societ\u00e0 scientifica e tecnologica friulana.<\/p>\n<p>\u00a0<\/p>\n<p>\u00a0<\/p>\n<p>\u00a0<\/p>\n<p>\u00a0<\/p>\n<p>\u00a0<\/p>\n<p>\u00a0<\/p>\n<p>\u00a0<\/p>\n<p>\u00a0<\/p>\n<p>\u00a0<\/p>\n<p>L\u2019intitolazione dell\u2019aula universitaria \u00e8 stata la seconda iniziativa dell\u2019ateneo friulano nei confronti dell\u2019ex rettore, scomparso il 5 gennaio 2017. Un anno fa, l\u2019ateneo aveva presentato un volume, edito da Forum, che raccoglieva scritti che alcuni colleghi e amici hanno voluto dedicare di Strassoldo, con l\u2019obiettivo di ripercorrere la variet\u00e0 dei suoi interessi scientifici e culturali.<\/p>\n","protected":false},"excerpt":{"rendered":"<p>A due anni dalla scomparsa<\/p>\n","protected":false},"author":28,"featured_media":28769,"comment_status":"closed","ping_status":"closed","sticky":false,"template":"","format":"standard","meta":{"dwc-title":[],"dwc-content":[],"footnotes":""},"categories":[5],"tags":[],"class_list":["post-28768","post","type-post","status-publish","format-standard","has-post-thumbnail","hentry","category-attualita"],"rttpg_featured_image_url":{"full":["https:\/\/imagazine.it\/wp-content\/uploads\/2024\/01\/28080-1.webp",750,500,false],"landscape":["https:\/\/imagazine.it\/wp-content\/uploads\/2024\/01\/28080-1.webp",750,500,false],"portraits":["https:\/\/imagazine.it\/wp-content\/uploads\/2024\/01\/28080-1.webp",750,500,false],"thumbnail":["https:\/\/imagazine.it\/wp-content\/uploads\/2024\/01\/28080-1-150x150.webp",150,150,true],"medium":["https:\/\/imagazine.it\/wp-content\/uploads\/2024\/01\/28080-1-300x200.webp",300,200,true],"large":["https:\/\/imagazine.it\/wp-content\/uploads\/2024\/01\/28080-1.webp",640,427,false],"thumblist":["https:\/\/imagazine.it\/wp-content\/uploads\/2024\/01\/28080-1.webp",300,200,false],"thumbrelated":["https:\/\/imagazine.it\/wp-content\/uploads\/2024\/01\/28080-1.webp",500,333,false],"meccarouselthumb":["https:\/\/imagazine.it\/wp-content\/uploads\/2024\/01\/28080-1.webp",474,316,false],"gridsquare":["https:\/\/imagazine.it\/wp-content\/uploads\/2024\/01\/28080-1.webp",391,260,false],"tileview":["https:\/\/imagazine.it\/wp-content\/uploads\/2024\/01\/28080-1.webp",300,200,false],"1536x1536":["https:\/\/imagazine.it\/wp-content\/uploads\/2024\/01\/28080-1.webp",750,500,false],"2048x2048":["https:\/\/imagazine.it\/wp-content\/uploads\/2024\/01\/28080-1.webp",750,500,false],"newsup-slider-full":["https:\/\/imagazine.it\/wp-content\/uploads\/2024\/01\/28080-1.webp",750,500,false],"newsup-featured":["https:\/\/imagazine.it\/wp-content\/uploads\/2024\/01\/28080-1.webp",750,500,false],"newsup-medium":["https:\/\/imagazine.it\/wp-content\/uploads\/2024\/01\/28080-1-720x380.webp",720,380,true],"tptn_thumbnail":["https:\/\/imagazine.it\/wp-content\/uploads\/2024\/01\/28080-1.webp",250,167,false],"sow-carousel-default":["https:\/\/imagazine.it\/wp-content\/uploads\/2024\/01\/28080-1-272x182.webp",272,182,true]},"rttpg_author":{"display_name":"redazione","author_link":"https:\/\/imagazine.it\/home_desk\/author\/redazione\/"},"rttpg_comment":0,"rttpg_category":"<a href=\"https:\/\/imagazine.it\/home_desk\/category\/attualita\/\" rel=\"category tag\">ATTUALIT\u00c0<\/a>","rttpg_excerpt":"A due anni dalla scomparsa","_links":{"self":[{"href":"https:\/\/imagazine.it\/home_desk\/wp-json\/wp\/v2\/posts\/28768","targetHints":{"allow":["GET"]}}],"collection":[{"href":"https:\/\/imagazine.it\/home_desk\/wp-json\/wp\/v2\/posts"}],"about":[{"href":"https:\/\/imagazine.it\/home_desk\/wp-json\/wp\/v2\/types\/post"}],"author":[{"embeddable":true,"href":"https:\/\/imagazine.it\/home_desk\/wp-json\/wp\/v2\/users\/28"}],"replies":[{"embeddable":true,"href":"https:\/\/imagazine.it\/home_desk\/wp-json\/wp\/v2\/comments?post=28768"}],"version-history":[{"count":0,"href":"https:\/\/imagazine.it\/home_desk\/wp-json\/wp\/v2\/posts\/28768\/revisions"}],"wp:featuredmedia":[{"embeddable":true,"href":"https:\/\/imagazine.it\/home_desk\/wp-json\/wp\/v2\/media\/28769"}],"wp:attachment":[{"href":"https:\/\/imagazine.it\/home_desk\/wp-json\/wp\/v2\/media?parent=28768"}],"wp:term":[{"taxonomy":"category","embeddable":true,"href":"https:\/\/imagazine.it\/home_desk\/wp-json\/wp\/v2\/categories?post=28768"},{"taxonomy":"post_tag","embeddable":true,"href":"https:\/\/imagazine.it\/home_desk\/wp-json\/wp\/v2\/tags?post=28768"}],"curies":[{"name":"wp","href":"https:\/\/api.w.org\/{rel}","templated":true}]}}