{"id":28748,"date":"2019-01-16T00:00:00","date_gmt":"2019-01-15T23:00:00","guid":{"rendered":"https:\/\/imagazine.it\/?p=28748"},"modified":"2019-01-16T00:00:00","modified_gmt":"2019-01-15T23:00:00","slug":"palmanova-e-unesco-martines-presidente-del-comitato-internazionale","status":"publish","type":"post","link":"https:\/\/imagazine.it\/home_desk\/palmanova-e-unesco-martines-presidente-del-comitato-internazionale\/","title":{"rendered":"Palmanova e Unesco, Martines presidente del Comitato internazionale"},"content":{"rendered":"<p>Una giornata di lavori alla presenza dei rappresentanti italiani, croati e montenegrini del sito transnazionale UNESCO \u201c<strong>Le Opere di difesa veneziane tra XVI e XVII secolo: Stato da Terra &#8211; Stato da Mar occidentale<\/strong>\u201d.<\/p>\n<p>Primo atto la nomina dei membri del\u00a0<strong>Comitato di Coordinamento Internazionale<\/strong>, organo politico che, affiancato dal Segretariato, gi\u00e0 attivo e con sede a Bargamo, far\u00e0 da motore del coordinamento tra i vari partner. A presiederlo, dopo una votazione all\u2019unanimit\u00e0, sar\u00e0\u00a0<strong>Francesco Martines<\/strong>, sindaco di Palmanova, citt\u00e0 ospitante dell\u2019odierno meeting. Al suo fianco due vicepresidenti: il prefetto della Contea di Sebenico\u00a0<strong>Goran Pauk<\/strong>\u00a0e il sindaco della municipalit\u00e0 di Cattaro\u00a0<strong>Vladimir Jokic<\/strong>. La presidenza durer\u00e0 tre anni a partire da oggi.<\/p>\n<p>\u201cSono onorato di essere stato scelto e per il riconoscimento a Palmanova per il grande lavoro svolto fino a qui. Il mio compito ora \u00e8 quello di dare slancio alle attivit\u00e0 del sito transnazionale, proponendo e realizzando collaborazioni tra citt\u00e0 e stati diversi. Creare le basi per promuovere le diverse realt\u00e0 e attivare progetti e fonti di finanziamento comuni, valorizzando il riconoscimento che l\u2019UNESCO ci ha dato\u201d, ha commentato\u00a0<strong>Martines<\/strong>.<\/p>\n<p>Una riunione plenaria di tutti i partner \u00e8 prevista il\u00a0<strong>prossimo mese di settembre<\/strong>\u00a0e verr\u00e0 ripetuta con cadenza annuale. Intanto i vari soggetti si sono impegnati per continuare la realizzazione di progetti di salvaguardia, sviluppo e valorizzazione a livello locale e nazionale.<\/p>\n<p>A livello internazionale invece sono <strong>quattro i temi su cui si andr\u00e0 per primi a lavorare<\/strong>. Un progetto specifico\u00a0<strong>sull\u2019educazione e il mondo della scuola<\/strong> prevedr\u00e0 scambi culturali tra associazioni e scolaresche dei vari siti. Un secondo filone sar\u00e0 legato all\u2019<strong>enogastronomia<\/strong>\u00a0e a incontri e approfondimenti legati ai piatti della tradizione e alla cucina.<\/p>\n<p>\u00a0<\/p>\n<p style=\"text-align: center;\"><a href=\"http:\/\/www.palmanovaoutlet.it\/it\/home\" target=\"_top\" rel=\"noopener\"><img decoding=\"async\" src=\"http:\/\/imagazinevideotruck.it\/outlet.gif\" alt=\"\" title=\"\"><\/a><\/p>\n<p>\u00a0<\/p>\n<p>\u00a0<\/p>\n<p>A questi due si affiancheranno attivit\u00e0 specifiche di\u00a0<strong>comunicazione e promozione<\/strong>, come lo sviluppo di una piattaforma web e di forme di promozione locale delle bellezze turistiche e architettoniche presenti nei luoghi coinvolti nel sito transnazionale UNESCO.<\/p>\n<p>Ultimo punto di interesse il\u00a0<strong>turismo sostenibile e la realizzazione di un\u2019analisi della capacit\u00e0 turistica e degli sviluppi<\/strong>\u00a0che la certificazione UNESCO pu\u00f2 e potr\u00e0 significare per le citt\u00e0 che l\u2019hanno ricevuta.<\/p>\n<p>\u201cOltre ai progetti di rete che abbiamo avviato, l\u2019incontro di oggi \u2013 sottolinea la vicesindaco di Palmanova\u00a0<strong>Adriana Danielis<\/strong> \u2013 \u00e8 servito anche a valutare il percorso di aggiornamento e verifica degli interventi previsti nel piano di gestione. Ogni partner ha il compito di seguire quelle che sono le indicazioni riportate nel dossier UNESCO. Gli incontri periodici sono fondamentali per valutare il procedere dei lavori e salvaguardare i beni che l\u2019organismo internazionale ha riconosciuto come Patrimonio Mondiale dell\u2019Umanit\u00e0\u201d.<\/p>\n<p>Alla giornata hanno partecipato, per la citt\u00e0 di Bergamo\u00a0<strong>Roberto Amaddeo<\/strong>, consigliere comunale con delega UNESCO; per la citt\u00e0 di Peschiera del Garda la sindaca\u00a0<strong>Orietta Gaiulli\u00a0<\/strong>e la vicesindaco<strong>\u00a0Elisa Ciminelli<\/strong>. La rappresentanza croata \u00e8 stata composta da\u00a0<strong>Miljenko Domijan e Bruno Diklic<\/strong>, del Ministero della Cultura, da\u00a0<strong>Goran Pauk<\/strong>, prefetto di Sebenico, da\u00a0<strong>Sanja Slavica Matesic<\/strong>, capo del dipartimento di Protezione ambientale e affari comuni della Contrada di Sebenico e da\u00a0<strong>Anita<\/strong>\u00a0<strong>Babacic Ajduk<\/strong>, direttore del settore ambientale della Contrada di Sebenico. Dal Montenegro erano presenti\u00a0<strong>Aleksandar Dajkovic<\/strong>\u00a0del Ministero della Cultura e\u00a0<strong>Milica Nicolic<\/strong>\u00a0del Segretariato generale della Comissione Nazionale per l\u2019UNESCO.\u00a0<\/p>\n<p>Il Ministero italiano della Cultura \u00e8 stato rappresentato da\u00a0<strong>Adele Cesi<\/strong>. Per il Segretariato UNESCO del sito transnazionale erano presenti\u00a0<strong>Giovanni Cappelluzzo<\/strong>, responsabile del Segretariato, e\u00a0<strong>Laura Ciccarelli<\/strong>.<\/p>\n","protected":false},"excerpt":{"rendered":"<p>Eletto all&#8217;unanimit\u00e0<\/p>\n","protected":false},"author":28,"featured_media":28749,"comment_status":"closed","ping_status":"closed","sticky":false,"template":"","format":"standard","meta":{"dwc-title":[],"dwc-content":[],"footnotes":""},"categories":[5],"tags":[],"class_list":["post-28748","post","type-post","status-publish","format-standard","has-post-thumbnail","hentry","category-attualita"],"rttpg_featured_image_url":{"full":["https:\/\/imagazine.it\/wp-content\/uploads\/2024\/01\/28017-1.webp",750,402,false],"landscape":["https:\/\/imagazine.it\/wp-content\/uploads\/2024\/01\/28017-1.webp",750,402,false],"portraits":["https:\/\/imagazine.it\/wp-content\/uploads\/2024\/01\/28017-1.webp",750,402,false],"thumbnail":["https:\/\/imagazine.it\/wp-content\/uploads\/2024\/01\/28017-1-150x150.webp",150,150,true],"medium":["https:\/\/imagazine.it\/wp-content\/uploads\/2024\/01\/28017-1-300x161.webp",300,161,true],"large":["https:\/\/imagazine.it\/wp-content\/uploads\/2024\/01\/28017-1.webp",640,343,false],"thumblist":["https:\/\/imagazine.it\/wp-content\/uploads\/2024\/01\/28017-1.webp",300,161,false],"thumbrelated":["https:\/\/imagazine.it\/wp-content\/uploads\/2024\/01\/28017-1.webp",500,268,false],"meccarouselthumb":["https:\/\/imagazine.it\/wp-content\/uploads\/2024\/01\/28017-1.webp",474,254,false],"gridsquare":["https:\/\/imagazine.it\/wp-content\/uploads\/2024\/01\/28017-1.webp",391,210,false],"tileview":["https:\/\/imagazine.it\/wp-content\/uploads\/2024\/01\/28017-1.webp",300,161,false],"1536x1536":["https:\/\/imagazine.it\/wp-content\/uploads\/2024\/01\/28017-1.webp",750,402,false],"2048x2048":["https:\/\/imagazine.it\/wp-content\/uploads\/2024\/01\/28017-1.webp",750,402,false],"newsup-slider-full":["https:\/\/imagazine.it\/wp-content\/uploads\/2024\/01\/28017-1.webp",750,402,false],"newsup-featured":["https:\/\/imagazine.it\/wp-content\/uploads\/2024\/01\/28017-1.webp",750,402,false],"newsup-medium":["https:\/\/imagazine.it\/wp-content\/uploads\/2024\/01\/28017-1-720x380.webp",720,380,true],"tptn_thumbnail":["https:\/\/imagazine.it\/wp-content\/uploads\/2024\/01\/28017-1.webp",250,134,false],"sow-carousel-default":["https:\/\/imagazine.it\/wp-content\/uploads\/2024\/01\/28017-1-272x182.webp",272,182,true]},"rttpg_author":{"display_name":"redazione","author_link":"https:\/\/imagazine.it\/home_desk\/author\/redazione\/"},"rttpg_comment":0,"rttpg_category":"<a href=\"https:\/\/imagazine.it\/home_desk\/category\/attualita\/\" rel=\"category tag\">ATTUALIT\u00c0<\/a>","rttpg_excerpt":"Eletto all'unanimit\u00e0","_links":{"self":[{"href":"https:\/\/imagazine.it\/home_desk\/wp-json\/wp\/v2\/posts\/28748","targetHints":{"allow":["GET"]}}],"collection":[{"href":"https:\/\/imagazine.it\/home_desk\/wp-json\/wp\/v2\/posts"}],"about":[{"href":"https:\/\/imagazine.it\/home_desk\/wp-json\/wp\/v2\/types\/post"}],"author":[{"embeddable":true,"href":"https:\/\/imagazine.it\/home_desk\/wp-json\/wp\/v2\/users\/28"}],"replies":[{"embeddable":true,"href":"https:\/\/imagazine.it\/home_desk\/wp-json\/wp\/v2\/comments?post=28748"}],"version-history":[{"count":0,"href":"https:\/\/imagazine.it\/home_desk\/wp-json\/wp\/v2\/posts\/28748\/revisions"}],"wp:featuredmedia":[{"embeddable":true,"href":"https:\/\/imagazine.it\/home_desk\/wp-json\/wp\/v2\/media\/28749"}],"wp:attachment":[{"href":"https:\/\/imagazine.it\/home_desk\/wp-json\/wp\/v2\/media?parent=28748"}],"wp:term":[{"taxonomy":"category","embeddable":true,"href":"https:\/\/imagazine.it\/home_desk\/wp-json\/wp\/v2\/categories?post=28748"},{"taxonomy":"post_tag","embeddable":true,"href":"https:\/\/imagazine.it\/home_desk\/wp-json\/wp\/v2\/tags?post=28748"}],"curies":[{"name":"wp","href":"https:\/\/api.w.org\/{rel}","templated":true}]}}