{"id":28734,"date":"2019-01-14T00:00:00","date_gmt":"2019-01-13T23:00:00","guid":{"rendered":"https:\/\/imagazine.it\/?p=28734"},"modified":"2019-01-14T00:00:00","modified_gmt":"2019-01-13T23:00:00","slug":"aquileia-il-decumano-aprira-al-pubblico","status":"publish","type":"post","link":"https:\/\/imagazine.it\/home_desk\/aquileia-il-decumano-aprira-al-pubblico\/","title":{"rendered":"Aquileia, il Decumano aprir\u00e0 al pubblico"},"content":{"rendered":"<p>Il Consiglio di Amministrazione della Fondazione Aquileia, su proposta del suo presidente, ha deliberato all&#39;unanimit\u00e0 di dedicare l&#39;opera di valorizzazione della strada romana recentemente conferita dal MiBAC alla Fondazione alla memoria di <strong>Ivo Comelli<\/strong>, figlio prematuramente scomparso nel 1997 dell&#39;ex sindaco di Aquileia, <strong>Sergio Comelli<\/strong>.<\/p>\n<p>Il fondo Comelli-Gerometta, le cui procedure di acquisizione da parte della Fondazione Aquileia stanno per essere completate, insiste infatti sull\u2019antica strada romana denominata Decumano di Aratria Gallia e risalente al I secolo d. C. L\u2019intenzione della Fondazione Aquileia \u00e8 di renderla al pi\u00f9 presto fruibile per cittadini e visitatori, che potranno cos\u00ec percorrere il tratto che va dal Porto Fluviale al Foro, sino ai resti delle mura bizantine e alle Grandi Terme.<\/p>\n<p>Il Fondo Comelli-Gerometta si estende per circa 1.420 mq. a destra della Strada Regionale 352 all&#39;altezza del Foro Romano.\u00a0 Tra la fine degli anni \u201860 e l&#39;inizio degli anni \u201870, esso fu oggetto di scavi da parte della Soprintendenza, scavi che avevano riportato alla luce i resti del Decumano, i resti della basilica civile, un muro di difesa e alcune costruzioni di epoca tardoantica-altomedievale.\u00a0 La denominazione &#8220;Decumano di Aratria Gallia&#8221; deriva dal ritrovamento di due epigrafi che testimoniano la lastricatura del tratto stradale ad opera della figlia di un esponente della borghesia imprenditoriale dell&#39;epoca.<\/p>\n","protected":false},"excerpt":{"rendered":"<p>Iniziativa della Fondazione<\/p>\n","protected":false},"author":28,"featured_media":28735,"comment_status":"closed","ping_status":"closed","sticky":false,"template":"","format":"standard","meta":{"dwc-title":[],"dwc-content":[],"footnotes":""},"categories":[8],"tags":[],"class_list":["post-28734","post","type-post","status-publish","format-standard","has-post-thumbnail","hentry","category-turismo"],"rttpg_featured_image_url":{"full":["https:\/\/imagazine.it\/wp-content\/uploads\/2024\/01\/27995-1.webp",750,510,false],"landscape":["https:\/\/imagazine.it\/wp-content\/uploads\/2024\/01\/27995-1.webp",750,510,false],"portraits":["https:\/\/imagazine.it\/wp-content\/uploads\/2024\/01\/27995-1.webp",750,510,false],"thumbnail":["https:\/\/imagazine.it\/wp-content\/uploads\/2024\/01\/27995-1-150x150.webp",150,150,true],"medium":["https:\/\/imagazine.it\/wp-content\/uploads\/2024\/01\/27995-1-300x204.webp",300,204,true],"large":["https:\/\/imagazine.it\/wp-content\/uploads\/2024\/01\/27995-1.webp",640,435,false],"thumblist":["https:\/\/imagazine.it\/wp-content\/uploads\/2024\/01\/27995-1.webp",300,204,false],"thumbrelated":["https:\/\/imagazine.it\/wp-content\/uploads\/2024\/01\/27995-1.webp",500,340,false],"meccarouselthumb":["https:\/\/imagazine.it\/wp-content\/uploads\/2024\/01\/27995-1.webp",474,322,false],"gridsquare":["https:\/\/imagazine.it\/wp-content\/uploads\/2024\/01\/27995-1.webp",382,260,false],"tileview":["https:\/\/imagazine.it\/wp-content\/uploads\/2024\/01\/27995-1.webp",300,204,false],"1536x1536":["https:\/\/imagazine.it\/wp-content\/uploads\/2024\/01\/27995-1.webp",750,510,false],"2048x2048":["https:\/\/imagazine.it\/wp-content\/uploads\/2024\/01\/27995-1.webp",750,510,false],"newsup-slider-full":["https:\/\/imagazine.it\/wp-content\/uploads\/2024\/01\/27995-1.webp",750,510,false],"newsup-featured":["https:\/\/imagazine.it\/wp-content\/uploads\/2024\/01\/27995-1.webp",750,510,false],"newsup-medium":["https:\/\/imagazine.it\/wp-content\/uploads\/2024\/01\/27995-1-720x380.webp",720,380,true],"tptn_thumbnail":["https:\/\/imagazine.it\/wp-content\/uploads\/2024\/01\/27995-1.webp",250,170,false],"sow-carousel-default":["https:\/\/imagazine.it\/wp-content\/uploads\/2024\/01\/27995-1-272x182.webp",272,182,true]},"rttpg_author":{"display_name":"redazione","author_link":"https:\/\/imagazine.it\/home_desk\/author\/redazione\/"},"rttpg_comment":0,"rttpg_category":"<a href=\"https:\/\/imagazine.it\/home_desk\/category\/turismo\/\" rel=\"category tag\">TURISMO<\/a>","rttpg_excerpt":"Iniziativa della Fondazione","_links":{"self":[{"href":"https:\/\/imagazine.it\/home_desk\/wp-json\/wp\/v2\/posts\/28734","targetHints":{"allow":["GET"]}}],"collection":[{"href":"https:\/\/imagazine.it\/home_desk\/wp-json\/wp\/v2\/posts"}],"about":[{"href":"https:\/\/imagazine.it\/home_desk\/wp-json\/wp\/v2\/types\/post"}],"author":[{"embeddable":true,"href":"https:\/\/imagazine.it\/home_desk\/wp-json\/wp\/v2\/users\/28"}],"replies":[{"embeddable":true,"href":"https:\/\/imagazine.it\/home_desk\/wp-json\/wp\/v2\/comments?post=28734"}],"version-history":[{"count":0,"href":"https:\/\/imagazine.it\/home_desk\/wp-json\/wp\/v2\/posts\/28734\/revisions"}],"wp:featuredmedia":[{"embeddable":true,"href":"https:\/\/imagazine.it\/home_desk\/wp-json\/wp\/v2\/media\/28735"}],"wp:attachment":[{"href":"https:\/\/imagazine.it\/home_desk\/wp-json\/wp\/v2\/media?parent=28734"}],"wp:term":[{"taxonomy":"category","embeddable":true,"href":"https:\/\/imagazine.it\/home_desk\/wp-json\/wp\/v2\/categories?post=28734"},{"taxonomy":"post_tag","embeddable":true,"href":"https:\/\/imagazine.it\/home_desk\/wp-json\/wp\/v2\/tags?post=28734"}],"curies":[{"name":"wp","href":"https:\/\/api.w.org\/{rel}","templated":true}]}}