{"id":28732,"date":"2019-01-14T00:00:00","date_gmt":"2019-01-13T23:00:00","guid":{"rendered":"https:\/\/imagazine.it\/?p=28732"},"modified":"2019-01-14T00:00:00","modified_gmt":"2019-01-13T23:00:00","slug":"bobolar-doro-assegnato-a-fabio-perco","status":"publish","type":"post","link":"https:\/\/imagazine.it\/home_desk\/bobolar-doro-assegnato-a-fabio-perco\/","title":{"rendered":"&#8220;Bobolar d&#8217;oro&#8221; assegnato a Fabio Perco"},"content":{"rendered":"<p>Si \u00e8 svolta a Staranzano la 27<sup>a<\/sup> edizione del \u201cBobolar d\u2019Oro\u201d, manifestazione organizzata dalla locale Pro Loco con il supporto del Comune, che assegna il premio a persone, enti, associazioni o istituzioni che con la loro azione hanno operato o operano a favore del singolo, della comunit\u00e0 o che hanno contribuito, con i loro meriti, a far meglio conoscere Staranzano (il premiato viene scelto da una commissione esterna composta da \u201c7 saggi\u201d, rappresentativa di tutti i cittadini).<\/p>\n<p>Il pomeriggio all\u2019interno del teatro dedicato a San Pio X, iniziato all\u2019insegna del buon umore con il comico, imitatore, fantasista <strong>Flavio Furlan<\/strong>, proveniente da <em>Zelig<\/em> e <em>Colorado<\/em>, che ha coinvolto tutti gli spettatori presenti (il teatro era sold out) nelle sue varie interpretazioni.<\/p>\n<p>Dopo il saluto di ospiti e autorit\u00e0, tra cui il sindaco <strong>Riccardo Marchesan<\/strong>, il parroco <strong>don Paolo Zuttion<\/strong>, il presidente delle Pro Loco della Venezia-Giulia <strong>Giancarlo Blasini<\/strong>, il vicepresidente della BCC di Staranzano <strong>Roberto Grassetti<\/strong> e il consigliere regionale <strong>Diego Moretti<\/strong>, il primo cittadino ha consegnato il Sigillo Terenziano, riconoscimento del Comune per il lavoro che i volontari operano\u00a0 per il bene della comunit\u00e0: il premio \u00e8 stato assegnato a <strong>Macr\u00ec<\/strong>\u00a0<strong>Simone <\/strong>e <strong>Giorgio Vittori<\/strong>.<\/p>\n<p>Poi si \u00e8 passati ai premi \u201cBobolar 2018\u201d; <strong>Gian Guido Bellan<\/strong>, presidente della Pro Loco di Staranzano, ha consegnato il premio \u201cBobolar Junior\u201d a <strong>Beatrice Ri\u00f9<\/strong> mentre il premio \u201cBobolar d\u2019oro 2018\u201d \u00e8 stato assegnato al dottor <strong>Fabio Perco <\/strong>(il premio \u00e8 stato ritirato dalla moglie e dalla figlia), con la seguente motivazione: \u201c<em>A<\/em><em>ttivo nel campo scientifico ma anche in quello artistico, doti che ha posto a favore della comunit\u00e0 staranzanese, mettendo a disposizione le sue profonde conoscenze nel campo zoologico e ambientale. Tra i padri fondatori dell&#39;Ambito di Tutela Ambientale dell&#39;Isola della Cona prima, e poi della Riserva Naturale Regionale Foce dell&#39;Isonzo, ha legato il suo nome e tanta parte della sua attivit\u00e0 professionale alla zona umida alla foce del Fiume Isonzo, divulgando in Italia e nel mondo l&#39;area protetta di Staranzano, sia come consulente scientifico della Riserva che come responsabile\/coordinatore della SBIC Stazione Biologica dell&#39;Isola della Cona. Zoologo, laureato a Trieste nel 1975, naturalista, illustratore e saggista, docente in universit\u00e0 italiane e straniere, ideatore di importanti progetti di tutela e fruizione di habitat naturali, instancabile animatore e divulgatore della biodiversit\u00e0, ha contribuito a far conoscere Staranzano e il Centro Visite dell&#39;Isola della Cona ad un pubblico internazionale, come dimostrato da importanti riconoscimenti europei e internazionali ottenuti dalla nostra Riserva quali: Zona Speciale europea di Conservazione ZSC; \u00a0Zona europea di Protezione Speciale ZPS; Miglior area per il birdwatching (EBN Italia 2007); Secondo posto graduatoria europea progetto AdriaWet (2014); Miglior progetto europeo di ricostruzione ambientale (Nagoya 2010); Zona umida di interesse Internazionale ai sensi convenzione Ramsar (2016)<\/em>\u201d.<\/p>\n","protected":false},"excerpt":{"rendered":"<p>Guarda le foto on line<\/p>\n","protected":false},"author":22,"featured_media":28733,"comment_status":"closed","ping_status":"closed","sticky":false,"template":"","format":"standard","meta":{"dwc-title":[],"dwc-content":[],"footnotes":""},"categories":[5],"tags":[],"class_list":["post-28732","post","type-post","status-publish","format-standard","has-post-thumbnail","hentry","category-attualita"],"rttpg_featured_image_url":{"full":["https:\/\/imagazine.it\/wp-content\/uploads\/2024\/01\/27976-1.webp",750,502,false],"landscape":["https:\/\/imagazine.it\/wp-content\/uploads\/2024\/01\/27976-1.webp",750,502,false],"portraits":["https:\/\/imagazine.it\/wp-content\/uploads\/2024\/01\/27976-1.webp",750,502,false],"thumbnail":["https:\/\/imagazine.it\/wp-content\/uploads\/2024\/01\/27976-1-150x150.webp",150,150,true],"medium":["https:\/\/imagazine.it\/wp-content\/uploads\/2024\/01\/27976-1-300x201.webp",300,201,true],"large":["https:\/\/imagazine.it\/wp-content\/uploads\/2024\/01\/27976-1.webp",640,428,false],"thumblist":["https:\/\/imagazine.it\/wp-content\/uploads\/2024\/01\/27976-1.webp",300,201,false],"thumbrelated":["https:\/\/imagazine.it\/wp-content\/uploads\/2024\/01\/27976-1.webp",500,335,false],"meccarouselthumb":["https:\/\/imagazine.it\/wp-content\/uploads\/2024\/01\/27976-1.webp",474,317,false],"gridsquare":["https:\/\/imagazine.it\/wp-content\/uploads\/2024\/01\/27976-1.webp",388,260,false],"tileview":["https:\/\/imagazine.it\/wp-content\/uploads\/2024\/01\/27976-1.webp",300,201,false],"1536x1536":["https:\/\/imagazine.it\/wp-content\/uploads\/2024\/01\/27976-1.webp",750,502,false],"2048x2048":["https:\/\/imagazine.it\/wp-content\/uploads\/2024\/01\/27976-1.webp",750,502,false],"newsup-slider-full":["https:\/\/imagazine.it\/wp-content\/uploads\/2024\/01\/27976-1.webp",750,502,false],"newsup-featured":["https:\/\/imagazine.it\/wp-content\/uploads\/2024\/01\/27976-1.webp",750,502,false],"newsup-medium":["https:\/\/imagazine.it\/wp-content\/uploads\/2024\/01\/27976-1-720x380.webp",720,380,true],"tptn_thumbnail":["https:\/\/imagazine.it\/wp-content\/uploads\/2024\/01\/27976-1.webp",250,167,false],"sow-carousel-default":["https:\/\/imagazine.it\/wp-content\/uploads\/2024\/01\/27976-1-272x182.webp",272,182,true]},"rttpg_author":{"display_name":"Livio Nonis","author_link":"https:\/\/imagazine.it\/home_desk\/author\/nonis\/"},"rttpg_comment":0,"rttpg_category":"<a href=\"https:\/\/imagazine.it\/home_desk\/category\/attualita\/\" rel=\"category tag\">ATTUALIT\u00c0<\/a>","rttpg_excerpt":"Guarda le foto on line","_links":{"self":[{"href":"https:\/\/imagazine.it\/home_desk\/wp-json\/wp\/v2\/posts\/28732","targetHints":{"allow":["GET"]}}],"collection":[{"href":"https:\/\/imagazine.it\/home_desk\/wp-json\/wp\/v2\/posts"}],"about":[{"href":"https:\/\/imagazine.it\/home_desk\/wp-json\/wp\/v2\/types\/post"}],"author":[{"embeddable":true,"href":"https:\/\/imagazine.it\/home_desk\/wp-json\/wp\/v2\/users\/22"}],"replies":[{"embeddable":true,"href":"https:\/\/imagazine.it\/home_desk\/wp-json\/wp\/v2\/comments?post=28732"}],"version-history":[{"count":0,"href":"https:\/\/imagazine.it\/home_desk\/wp-json\/wp\/v2\/posts\/28732\/revisions"}],"wp:featuredmedia":[{"embeddable":true,"href":"https:\/\/imagazine.it\/home_desk\/wp-json\/wp\/v2\/media\/28733"}],"wp:attachment":[{"href":"https:\/\/imagazine.it\/home_desk\/wp-json\/wp\/v2\/media?parent=28732"}],"wp:term":[{"taxonomy":"category","embeddable":true,"href":"https:\/\/imagazine.it\/home_desk\/wp-json\/wp\/v2\/categories?post=28732"},{"taxonomy":"post_tag","embeddable":true,"href":"https:\/\/imagazine.it\/home_desk\/wp-json\/wp\/v2\/tags?post=28732"}],"curies":[{"name":"wp","href":"https:\/\/api.w.org\/{rel}","templated":true}]}}