{"id":28728,"date":"2019-01-11T00:00:00","date_gmt":"2019-01-10T23:00:00","guid":{"rendered":"https:\/\/imagazine.it\/?p=28728"},"modified":"2019-01-11T00:00:00","modified_gmt":"2019-01-10T23:00:00","slug":"trieste-nuovo-concorso-fotografico-dedicato-al-cinema","status":"publish","type":"post","link":"https:\/\/imagazine.it\/home_desk\/trieste-nuovo-concorso-fotografico-dedicato-al-cinema\/","title":{"rendered":"Trieste, nuovo concorso fotografico dedicato al cinema"},"content":{"rendered":"<p>Nasce in Friuli Venezia Giulia un nuovo concorso fotografico dedicato al cinema che porta il nome di uno dei pi\u00f9 grandi fotografi contemporanei e che lo vede giurato in prima persona.<\/p>\n<p>Viene pubblicato oggi il bando della prima edizione del<strong>\u00a0Premio Terry O\u2019Neill alla Miglior Fotografia<\/strong>, un progetto nato grazie a ERPAC, con Casa del Cinema e la collaborazione di Iconic Images: una chiamata per fotografi professionisti e non, che durante il Trieste Film Festival, 18 -25 gennaio, potranno ritrarre attrici, attori, registi, scrittori, giornalisti presenti a Trieste. Ma\u00a0verranno presi in considerazione anche i ritratti realizzati nelle edizioni precedenti del Trieste Film Festival.<\/p>\n<p>Un comitato di selezione, composto da cinque membri di cui due dell\u2019Associazione Casa del Cinema, due del Trieste Film Festival e uno di Iconic Images, sceglier\u00e0 a suo giudizio insindacabile le venti migliori fotografie, che saranno poi inviate al fotografo Terry O\u2019Neill, per la scelta del ritratto vincitore.<\/p>\n<p>Verranno poi selezionate venti immagini che saranno visionate da Terry O\u2019Neill in persona e tra queste sceglier\u00e0 la vincitrice del premio.\u00a0La consegna del premio si terr\u00e0 venerd\u00ec 15 febbraio alle ore 18.30, presso il Magazzino delle Idee di Trieste, quando verr\u00e0 letta la motivazione scritta da Terry O\u2019Neill e comunicato il nome del vincitore.<\/p>\n<p>Tutte e venti le foto finaliste verranno per\u00f2 stampate ed esposte in un\u2019area dedicata, adiacente lo spazio #ToBeFaye, all\u2019interno del Magazzino delle Idee, dal 1 al 17 febbraio, nell\u2019ambito della mostra\u00a0<em>STARS &#8211;\u00a0Ritratti fotografici di Terry O\u2019Neill.<\/em><\/p>\n<p>Il bando \u00e8 stato pubblicato sul sito di Casa del Cinema di Trieste e Trieste Film Festival.<\/p>\n","protected":false},"excerpt":{"rendered":"<p>Premio Terry O&#8217;Neill<\/p>\n","protected":false},"author":28,"featured_media":28729,"comment_status":"closed","ping_status":"closed","sticky":false,"template":"","format":"standard","meta":{"dwc-title":[],"dwc-content":[],"footnotes":""},"categories":[37],"tags":[],"class_list":["post-28728","post","type-post","status-publish","format-standard","has-post-thumbnail","hentry","category-cultura-e-spettacolo"],"rttpg_featured_image_url":{"full":["https:\/\/imagazine.it\/wp-content\/uploads\/2024\/01\/27965-1.webp",750,614,false],"landscape":["https:\/\/imagazine.it\/wp-content\/uploads\/2024\/01\/27965-1.webp",750,614,false],"portraits":["https:\/\/imagazine.it\/wp-content\/uploads\/2024\/01\/27965-1.webp",750,614,false],"thumbnail":["https:\/\/imagazine.it\/wp-content\/uploads\/2024\/01\/27965-1-150x150.webp",150,150,true],"medium":["https:\/\/imagazine.it\/wp-content\/uploads\/2024\/01\/27965-1-300x246.webp",300,246,true],"large":["https:\/\/imagazine.it\/wp-content\/uploads\/2024\/01\/27965-1.webp",640,524,false],"thumblist":["https:\/\/imagazine.it\/wp-content\/uploads\/2024\/01\/27965-1.webp",300,246,false],"thumbrelated":["https:\/\/imagazine.it\/wp-content\/uploads\/2024\/01\/27965-1.webp",500,409,false],"meccarouselthumb":["https:\/\/imagazine.it\/wp-content\/uploads\/2024\/01\/27965-1.webp",396,324,false],"gridsquare":["https:\/\/imagazine.it\/wp-content\/uploads\/2024\/01\/27965-1.webp",318,260,false],"tileview":["https:\/\/imagazine.it\/wp-content\/uploads\/2024\/01\/27965-1.webp",300,246,false],"1536x1536":["https:\/\/imagazine.it\/wp-content\/uploads\/2024\/01\/27965-1.webp",750,614,false],"2048x2048":["https:\/\/imagazine.it\/wp-content\/uploads\/2024\/01\/27965-1.webp",750,614,false],"newsup-slider-full":["https:\/\/imagazine.it\/wp-content\/uploads\/2024\/01\/27965-1.webp",750,614,false],"newsup-featured":["https:\/\/imagazine.it\/wp-content\/uploads\/2024\/01\/27965-1.webp",750,614,false],"newsup-medium":["https:\/\/imagazine.it\/wp-content\/uploads\/2024\/01\/27965-1-720x380.webp",720,380,true],"tptn_thumbnail":["https:\/\/imagazine.it\/wp-content\/uploads\/2024\/01\/27965-1.webp",250,205,false],"sow-carousel-default":["https:\/\/imagazine.it\/wp-content\/uploads\/2024\/01\/27965-1-272x182.webp",272,182,true]},"rttpg_author":{"display_name":"redazione","author_link":"https:\/\/imagazine.it\/home_desk\/author\/redazione\/"},"rttpg_comment":0,"rttpg_category":"<a href=\"https:\/\/imagazine.it\/home_desk\/category\/cultura-e-spettacolo\/\" rel=\"category tag\">CULTURA&amp;SPETTACOLO<\/a>","rttpg_excerpt":"Premio Terry O'Neill","_links":{"self":[{"href":"https:\/\/imagazine.it\/home_desk\/wp-json\/wp\/v2\/posts\/28728","targetHints":{"allow":["GET"]}}],"collection":[{"href":"https:\/\/imagazine.it\/home_desk\/wp-json\/wp\/v2\/posts"}],"about":[{"href":"https:\/\/imagazine.it\/home_desk\/wp-json\/wp\/v2\/types\/post"}],"author":[{"embeddable":true,"href":"https:\/\/imagazine.it\/home_desk\/wp-json\/wp\/v2\/users\/28"}],"replies":[{"embeddable":true,"href":"https:\/\/imagazine.it\/home_desk\/wp-json\/wp\/v2\/comments?post=28728"}],"version-history":[{"count":0,"href":"https:\/\/imagazine.it\/home_desk\/wp-json\/wp\/v2\/posts\/28728\/revisions"}],"wp:featuredmedia":[{"embeddable":true,"href":"https:\/\/imagazine.it\/home_desk\/wp-json\/wp\/v2\/media\/28729"}],"wp:attachment":[{"href":"https:\/\/imagazine.it\/home_desk\/wp-json\/wp\/v2\/media?parent=28728"}],"wp:term":[{"taxonomy":"category","embeddable":true,"href":"https:\/\/imagazine.it\/home_desk\/wp-json\/wp\/v2\/categories?post=28728"},{"taxonomy":"post_tag","embeddable":true,"href":"https:\/\/imagazine.it\/home_desk\/wp-json\/wp\/v2\/tags?post=28728"}],"curies":[{"name":"wp","href":"https:\/\/api.w.org\/{rel}","templated":true}]}}