{"id":28710,"date":"2019-01-08T00:00:00","date_gmt":"2019-01-07T23:00:00","guid":{"rendered":"https:\/\/imagazine.it\/?p=28710"},"modified":"2019-01-08T00:00:00","modified_gmt":"2019-01-07T23:00:00","slug":"trieste-airport-nuova-linea-flixbus-da-zagabria-a-ginevra","status":"publish","type":"post","link":"https:\/\/imagazine.it\/home_desk\/trieste-airport-nuova-linea-flixbus-da-zagabria-a-ginevra\/","title":{"rendered":"Trieste Airport, nuova linea Flixbus da Zagabria a Ginevra"},"content":{"rendered":"<p>\u00c8 entrata oggi nel tabella degli orari di Trieste Airport la nuova linea bus Zagabria-Ginevra operata da Flixbus. Un collegamento transfrontaliero che contribuisce ad arricchire le opportunit\u00e0 di trasporto offerte dal polo intermodale, proponendo nuove destinazioni con frequenze dirette da e per la Slovenia, la Croazia, l\u2019Italia e la Svizzera in una sola linea.<\/p>\n<p>\u201cCon soddisfazione \u2013 afferma <strong>Enzo Zangrilli<\/strong>, direttore commerciale di Trieste Airport \u2013 apriamo con una novit\u00e0 il 2019 grazie a Flixbus che amplia i collegamenti da e per Trieste Airport investendo sulle opportunit\u00e0 proposte dal nostro polo intermodale, un\u2019infrastruttura che connette le diverse modalit\u00e0 di trasporto (aereo, bus e treno), offrendo ai passeggeri sempre maggiori alternative di spostamento. Grazie a questa nuova linea, la Regione Friuli Venezia Giulia consolida i collegamenti nazionali e internazionali proponendo ampie soluzioni di trasporto per i propri residenti e per il settore turistico\u201d.<\/p>\n<p>I biglietti per le tratte in partenza da Trieste Airport sono acquistabili online \u2013 a\u00a0partire da \u20ac 7,99 \u2013 sul portale <u><a href=\"http:\/\/www.flixbus.it\" target=\"_blank\" rel=\"noopener\"><strong>www.flixbus.it<\/strong><\/a><\/u> o attraverso l\u2019app.<\/p>\n<p>Il bus diretto verso le capitali Lubiana e Zagabria ferma a Trieste Airport alle 9.15, effettuando corse tutti i giorni, escluso il mercoled\u00ec e il gioved\u00ec; mentre arriver\u00e0 alle 20.35 quello in direzione Ginevra, con frequenze in tutti i giorni escluso il marted\u00ec e il mercoled\u00ec. Il bus in partenza per Ginevra effettua soste intermedie previste a Venezia Mestre, Verona, Bergamo Orio al Serio, Milano, Torino, Aosta, Courmayeur e Chamonix.<\/p>\n<p>\u201cSiamo lieti \u2013 afferma lo staff Flixbus \u2013 di continuare la collaborazione con Trieste Airport, che gi\u00e0 nel 2018 ci ha permesso di consolidare con successo la presenza in Friuli Venezia Giulia e di rendere la nostra offerta sul territorio ancora pi\u00f9 capillare\u201d.<\/p>\n","protected":false},"excerpt":{"rendered":"<p>Operativa da oggi<\/p>\n","protected":false},"author":28,"featured_media":28711,"comment_status":"closed","ping_status":"closed","sticky":false,"template":"","format":"standard","meta":{"dwc-title":[],"dwc-content":[],"footnotes":""},"categories":[8],"tags":[],"class_list":["post-28710","post","type-post","status-publish","format-standard","has-post-thumbnail","hentry","category-turismo"],"rttpg_featured_image_url":{"full":["https:\/\/imagazine.it\/wp-content\/uploads\/2024\/01\/27927-1.webp",750,479,false],"landscape":["https:\/\/imagazine.it\/wp-content\/uploads\/2024\/01\/27927-1.webp",750,479,false],"portraits":["https:\/\/imagazine.it\/wp-content\/uploads\/2024\/01\/27927-1.webp",750,479,false],"thumbnail":["https:\/\/imagazine.it\/wp-content\/uploads\/2024\/01\/27927-1-150x150.webp",150,150,true],"medium":["https:\/\/imagazine.it\/wp-content\/uploads\/2024\/01\/27927-1-300x192.webp",300,192,true],"large":["https:\/\/imagazine.it\/wp-content\/uploads\/2024\/01\/27927-1.webp",640,409,false],"thumblist":["https:\/\/imagazine.it\/wp-content\/uploads\/2024\/01\/27927-1.webp",300,192,false],"thumbrelated":["https:\/\/imagazine.it\/wp-content\/uploads\/2024\/01\/27927-1.webp",500,319,false],"meccarouselthumb":["https:\/\/imagazine.it\/wp-content\/uploads\/2024\/01\/27927-1.webp",474,303,false],"gridsquare":["https:\/\/imagazine.it\/wp-content\/uploads\/2024\/01\/27927-1.webp",391,250,false],"tileview":["https:\/\/imagazine.it\/wp-content\/uploads\/2024\/01\/27927-1.webp",300,192,false],"1536x1536":["https:\/\/imagazine.it\/wp-content\/uploads\/2024\/01\/27927-1.webp",750,479,false],"2048x2048":["https:\/\/imagazine.it\/wp-content\/uploads\/2024\/01\/27927-1.webp",750,479,false],"newsup-slider-full":["https:\/\/imagazine.it\/wp-content\/uploads\/2024\/01\/27927-1.webp",750,479,false],"newsup-featured":["https:\/\/imagazine.it\/wp-content\/uploads\/2024\/01\/27927-1.webp",750,479,false],"newsup-medium":["https:\/\/imagazine.it\/wp-content\/uploads\/2024\/01\/27927-1-720x380.webp",720,380,true],"tptn_thumbnail":["https:\/\/imagazine.it\/wp-content\/uploads\/2024\/01\/27927-1.webp",250,160,false],"sow-carousel-default":["https:\/\/imagazine.it\/wp-content\/uploads\/2024\/01\/27927-1-272x182.webp",272,182,true]},"rttpg_author":{"display_name":"redazione","author_link":"https:\/\/imagazine.it\/home_desk\/author\/redazione\/"},"rttpg_comment":0,"rttpg_category":"<a href=\"https:\/\/imagazine.it\/home_desk\/category\/turismo\/\" rel=\"category tag\">TURISMO<\/a>","rttpg_excerpt":"Operativa da oggi","_links":{"self":[{"href":"https:\/\/imagazine.it\/home_desk\/wp-json\/wp\/v2\/posts\/28710","targetHints":{"allow":["GET"]}}],"collection":[{"href":"https:\/\/imagazine.it\/home_desk\/wp-json\/wp\/v2\/posts"}],"about":[{"href":"https:\/\/imagazine.it\/home_desk\/wp-json\/wp\/v2\/types\/post"}],"author":[{"embeddable":true,"href":"https:\/\/imagazine.it\/home_desk\/wp-json\/wp\/v2\/users\/28"}],"replies":[{"embeddable":true,"href":"https:\/\/imagazine.it\/home_desk\/wp-json\/wp\/v2\/comments?post=28710"}],"version-history":[{"count":0,"href":"https:\/\/imagazine.it\/home_desk\/wp-json\/wp\/v2\/posts\/28710\/revisions"}],"wp:featuredmedia":[{"embeddable":true,"href":"https:\/\/imagazine.it\/home_desk\/wp-json\/wp\/v2\/media\/28711"}],"wp:attachment":[{"href":"https:\/\/imagazine.it\/home_desk\/wp-json\/wp\/v2\/media?parent=28710"}],"wp:term":[{"taxonomy":"category","embeddable":true,"href":"https:\/\/imagazine.it\/home_desk\/wp-json\/wp\/v2\/categories?post=28710"},{"taxonomy":"post_tag","embeddable":true,"href":"https:\/\/imagazine.it\/home_desk\/wp-json\/wp\/v2\/tags?post=28710"}],"curies":[{"name":"wp","href":"https:\/\/api.w.org\/{rel}","templated":true}]}}