{"id":28708,"date":"2019-01-08T00:00:00","date_gmt":"2019-01-07T23:00:00","guid":{"rendered":"https:\/\/imagazine.it\/?p=28708"},"modified":"2019-01-08T00:00:00","modified_gmt":"2019-01-07T23:00:00","slug":"fiction-rai-nuove-riprese-a-gorizia-e-cormons","status":"publish","type":"post","link":"https:\/\/imagazine.it\/home_desk\/fiction-rai-nuove-riprese-a-gorizia-e-cormons\/","title":{"rendered":"Fiction Rai, nuove riprese a Gorizia e Corm\u00f2ns"},"content":{"rendered":"<p>Dureranno fino a febbraio le riprese di \u201cVolevo fare la rockstar\u201d la nuova fiction Pepito Produzioni e RAI, in programmazione nella prima met\u00e0 del 2019.<\/p>\n<p>Presso l\u2019ex Ferramenta Krainer, in via Rastello a Gorizia, i protagonisti, gi\u00e0 impegnati da settembre sul set, hanno voluto fare il punto davanti alla stampa.<\/p>\n<p>Diretta dal goriziano <strong>Matteo Oleotto<\/strong> (anche autore del soggetto di serie), la fiction ha come protagonisti <strong>Giuseppe Battiston<\/strong> e <strong>Valentina Bell\u00e9<\/strong>, insieme con tanti altri volti noti, tra cui <strong>Angela Finocchiaro<\/strong>, <strong>Emanuela Grimalda<\/strong> ed <strong>Ernesto D\u2019Argenio<\/strong>, oltre agli emergenti <strong>Riccardo Maria Manera<\/strong>, <strong>Margherita Morchio<\/strong>, <strong>Sara Lazzaro<\/strong>, <strong>Matteo Lai<\/strong> e alle giovanissime esordienti <strong>Caterina Baccicchetto<\/strong> e <strong>Viola Mestriner<\/strong>. La sceneggiatura \u00e8 firmata invece da <strong>Alessandro Sermoneta<\/strong>, <strong>Giacomo Bisanti<\/strong> e <strong>Matteo Visconti<\/strong>.<\/p>\n<p>Ambientata in Friuli Venezia Giulia, la serie viene girata in diverse localit\u00e0 della regione come Trieste, ma soprattutto Gorizia e Corm\u00f2ns.<\/p>\n<p>La Produzione \u00e8 firmata dalla Pepito di Agostino, Giuseppe e Maria Grazia Sacc\u00e0, assieme a Rai Fiction, con il supporto della FVG Film Commission e dei Comuni di Corm\u00f2ns e Gorizia.<\/p>\n<p>\u201cAbbiamo raccontato una storia \u2013 afferma il regista Matteo Oleotto \u2013 in cui gli spettatori si potessero identificare, cercando di far emergere l\u2019intimit\u00e0 dei personaggi, che sono pi\u00f9 facili da mostrare in una terra come questa, in cui ti devi confrontare con quello che hai davanti e non hai modo di nasconderti. In effetti Gorizia, Corm\u00f2ns e in generale il Friuli Venezia Giulia ci stanno aiutando molto per fornire i colori e le atmosfere di cui avevamo bisogno\u201d.<\/p>\n","protected":false},"excerpt":{"rendered":"<p>&#8220;Volevo fare la rockstar&#8221;<\/p>\n","protected":false},"author":28,"featured_media":28709,"comment_status":"closed","ping_status":"closed","sticky":false,"template":"","format":"standard","meta":{"dwc-title":[],"dwc-content":[],"footnotes":""},"categories":[37],"tags":[],"class_list":["post-28708","post","type-post","status-publish","format-standard","has-post-thumbnail","hentry","category-cultura-e-spettacolo"],"rttpg_featured_image_url":{"full":["https:\/\/imagazine.it\/wp-content\/uploads\/2024\/01\/27914-1.webp",750,413,false],"landscape":["https:\/\/imagazine.it\/wp-content\/uploads\/2024\/01\/27914-1.webp",750,413,false],"portraits":["https:\/\/imagazine.it\/wp-content\/uploads\/2024\/01\/27914-1.webp",750,413,false],"thumbnail":["https:\/\/imagazine.it\/wp-content\/uploads\/2024\/01\/27914-1-150x150.webp",150,150,true],"medium":["https:\/\/imagazine.it\/wp-content\/uploads\/2024\/01\/27914-1-300x165.webp",300,165,true],"large":["https:\/\/imagazine.it\/wp-content\/uploads\/2024\/01\/27914-1.webp",640,352,false],"thumblist":["https:\/\/imagazine.it\/wp-content\/uploads\/2024\/01\/27914-1.webp",300,165,false],"thumbrelated":["https:\/\/imagazine.it\/wp-content\/uploads\/2024\/01\/27914-1.webp",500,275,false],"meccarouselthumb":["https:\/\/imagazine.it\/wp-content\/uploads\/2024\/01\/27914-1.webp",474,261,false],"gridsquare":["https:\/\/imagazine.it\/wp-content\/uploads\/2024\/01\/27914-1.webp",391,215,false],"tileview":["https:\/\/imagazine.it\/wp-content\/uploads\/2024\/01\/27914-1.webp",300,165,false],"1536x1536":["https:\/\/imagazine.it\/wp-content\/uploads\/2024\/01\/27914-1.webp",750,413,false],"2048x2048":["https:\/\/imagazine.it\/wp-content\/uploads\/2024\/01\/27914-1.webp",750,413,false],"newsup-slider-full":["https:\/\/imagazine.it\/wp-content\/uploads\/2024\/01\/27914-1.webp",750,413,false],"newsup-featured":["https:\/\/imagazine.it\/wp-content\/uploads\/2024\/01\/27914-1.webp",750,413,false],"newsup-medium":["https:\/\/imagazine.it\/wp-content\/uploads\/2024\/01\/27914-1-720x380.webp",720,380,true],"tptn_thumbnail":["https:\/\/imagazine.it\/wp-content\/uploads\/2024\/01\/27914-1.webp",250,138,false],"sow-carousel-default":["https:\/\/imagazine.it\/wp-content\/uploads\/2024\/01\/27914-1-272x182.webp",272,182,true]},"rttpg_author":{"display_name":"redazione","author_link":"https:\/\/imagazine.it\/home_desk\/author\/redazione\/"},"rttpg_comment":0,"rttpg_category":"<a href=\"https:\/\/imagazine.it\/home_desk\/category\/cultura-e-spettacolo\/\" rel=\"category tag\">CULTURA&amp;SPETTACOLO<\/a>","rttpg_excerpt":"\"Volevo fare la rockstar\"","_links":{"self":[{"href":"https:\/\/imagazine.it\/home_desk\/wp-json\/wp\/v2\/posts\/28708","targetHints":{"allow":["GET"]}}],"collection":[{"href":"https:\/\/imagazine.it\/home_desk\/wp-json\/wp\/v2\/posts"}],"about":[{"href":"https:\/\/imagazine.it\/home_desk\/wp-json\/wp\/v2\/types\/post"}],"author":[{"embeddable":true,"href":"https:\/\/imagazine.it\/home_desk\/wp-json\/wp\/v2\/users\/28"}],"replies":[{"embeddable":true,"href":"https:\/\/imagazine.it\/home_desk\/wp-json\/wp\/v2\/comments?post=28708"}],"version-history":[{"count":0,"href":"https:\/\/imagazine.it\/home_desk\/wp-json\/wp\/v2\/posts\/28708\/revisions"}],"wp:featuredmedia":[{"embeddable":true,"href":"https:\/\/imagazine.it\/home_desk\/wp-json\/wp\/v2\/media\/28709"}],"wp:attachment":[{"href":"https:\/\/imagazine.it\/home_desk\/wp-json\/wp\/v2\/media?parent=28708"}],"wp:term":[{"taxonomy":"category","embeddable":true,"href":"https:\/\/imagazine.it\/home_desk\/wp-json\/wp\/v2\/categories?post=28708"},{"taxonomy":"post_tag","embeddable":true,"href":"https:\/\/imagazine.it\/home_desk\/wp-json\/wp\/v2\/tags?post=28708"}],"curies":[{"name":"wp","href":"https:\/\/api.w.org\/{rel}","templated":true}]}}