{"id":28704,"date":"2019-01-03T00:00:00","date_gmt":"2019-01-02T23:00:00","guid":{"rendered":"https:\/\/imagazine.it\/?p=28704"},"modified":"2019-01-03T00:00:00","modified_gmt":"2019-01-02T23:00:00","slug":"a-gorizia-il-nuovo-tour-di-roberto-vecchioni","status":"publish","type":"post","link":"https:\/\/imagazine.it\/home_desk\/a-gorizia-il-nuovo-tour-di-roberto-vecchioni\/","title":{"rendered":"A Gorizia il nuovo tour di Roberto Vecchioni"},"content":{"rendered":"<p>A distanza di cinque anni dall\u2019ultimo lavoro discografico (\u201cIo non appartengo pi\u00f9\u201d del 2013), <strong>Roberto Vecchioni<\/strong>, il professore della musica italiana, \u00e8 tornato con un nuovo album dal titolo \u201c<strong>L\u2019infinito<\/strong>\u201d, pubblicato lo scorso 9 novembre. Un nuovo traguardo per una delle figure pi\u00f9 autorevoli della musica italiana, a cui ne seguir\u00e0 un altro, perch\u00e9 Vecchioni porter\u00e0 questo nuovo lavoro in tour nelle principali citt\u00e0 d\u2019Italia. Dopo la data gi\u00e0 annunciata a Udine dell\u201911 aprile, il cantautore aggiunge oggi un secondo concerto in\u00a0<strong>Friuli Venezia Giulia<\/strong>, in programma il prossimo\u00a0<strong>27 marzo<\/strong>\u00a0al\u00a0<strong>Teatro G. Verdi<\/strong>\u00a0di\u00a0<strong>Gorizia<\/strong>, con inizio alle\u00a0<strong>21<\/strong>.\u00a0<\/p>\n<p>L&#39;evento \u00e8 organizzato da Associazione Assoeventi, in collaborazione con Fondazione CARIGO e Comune di Gorizia.<\/p>\n<p>A impreziosire la presenza del professor Vecchioni a Gorizia anche l\u2019evento che si terr\u00e0 il giorno precedente &#8211;\u00a0<strong>26 marzo<\/strong>, sempre al Teatro Verdi con inizio alle 17 &#8211; in cui il cantautore terr\u00e0 una\u00a0<strong>lectio magistralis<\/strong>\u00a0sul cantautorato italiano, appuntamento a ingresso libero rivolto agli studenti delle scuole medie superiori e del Dams &#8211; Universit\u00e0 di Gorizia.<\/p>\n<p>\u201c<strong>L\u2019infinito<\/strong>\u201d, il nuovo album di\u00a0<strong>Roberto Vecchioni<\/strong>, contiene l\u2019eccezionale ritorno sulla scena musicale di\u00a0<strong>Francesco Guccini<\/strong>\u00a0che, per la prima volta, duetta con Vecchioni nel singolo \u201c<strong>Ti insegner\u00f2 a volare<\/strong>\u201d, ispirato al grande\u00a0<strong>Alex Zanardi<\/strong>, in rotazione radiofonica dal 6 novembre. Due padri della canzone d\u2019autore si rivolgono alle nuove generazioni, in un periodo in cui tutto si dissolve nella liquidit\u00e0 e nella precariet\u00e0 culturale, invitandole a sfidare l\u2019impossibile. La storia del campione \u00e8 la metafora della \u201cpassione per la vita che \u00e8 pi\u00f9 forte del destino\u201d. \u201c<em>Questo brano<\/em>\u00a0&#8211; racconta Vecchioni &#8211;\u00a0<em>si specchia direttamente in quella che \u00e8 stata chiamata la \u201ccanzone d\u2019autore\u201d e che non c\u2019\u00e8, non esiste pi\u00f9 dagli anni \u201970. In realt\u00e0 l\u2019intero disco \u00e8 immerso in quell\u2019atmosfera perch\u00e9 l\u00e0 \u00e8 nato e successo tutto. L\u00e0 tutto \u00e8 stato come doveva essere, cio\u00e8 immaginato, scritto e cantato alla luce della cultura, semplice ed elementare oppure sottile e sofisticata, ma comunque cultura. Forse per questo Francesco Guccini (che ho fortemente voluto nel mio disco per quello che rappresenta, e lo ringrazio ancora di esserci stato), ha scelto di cantare con me<\/em>\u201d.<\/p>\n<p>Un passaggio di testimone per una nuova \u201cresistenza\u201d che sceglie mezzi analogici: solo cd e vinile senza piattaforme streaming e download, una scelta coerente al progetto discografico che indica la volont\u00e0 di non trattare la musica come prodotto di consumo veloce, scaricabile con un click, di non decontestualizzare l\u2019ascolto del singolo brano, parte integrante della narrazione che tiene insieme ritratti diversi, da Alex Zanardi a Giulio Regeni, dalla guerrigliera curda Ayse a Leopardi, che l\u2019autore accomuna nell\u2019amore per la vita. Un album manifesto, \u201c<em>non 12 brani<\/em>\u00a0&#8211; come spiega ancora Vecchioni &#8211;\u00a0<em>ma un\u2019unica canzone divisa in 12 momenti<\/em>, in una dimensione temporale verticale che rinvia al tema dalle suggestioni letterarie: la necessit\u00e0 di trovare l\u2019infinito al di qua della siepe, dentro noi stessi. L\u2019album \u00e8 il frutto della collaborazione di un team d\u2019eccezione,\u00a0<strong>Lucio Fabbri<\/strong>\u00a0(produzione artistica): pianoforte, piano elettrico, organo Hammond, violino, viola, fisarmonica, basso elettrico e chitarra elettrica;\u00a0<strong>Massimo Germini<\/strong>: chitarra classica e acustica, chitarra 12 corde, mandolino, bouzouki, ukulele, liuto cantabile;\u00a0<strong>Marco Mangelli<\/strong>: basso fretless;\u00a0<strong>Roberto Gualdi<\/strong>: batteria e percussioni.<\/p>\n","protected":false},"excerpt":{"rendered":"<p>Seconda data in FVG dopo quella annunciata a Udine<\/p>\n","protected":false},"author":28,"featured_media":28705,"comment_status":"closed","ping_status":"closed","sticky":false,"template":"","format":"standard","meta":{"dwc-title":[],"dwc-content":[],"footnotes":""},"categories":[37],"tags":[],"class_list":["post-28704","post","type-post","status-publish","format-standard","has-post-thumbnail","hentry","category-cultura-e-spettacolo"],"rttpg_featured_image_url":{"full":["https:\/\/imagazine.it\/wp-content\/uploads\/2024\/01\/27905-1.webp",750,550,false],"landscape":["https:\/\/imagazine.it\/wp-content\/uploads\/2024\/01\/27905-1.webp",750,550,false],"portraits":["https:\/\/imagazine.it\/wp-content\/uploads\/2024\/01\/27905-1.webp",750,550,false],"thumbnail":["https:\/\/imagazine.it\/wp-content\/uploads\/2024\/01\/27905-1-150x150.webp",150,150,true],"medium":["https:\/\/imagazine.it\/wp-content\/uploads\/2024\/01\/27905-1-300x220.webp",300,220,true],"large":["https:\/\/imagazine.it\/wp-content\/uploads\/2024\/01\/27905-1.webp",640,469,false],"thumblist":["https:\/\/imagazine.it\/wp-content\/uploads\/2024\/01\/27905-1.webp",300,220,false],"thumbrelated":["https:\/\/imagazine.it\/wp-content\/uploads\/2024\/01\/27905-1.webp",500,367,false],"meccarouselthumb":["https:\/\/imagazine.it\/wp-content\/uploads\/2024\/01\/27905-1.webp",442,324,false],"gridsquare":["https:\/\/imagazine.it\/wp-content\/uploads\/2024\/01\/27905-1.webp",355,260,false],"tileview":["https:\/\/imagazine.it\/wp-content\/uploads\/2024\/01\/27905-1.webp",300,220,false],"1536x1536":["https:\/\/imagazine.it\/wp-content\/uploads\/2024\/01\/27905-1.webp",750,550,false],"2048x2048":["https:\/\/imagazine.it\/wp-content\/uploads\/2024\/01\/27905-1.webp",750,550,false],"newsup-slider-full":["https:\/\/imagazine.it\/wp-content\/uploads\/2024\/01\/27905-1.webp",750,550,false],"newsup-featured":["https:\/\/imagazine.it\/wp-content\/uploads\/2024\/01\/27905-1.webp",750,550,false],"newsup-medium":["https:\/\/imagazine.it\/wp-content\/uploads\/2024\/01\/27905-1-720x380.webp",720,380,true],"tptn_thumbnail":["https:\/\/imagazine.it\/wp-content\/uploads\/2024\/01\/27905-1.webp",250,183,false],"sow-carousel-default":["https:\/\/imagazine.it\/wp-content\/uploads\/2024\/01\/27905-1-272x182.webp",272,182,true]},"rttpg_author":{"display_name":"redazione","author_link":"https:\/\/imagazine.it\/home_desk\/author\/redazione\/"},"rttpg_comment":0,"rttpg_category":"<a href=\"https:\/\/imagazine.it\/home_desk\/category\/cultura-e-spettacolo\/\" rel=\"category tag\">CULTURA&amp;SPETTACOLO<\/a>","rttpg_excerpt":"Seconda data in FVG dopo quella annunciata a Udine","_links":{"self":[{"href":"https:\/\/imagazine.it\/home_desk\/wp-json\/wp\/v2\/posts\/28704","targetHints":{"allow":["GET"]}}],"collection":[{"href":"https:\/\/imagazine.it\/home_desk\/wp-json\/wp\/v2\/posts"}],"about":[{"href":"https:\/\/imagazine.it\/home_desk\/wp-json\/wp\/v2\/types\/post"}],"author":[{"embeddable":true,"href":"https:\/\/imagazine.it\/home_desk\/wp-json\/wp\/v2\/users\/28"}],"replies":[{"embeddable":true,"href":"https:\/\/imagazine.it\/home_desk\/wp-json\/wp\/v2\/comments?post=28704"}],"version-history":[{"count":0,"href":"https:\/\/imagazine.it\/home_desk\/wp-json\/wp\/v2\/posts\/28704\/revisions"}],"wp:featuredmedia":[{"embeddable":true,"href":"https:\/\/imagazine.it\/home_desk\/wp-json\/wp\/v2\/media\/28705"}],"wp:attachment":[{"href":"https:\/\/imagazine.it\/home_desk\/wp-json\/wp\/v2\/media?parent=28704"}],"wp:term":[{"taxonomy":"category","embeddable":true,"href":"https:\/\/imagazine.it\/home_desk\/wp-json\/wp\/v2\/categories?post=28704"},{"taxonomy":"post_tag","embeddable":true,"href":"https:\/\/imagazine.it\/home_desk\/wp-json\/wp\/v2\/tags?post=28704"}],"curies":[{"name":"wp","href":"https:\/\/api.w.org\/{rel}","templated":true}]}}