{"id":27735,"date":"2018-12-16T00:00:00","date_gmt":"2018-12-15T23:00:00","guid":{"rendered":"https:\/\/imagazine.it\/?p=27735"},"modified":"2018-12-16T00:00:00","modified_gmt":"2018-12-15T23:00:00","slug":"aquileia-la-musica-degli-studenti-per-solidarieta","status":"publish","type":"post","link":"https:\/\/imagazine.it\/home_desk\/aquileia-la-musica-degli-studenti-per-solidarieta\/","title":{"rendered":"Aquileia, la musica degli studenti per solidariet\u00e0"},"content":{"rendered":"<p>Si \u00e8 svolta presso la Sala Romana di Piazza Capitolo ad Aquileia la terza terza edizione di <strong>Mosaico di Voci<\/strong>, festival canoro rivolto ai bambini della scuola primaria di Aquileia e, novit\u00e0 di quest\u2019anno, ai ragazzi della scuola secondaria di primo grado sempre di Aquileia.<\/p>\n<p>Due le categorie in gara: quella Senior, che ha visto aggiudicarsi il primo posto da <strong>Gioia Macor\u00a0<\/strong>arrivata al cuore di tutti interpretando\u00a0<em>La notte<\/em> di Arisa, e quella Junior che ha visto invece vincere <strong>Simone Macor<\/strong> che ha fatto scaldare la sala sulle note di <em>Io Voglio Vivere<\/em> dei Nomadi.<\/p>\n<p>Bravissimi tutti i 14 cantanti in gara che da settembre, dopo aver passato le selezioni di una giuria di professionisti del panorama musicale, sono stati preparati all&#39;evento dai coach che li hanno seguiti passo passo a titolo gratuito: <strong>Barbara Fogar, Andrea Barzellato, Alessandro Sinatra <\/strong>e <strong>Barbara Stabile<\/strong>, subentrata al posto di <strong>Deborah Civita<\/strong> che dopo i primi due anni \u00e8 stata costretta a lasciare per motivi di lavoro. Tra i coach anche l&#39;ideatrice <strong>Eleonora Franzin<\/strong> che, grazie proprio al supporto dei coach e alla disponibilit\u00e0 del Coro Natissa organizzatore insieme al Comune dell&#39;evento, \u00e8 riuscita a portare per il terzo anno consecutivo uno spettacolo di qualit\u00e0 fatto da bambini per i bambini meno fortunati del territorio.<\/p>\n<p>Ogni anno infatti lo scopo \u00e8 creare uno spettacolo per raccogliere fondi da destinare in solidariet\u00e0 tramite Il comitato Amici di Federico. Toccante \u00e8 stato il momento in cui sul palco \u00e8 stato proiettato il video di Sara che canta, la bambina che sar\u00e0 aiutata quest&#39;anno con i 1.676 euro raccolti.\u00a0A ritirare l&#39;attestato di partecipazione i suoi genitori, poich\u00e9 lei all&#39;ultimo momento non \u00e8 potuta essere presente.<\/p>\n<p>Per il terzo anno consecutivo lo spettacolo \u00e8 stato presentato da <strong>Elisa Michellut<\/strong> e <strong>Leonardo Tognon<\/strong>, con\u00a0la partecipazione straordinaria in questa edizione di <strong>Maria Giovanna Elmi <\/strong>e <strong>Luana Colussi<\/strong>.<\/p>\n<p>Ogni esibizione dei cantanti \u00e8 stata accompagnata dai ballerini di <strong>G&#038;S Academy<\/strong> che hanno aperto con la sigla e regalato un momento di spettacolo\u00a0durante ogni canzone, raggiungendo il top con l&#39;esibizione sul palco dei loro maestri Sara e Giovanni.<\/p>\n<p>Le scenografie sono state curate da <strong>Donne come noi<\/strong>, gruppo affiliato Auser. Come tradizione il gruppo <strong>Imprenditori di Aquileia<\/strong> ha supportato tutta la manifestazione provvedendo a fiori, merenda e rinfresco finale per tutti.<\/p>\n<p>Uno spettacolo speciale che ha l&#39;ambizioso progetto il prossimo anno di allargare a tutti i Comuni dell&#39;Istituto comprensivo Don Milani e a Grado la possibilit\u00e0 di partecipare, spostando per\u00f2 l&#39;evento in estate per poterlo proporre nella cornice di Piazza Capitolo, perch\u00e9 la Sala Romana con i suoi 240 posti tutti esauriti non riesce pi\u00f9 a soddisfare le esigenze.<\/p>\n","protected":false},"excerpt":{"rendered":"<p>Guarda le foto online<\/p>\n","protected":false},"author":12,"featured_media":27736,"comment_status":"closed","ping_status":"closed","sticky":false,"template":"","format":"standard","meta":{"dwc-title":[],"dwc-content":[],"footnotes":""},"categories":[5],"tags":[],"class_list":["post-27735","post","type-post","status-publish","format-standard","has-post-thumbnail","hentry","category-attualita"],"rttpg_featured_image_url":{"full":["https:\/\/imagazine.it\/wp-content\/uploads\/2024\/01\/27869-1.webp",750,500,false],"landscape":["https:\/\/imagazine.it\/wp-content\/uploads\/2024\/01\/27869-1.webp",750,500,false],"portraits":["https:\/\/imagazine.it\/wp-content\/uploads\/2024\/01\/27869-1.webp",750,500,false],"thumbnail":["https:\/\/imagazine.it\/wp-content\/uploads\/2024\/01\/27869-1-150x150.webp",150,150,true],"medium":["https:\/\/imagazine.it\/wp-content\/uploads\/2024\/01\/27869-1-300x200.webp",300,200,true],"large":["https:\/\/imagazine.it\/wp-content\/uploads\/2024\/01\/27869-1.webp",640,427,false],"thumblist":["https:\/\/imagazine.it\/wp-content\/uploads\/2024\/01\/27869-1.webp",300,200,false],"thumbrelated":["https:\/\/imagazine.it\/wp-content\/uploads\/2024\/01\/27869-1.webp",500,333,false],"meccarouselthumb":["https:\/\/imagazine.it\/wp-content\/uploads\/2024\/01\/27869-1.webp",474,316,false],"gridsquare":["https:\/\/imagazine.it\/wp-content\/uploads\/2024\/01\/27869-1.webp",391,260,false],"tileview":["https:\/\/imagazine.it\/wp-content\/uploads\/2024\/01\/27869-1.webp",300,200,false],"1536x1536":["https:\/\/imagazine.it\/wp-content\/uploads\/2024\/01\/27869-1.webp",750,500,false],"2048x2048":["https:\/\/imagazine.it\/wp-content\/uploads\/2024\/01\/27869-1.webp",750,500,false],"newsup-slider-full":["https:\/\/imagazine.it\/wp-content\/uploads\/2024\/01\/27869-1.webp",750,500,false],"newsup-featured":["https:\/\/imagazine.it\/wp-content\/uploads\/2024\/01\/27869-1.webp",750,500,false],"newsup-medium":["https:\/\/imagazine.it\/wp-content\/uploads\/2024\/01\/27869-1-720x380.webp",720,380,true],"tptn_thumbnail":["https:\/\/imagazine.it\/wp-content\/uploads\/2024\/01\/27869-1.webp",250,167,false],"sow-carousel-default":["https:\/\/imagazine.it\/wp-content\/uploads\/2024\/01\/27869-1-272x182.webp",272,182,true]},"rttpg_author":{"display_name":"Claudio Pizzin","author_link":"https:\/\/imagazine.it\/home_desk\/author\/pizzin\/"},"rttpg_comment":0,"rttpg_category":"<a href=\"https:\/\/imagazine.it\/home_desk\/category\/attualita\/\" rel=\"category tag\">ATTUALIT\u00c0<\/a>","rttpg_excerpt":"Guarda le foto online","_links":{"self":[{"href":"https:\/\/imagazine.it\/home_desk\/wp-json\/wp\/v2\/posts\/27735","targetHints":{"allow":["GET"]}}],"collection":[{"href":"https:\/\/imagazine.it\/home_desk\/wp-json\/wp\/v2\/posts"}],"about":[{"href":"https:\/\/imagazine.it\/home_desk\/wp-json\/wp\/v2\/types\/post"}],"author":[{"embeddable":true,"href":"https:\/\/imagazine.it\/home_desk\/wp-json\/wp\/v2\/users\/12"}],"replies":[{"embeddable":true,"href":"https:\/\/imagazine.it\/home_desk\/wp-json\/wp\/v2\/comments?post=27735"}],"version-history":[{"count":0,"href":"https:\/\/imagazine.it\/home_desk\/wp-json\/wp\/v2\/posts\/27735\/revisions"}],"wp:featuredmedia":[{"embeddable":true,"href":"https:\/\/imagazine.it\/home_desk\/wp-json\/wp\/v2\/media\/27736"}],"wp:attachment":[{"href":"https:\/\/imagazine.it\/home_desk\/wp-json\/wp\/v2\/media?parent=27735"}],"wp:term":[{"taxonomy":"category","embeddable":true,"href":"https:\/\/imagazine.it\/home_desk\/wp-json\/wp\/v2\/categories?post=27735"},{"taxonomy":"post_tag","embeddable":true,"href":"https:\/\/imagazine.it\/home_desk\/wp-json\/wp\/v2\/tags?post=27735"}],"curies":[{"name":"wp","href":"https:\/\/api.w.org\/{rel}","templated":true}]}}