{"id":27733,"date":"2018-12-18T00:00:00","date_gmt":"2018-12-17T23:00:00","guid":{"rendered":"https:\/\/imagazine.it\/?p=27733"},"modified":"2018-12-18T00:00:00","modified_gmt":"2018-12-17T23:00:00","slug":"dal-silenzio-della-clausura-il-presepe-di-cividale","status":"publish","type":"post","link":"https:\/\/imagazine.it\/home_desk\/dal-silenzio-della-clausura-il-presepe-di-cividale\/","title":{"rendered":"Dal silenzio della clausura il Presepe di Cividale"},"content":{"rendered":"<p>Tra le mura dell\u2019antico Monastero di Santa Maria in Valle a Cividale del Friuli per decenni si \u00e8 ripetuta la tradizione di allestire il presepe a cura delle Orsoline e delle loro allieve. Questa tradizione \u00e8 stata ripresa, dopo un periodo di assenza da Cividale (il Presepe era stato trasportato a Gorizia), da dicembre del 2004 quando il Comune lo ha nuovamente allestito nell\u2019ambiente originario, al di sotto del campanile della Chiesa di San Giovanni Battista, presso l\u2019antica lavanderia delle suore.<\/p>\n<p>Il Presepe \u00e8 visitabile gratuitamente tutti i giorni, da luned\u00ec a venerd\u00ec 10-13 e 14-17; sabato e domenica 10-17; il 25 dicembre sar\u00e0 chiuso e l\u20191 gennaio sar\u00e0 aperto solo nel pomeriggio. Il Presepe registra un costante ed elevato afflusso di visitatori e di turisti, tant\u2019\u00e8 che il Comune di Cividale lo tiene stabilmente aperto al pubblico anche durante la stagione estiva.<\/p>\n<p>Il Presepe si compone di statuine con testa e mani in cera e corpo in stoppa. La tradizione orale attribuisce il lavoro di artigianato popolare al Settecento, ma studi riguardanti i costumi lo collocano nella seconda met\u00e0 dell\u2019Ottocento. Le statuine, realizzate nel silenzio della clausura, fanno rivivere la gente che animava i mercati e le vie di Cividale anche attraverso i nomi friulani con i quali le suore li avevano battezzati: Iustin, Agnul, Checo, Min, Zef, Nadal, Tin, Vigi, Toni, Bepo, Meni, Ursule, Sunte, Mariane, Mariute, Menie, Angiule, Filumene, Pine, Sante\u2026<\/p>\n","protected":false},"excerpt":{"rendered":"<p>Ufficializzati gli orari del periodo natalizio<\/p>\n","protected":false},"author":28,"featured_media":27734,"comment_status":"closed","ping_status":"closed","sticky":false,"template":"","format":"standard","meta":{"dwc-title":[],"dwc-content":[],"footnotes":""},"categories":[8],"tags":[],"class_list":["post-27733","post","type-post","status-publish","format-standard","has-post-thumbnail","hentry","category-turismo"],"rttpg_featured_image_url":{"full":["https:\/\/imagazine.it\/wp-content\/uploads\/2024\/01\/27851-1.webp",750,500,false],"landscape":["https:\/\/imagazine.it\/wp-content\/uploads\/2024\/01\/27851-1.webp",750,500,false],"portraits":["https:\/\/imagazine.it\/wp-content\/uploads\/2024\/01\/27851-1.webp",750,500,false],"thumbnail":["https:\/\/imagazine.it\/wp-content\/uploads\/2024\/01\/27851-1-150x150.webp",150,150,true],"medium":["https:\/\/imagazine.it\/wp-content\/uploads\/2024\/01\/27851-1-300x200.webp",300,200,true],"large":["https:\/\/imagazine.it\/wp-content\/uploads\/2024\/01\/27851-1.webp",640,427,false],"thumblist":["https:\/\/imagazine.it\/wp-content\/uploads\/2024\/01\/27851-1.webp",300,200,false],"thumbrelated":["https:\/\/imagazine.it\/wp-content\/uploads\/2024\/01\/27851-1.webp",500,333,false],"meccarouselthumb":["https:\/\/imagazine.it\/wp-content\/uploads\/2024\/01\/27851-1.webp",474,316,false],"gridsquare":["https:\/\/imagazine.it\/wp-content\/uploads\/2024\/01\/27851-1.webp",391,260,false],"tileview":["https:\/\/imagazine.it\/wp-content\/uploads\/2024\/01\/27851-1.webp",300,200,false],"1536x1536":["https:\/\/imagazine.it\/wp-content\/uploads\/2024\/01\/27851-1.webp",750,500,false],"2048x2048":["https:\/\/imagazine.it\/wp-content\/uploads\/2024\/01\/27851-1.webp",750,500,false],"newsup-slider-full":["https:\/\/imagazine.it\/wp-content\/uploads\/2024\/01\/27851-1.webp",750,500,false],"newsup-featured":["https:\/\/imagazine.it\/wp-content\/uploads\/2024\/01\/27851-1.webp",750,500,false],"newsup-medium":["https:\/\/imagazine.it\/wp-content\/uploads\/2024\/01\/27851-1-720x380.webp",720,380,true],"tptn_thumbnail":["https:\/\/imagazine.it\/wp-content\/uploads\/2024\/01\/27851-1.webp",250,167,false],"sow-carousel-default":["https:\/\/imagazine.it\/wp-content\/uploads\/2024\/01\/27851-1-272x182.webp",272,182,true]},"rttpg_author":{"display_name":"redazione","author_link":"https:\/\/imagazine.it\/home_desk\/author\/redazione\/"},"rttpg_comment":0,"rttpg_category":"<a href=\"https:\/\/imagazine.it\/home_desk\/category\/turismo\/\" rel=\"category tag\">TURISMO<\/a>","rttpg_excerpt":"Ufficializzati gli orari del periodo natalizio","_links":{"self":[{"href":"https:\/\/imagazine.it\/home_desk\/wp-json\/wp\/v2\/posts\/27733","targetHints":{"allow":["GET"]}}],"collection":[{"href":"https:\/\/imagazine.it\/home_desk\/wp-json\/wp\/v2\/posts"}],"about":[{"href":"https:\/\/imagazine.it\/home_desk\/wp-json\/wp\/v2\/types\/post"}],"author":[{"embeddable":true,"href":"https:\/\/imagazine.it\/home_desk\/wp-json\/wp\/v2\/users\/28"}],"replies":[{"embeddable":true,"href":"https:\/\/imagazine.it\/home_desk\/wp-json\/wp\/v2\/comments?post=27733"}],"version-history":[{"count":0,"href":"https:\/\/imagazine.it\/home_desk\/wp-json\/wp\/v2\/posts\/27733\/revisions"}],"wp:featuredmedia":[{"embeddable":true,"href":"https:\/\/imagazine.it\/home_desk\/wp-json\/wp\/v2\/media\/27734"}],"wp:attachment":[{"href":"https:\/\/imagazine.it\/home_desk\/wp-json\/wp\/v2\/media?parent=27733"}],"wp:term":[{"taxonomy":"category","embeddable":true,"href":"https:\/\/imagazine.it\/home_desk\/wp-json\/wp\/v2\/categories?post=27733"},{"taxonomy":"post_tag","embeddable":true,"href":"https:\/\/imagazine.it\/home_desk\/wp-json\/wp\/v2\/tags?post=27733"}],"curies":[{"name":"wp","href":"https:\/\/api.w.org\/{rel}","templated":true}]}}