{"id":27731,"date":"2018-12-18T00:00:00","date_gmt":"2018-12-17T23:00:00","guid":{"rendered":"https:\/\/imagazine.it\/?p=27731"},"modified":"2018-12-18T00:00:00","modified_gmt":"2018-12-17T23:00:00","slug":"ginnastica-ritmica-le-farfalle-dellasu-seconde-in-italia","status":"publish","type":"post","link":"https:\/\/imagazine.it\/home_desk\/ginnastica-ritmica-le-farfalle-dellasu-seconde-in-italia\/","title":{"rendered":"Ginnastica ritmica, le farfalle dell\u2019Asu seconde in Italia"},"content":{"rendered":"<p>Le ginnaste dell\u2019Asu hanno chiuso il campionato di serie A salendo, con un punteggio di 100,500, sul secondo gradino del podio dopo la squadra gi\u00e0 campione d\u2019Italia nel 2017, la Faber Ginnastica Fabriano (103,200 punti), e a 8 punti dalle terze (a pari merito con 92,350), Armonia d\u2019Abruzzo e Raffaello Motto di Viareggio.<\/p>\n<p><strong>LE PROVE DELLE RAGAZZE<\/strong> &#8211; Le farfalle friulane, dopo il calo della precedente gara, sono salite in pedana a Sansepolcro (Arezzo) cariche e determinate. Bene la palla e il nastro di <strong>Alexandra Agiurgiuculese<\/strong>: \u201cCon la palla ha fatto un\u2019esecuzione perfetta, che le \u00e8 valsa un punteggio di 19,20. L\u2019unico 19 della competizione \u2013 hanno spiegato le allenatrici della squadra di ginnastica ritmica dell\u2019Associazione sportiva udinese, <strong>Spela Dragas <\/strong>e <strong>Magda Pigano<\/strong> \u2013. Finalmente anche il nastro non le \u2018ha rovinato i piani\u2019. Alex ha totalizzato 18,150 punti, il miglior punteggio con quest\u2019attrezzo\u201d.<\/p>\n<p>Positiva anche la prova di <strong>Tara Dragas<\/strong> che \u201cha superato il suo miglior risultato di 0,30. Il suo \u00e8 rimasto il secondo miglior risultato del campionato nel corpo libero, nonostante sia la pi\u00f9 piccola\u201d. La campionessa nazionale di specialit\u00e0 fune, <strong>Beatrice Pilosio<\/strong>, si \u00e8 presentata con \u201cun\u2019impeccabile esecuzione in tutte le difficolt\u00e0 corporee e con l\u2019attrezzo, raggiungendo i 15,10 punti. Un\u2019ottima votazione per la fune\u201d. <strong>Linoy Ashram<\/strong>, vice campionessa del mondo, si \u00e8 presentata con il suo \u2018the best\u2019, il cerchio: \u201cA nostro avviso la giuria \u00e8 rimasta un po\u2019 bassa (dandole 19,65 punti), ma quello che ha totalizzato resta comunque il miglior punteggio dell\u2019intero evento\u201d. <strong>Lara Paolini<\/strong> \u00e8 invece stata vittima di alcuni errori che l\u2019hanno portata ad aggiudicarsi 14,70 punti: \u201cAll\u2019ultimo secondo ha perso l\u2019attrezzo, finendo l\u2019esibizione senza. Questo l\u2019ha ovviamente penalizzata molto\u201d. Quella di Sansepolcro \u00e8 stata l\u2019ultima tappa di una grande stagione per la ritmica dell\u2019Asu che si \u00e8 cos\u00ec confermata fra le migliori societ\u00e0 nel panorama nazionale: \u201cSiamo felicissime e aspettiamo la nuova stagione\u201d, hanno concluso le tecniche.<\/p>\n<p><strong>IL NUOVO CAMPIONATO<\/strong> \u2013 \u201cOra le ragazze sono stanche. Le attende un\u2019intera settimana libera per godersi il Natale, poi si torner\u00e0 subito in pedana per lavorare sugli esercizi per il nuovo campionato, che quest\u2019anno inizier\u00e0 il 26 gennaio\u201d. Dal 2019, infatti, il campionato subir\u00e0 una vera e propria rivoluzione. Si ripartir\u00e0 subito (con una gara ogni due settimane, fino a marzo) per uniformare il campionato di ritmica e quello di ginnastica artistica. La serie A si divider\u00e0 poi in A1 (le prime 12 squadre) e A2 (le restanti 8, pi\u00f9 le prime 4 di serie B). Via anche l\u2019esibizione a corpo libero (punto di forza dell\u2019Asu in questo campionato, con Tara Dragas), resteranno \u2018solo\u2019 i 5 attrezzi.<\/p>\n<p>\u201cSiamo orgogliosi delle nostre ragazze, hanno lavorano tantissimo e meritatamente raggiunto questo splendido secondo posto. A nome di tutta la societ\u00e0 faccio loro i complimenti per questo meraviglioso traguardo\u201d, ha dichiarato <strong>Umberto Meroni<\/strong>, vice presidente dell\u2019Asu, presente in Toscana per supportare le atlete.<\/p>\n","protected":false},"excerpt":{"rendered":"<p>Conclusa la stagione 2018<\/p>\n","protected":false},"author":28,"featured_media":27732,"comment_status":"closed","ping_status":"closed","sticky":false,"template":"","format":"standard","meta":{"dwc-title":[],"dwc-content":[],"footnotes":""},"categories":[38],"tags":[],"class_list":["post-27731","post","type-post","status-publish","format-standard","has-post-thumbnail","hentry","category-sport"],"rttpg_featured_image_url":{"full":["https:\/\/imagazine.it\/wp-content\/uploads\/2024\/01\/27846-1.webp",750,529,false],"landscape":["https:\/\/imagazine.it\/wp-content\/uploads\/2024\/01\/27846-1.webp",750,529,false],"portraits":["https:\/\/imagazine.it\/wp-content\/uploads\/2024\/01\/27846-1.webp",750,529,false],"thumbnail":["https:\/\/imagazine.it\/wp-content\/uploads\/2024\/01\/27846-1-150x150.webp",150,150,true],"medium":["https:\/\/imagazine.it\/wp-content\/uploads\/2024\/01\/27846-1-300x212.webp",300,212,true],"large":["https:\/\/imagazine.it\/wp-content\/uploads\/2024\/01\/27846-1.webp",640,451,false],"thumblist":["https:\/\/imagazine.it\/wp-content\/uploads\/2024\/01\/27846-1.webp",300,212,false],"thumbrelated":["https:\/\/imagazine.it\/wp-content\/uploads\/2024\/01\/27846-1.webp",500,353,false],"meccarouselthumb":["https:\/\/imagazine.it\/wp-content\/uploads\/2024\/01\/27846-1.webp",459,324,false],"gridsquare":["https:\/\/imagazine.it\/wp-content\/uploads\/2024\/01\/27846-1.webp",369,260,false],"tileview":["https:\/\/imagazine.it\/wp-content\/uploads\/2024\/01\/27846-1.webp",300,212,false],"1536x1536":["https:\/\/imagazine.it\/wp-content\/uploads\/2024\/01\/27846-1.webp",750,529,false],"2048x2048":["https:\/\/imagazine.it\/wp-content\/uploads\/2024\/01\/27846-1.webp",750,529,false],"newsup-slider-full":["https:\/\/imagazine.it\/wp-content\/uploads\/2024\/01\/27846-1.webp",750,529,false],"newsup-featured":["https:\/\/imagazine.it\/wp-content\/uploads\/2024\/01\/27846-1.webp",750,529,false],"newsup-medium":["https:\/\/imagazine.it\/wp-content\/uploads\/2024\/01\/27846-1-720x380.webp",720,380,true],"tptn_thumbnail":["https:\/\/imagazine.it\/wp-content\/uploads\/2024\/01\/27846-1.webp",250,176,false],"sow-carousel-default":["https:\/\/imagazine.it\/wp-content\/uploads\/2024\/01\/27846-1-272x182.webp",272,182,true]},"rttpg_author":{"display_name":"redazione","author_link":"https:\/\/imagazine.it\/home_desk\/author\/redazione\/"},"rttpg_comment":0,"rttpg_category":"<a href=\"https:\/\/imagazine.it\/home_desk\/category\/sport\/\" rel=\"category tag\">SPORT<\/a>","rttpg_excerpt":"Conclusa la stagione 2018","_links":{"self":[{"href":"https:\/\/imagazine.it\/home_desk\/wp-json\/wp\/v2\/posts\/27731","targetHints":{"allow":["GET"]}}],"collection":[{"href":"https:\/\/imagazine.it\/home_desk\/wp-json\/wp\/v2\/posts"}],"about":[{"href":"https:\/\/imagazine.it\/home_desk\/wp-json\/wp\/v2\/types\/post"}],"author":[{"embeddable":true,"href":"https:\/\/imagazine.it\/home_desk\/wp-json\/wp\/v2\/users\/28"}],"replies":[{"embeddable":true,"href":"https:\/\/imagazine.it\/home_desk\/wp-json\/wp\/v2\/comments?post=27731"}],"version-history":[{"count":0,"href":"https:\/\/imagazine.it\/home_desk\/wp-json\/wp\/v2\/posts\/27731\/revisions"}],"wp:featuredmedia":[{"embeddable":true,"href":"https:\/\/imagazine.it\/home_desk\/wp-json\/wp\/v2\/media\/27732"}],"wp:attachment":[{"href":"https:\/\/imagazine.it\/home_desk\/wp-json\/wp\/v2\/media?parent=27731"}],"wp:term":[{"taxonomy":"category","embeddable":true,"href":"https:\/\/imagazine.it\/home_desk\/wp-json\/wp\/v2\/categories?post=27731"},{"taxonomy":"post_tag","embeddable":true,"href":"https:\/\/imagazine.it\/home_desk\/wp-json\/wp\/v2\/tags?post=27731"}],"curies":[{"name":"wp","href":"https:\/\/api.w.org\/{rel}","templated":true}]}}