{"id":27729,"date":"2018-12-17T00:00:00","date_gmt":"2018-12-16T23:00:00","guid":{"rendered":"https:\/\/imagazine.it\/?p=27729"},"modified":"2018-12-17T00:00:00","modified_gmt":"2018-12-16T23:00:00","slug":"trieste-nuova-sede-per-le-associazioni","status":"publish","type":"post","link":"https:\/\/imagazine.it\/home_desk\/trieste-nuova-sede-per-le-associazioni\/","title":{"rendered":"Trieste, nuova sede per le associazioni"},"content":{"rendered":"<p>Il vicesindaco di Trieste, <strong>Paolo Polidori<\/strong>, ha presentato in Municipio la concessione dei locali situati nel comprensorio di Viale Miramare 65 all&#39;Associazione nazionale Carabinieri-Nucleo Volontario di Protezione Civile &#8211; Sezione di Trieste, all&#39;Associazione Corpo Pompieri Volontari di Trieste e ai Vigili del Fuoco Volontari.<\/p>\n<p>\u201cCon la concessione, in comodato d&#39;uso, della sede di Viale Miramare, dove c&#39;\u00e8 ora il Distretto di Polizia Locale, formalizzata da un&#39;apposita delibera di Giunta \u2013 ha spiegato Polidori \u2013 si stabilisce il contratto per l&#39;utilizzo dei locali, in tutto 10 stanze, che saranno a disposizione di queste tre importanti associazioni di volontariato\u201d.<\/p>\n<p>Il coordinatore del Corpo dei Pompieri volontari <strong>Alessandro Novello <\/strong>ha sottolineato la valenza dell&#39;atto che garantir\u00e0 maggiori spazi, anche per i mezzi operativi a disposizione, importanti per far fronte a organizzazione e logistica in caso di immediate situazioni di emergenza. E che permetter\u00e0 un maggiore scambio anche per la formazione dei volontari.<\/p>\n<p>Soddisfazione \u00e8 stata espressa da <strong>Marino Lacosegliaz<\/strong>, presidente dei Vigili del Fuoco Volontari, e dal Vice Brigadiere <strong>Fausto Simonelli<\/strong>, presidente del Nucleo Volontari FVG dell&#39;Associazione Nazionale dei Carabinieri: \u201c\u00c8\u2019 un onore per noi avere una sede a Trieste perch\u00e8 ci consentir\u00e0 di garantire maggiore efficienza in tutte le operazioni, auspicando che cos\u00ec la collaborazione sia sempre pi\u00f9 valida\u201d.<\/p>\n<p>La sede di Viale Miramare sar\u00e0 operativa nei primi mesi del 2019.<\/p>\n","protected":false},"excerpt":{"rendered":"<p>Pronta a inizio 2019<\/p>\n","protected":false},"author":28,"featured_media":0,"comment_status":"closed","ping_status":"closed","sticky":false,"template":"","format":"standard","meta":{"dwc-title":[],"dwc-content":[],"footnotes":""},"categories":[5],"tags":[],"class_list":["post-27729","post","type-post","status-publish","format-standard","hentry","category-attualita"],"rttpg_featured_image_url":null,"rttpg_author":{"display_name":"redazione","author_link":"https:\/\/imagazine.it\/home_desk\/author\/redazione\/"},"rttpg_comment":0,"rttpg_category":"<a href=\"https:\/\/imagazine.it\/home_desk\/category\/attualita\/\" rel=\"category tag\">ATTUALIT\u00c0<\/a>","rttpg_excerpt":"Pronta a inizio 2019","_links":{"self":[{"href":"https:\/\/imagazine.it\/home_desk\/wp-json\/wp\/v2\/posts\/27729","targetHints":{"allow":["GET"]}}],"collection":[{"href":"https:\/\/imagazine.it\/home_desk\/wp-json\/wp\/v2\/posts"}],"about":[{"href":"https:\/\/imagazine.it\/home_desk\/wp-json\/wp\/v2\/types\/post"}],"author":[{"embeddable":true,"href":"https:\/\/imagazine.it\/home_desk\/wp-json\/wp\/v2\/users\/28"}],"replies":[{"embeddable":true,"href":"https:\/\/imagazine.it\/home_desk\/wp-json\/wp\/v2\/comments?post=27729"}],"version-history":[{"count":0,"href":"https:\/\/imagazine.it\/home_desk\/wp-json\/wp\/v2\/posts\/27729\/revisions"}],"wp:attachment":[{"href":"https:\/\/imagazine.it\/home_desk\/wp-json\/wp\/v2\/media?parent=27729"}],"wp:term":[{"taxonomy":"category","embeddable":true,"href":"https:\/\/imagazine.it\/home_desk\/wp-json\/wp\/v2\/categories?post=27729"},{"taxonomy":"post_tag","embeddable":true,"href":"https:\/\/imagazine.it\/home_desk\/wp-json\/wp\/v2\/tags?post=27729"}],"curies":[{"name":"wp","href":"https:\/\/api.w.org\/{rel}","templated":true}]}}