{"id":27727,"date":"2018-12-14T00:00:00","date_gmt":"2018-12-13T23:00:00","guid":{"rendered":"https:\/\/imagazine.it\/?p=27727"},"modified":"2018-12-14T00:00:00","modified_gmt":"2018-12-13T23:00:00","slug":"palmanova-sbloccati-i-fondi-per-i-lavori-sulle-fortificazioni-unesco","status":"publish","type":"post","link":"https:\/\/imagazine.it\/home_desk\/palmanova-sbloccati-i-fondi-per-i-lavori-sulle-fortificazioni-unesco\/","title":{"rendered":"Palmanova, sbloccati i fondi per i lavori sulle fortificazioni UNESCO"},"content":{"rendered":"<p>\u201cLa situazione di stallo legata all\u2019utilizzo di 3 dei 5 milioni di euro stanziati con l\u2019accordo tra Comune, Regione e MIBACT \u00e8 risolta. Finalmente potremo dare il via alla progettazione e ai successivi lavori sul grande patrimonio storico UNESCO di Palmanova\u201d. <strong>Francesco Martines<\/strong>, sindaco di Palmanova, ha firmato ieri, a Venezia, un accordo tra Comune e Segretariato regionale del Ministero con il quale viene dato potere all\u2019amministrazione locale per avviare l\u2019iter di gara per la realizzazione degli interventi previsti, utilizzando i fondi in campo al Segretariato FVG, a cui rimarr\u00e0 il compito di gestire la parte finanziaria.<\/p>\n<p>\u201cLa legge nazionale sugli appalti non era chiara. Cos\u00ec abbiamo chiesto e ottenuto un parere dal Ministero sulla sua applicazione. Da questo \u00e8 nato l\u2019accordo messo ora nero su bianco. Alla base di tutto rimane la ferma volont\u00e0 di\u00a0massima collaborazione tra Comune di Palmanova e Segreteriato regionale del MIBACT\u201d aggiunge il sindaco.<\/p>\n<p>La firma \u00e8 avvenuta nella cornice di Palazzo Ducale, a margine dell\u2019incontro \u201cLe mura di Palmanova \u2013 Nuovi contributi al restauro\u201d, durante il quale \u00e8 stato presentato ufficialmente il volume\u00a0<strong>\u201cContributi alla conoscenza e alla tutela della cinta muraria di Palmanova\u201d<\/strong>, curato da <strong>Corrado Azzolini<\/strong>, <strong>Alessandra Biasi<\/strong> e <strong>Stefania Casucci<\/strong>.<\/p>\n<p>Nel documento firmato viene definito il<strong> cronoprogramma<\/strong>. Entro il 30 maggio 2019, l\u2019affidamento dei servizi tecnici di progettazione e direzione dei lavori. Entro il 30 ottobre dello stesso anno l\u2019aggiudicazione degli appalti. Entro il 31 dicembre 2021 l\u2019ultimazione dei lavori.<\/p>\n<p>\u201cSar\u00e0 una corsa contro il tempo ma ora che abbiamo la possibilit\u00e0 e la responsabilit\u00e0 in campo al Comune,\u00a0<strong>possiamo accelerare sui tempi<\/strong>\u00a0e procedere con urgenza per salvare e riqualificare molti dei manufatti che la nostra citt\u00e0 conserva, valorizzandone l\u2019unicit\u00e0 e salvandola dal degrado. Questo accordo far\u00e0 da modello per altri simili, utili a sbloccare anche gli altri fondi ad ora fermi\u201d conclude Martines.<\/p>\n<p>Alcuni lavori sono gi\u00e0 in fase di avvio. Con i fondi direttamente stanziati dalla Regione Friuli Venezia Giulia al Comune (2 milioni di euro) si sta intervenendo sul ripristino del periplo della prima fortificazione e sul restauro della Controporta su Porta Cividale, sul restauro della Poterna di Bastione Del Monte, sul restauro dei paramenti murari della prima fortificazione nel tratto tra Porta Cividale e Porta Udine e sul restauro di Porta Udine.<\/p>\n<p>Ora, grazie all\u2019accordo appena sottoscritto, dal Comune fanno sapere che si potr\u00e0 procedere\u00a0anche con il restauro dell\u2019ex caserma Montesanto, della Polveriera Napoleonica Foscarini, della copertura del Dongione Porta Aquileia, con la realizzazione degli accessi pedonali e ciclabili su Porta Aquileia e Bastione Foscarini e con il restauro dell\u2019ex Caserma Piave.<\/p>\n","protected":false},"excerpt":{"rendered":"<p>Firma dell\u2019accordo con il Segretariato FVG del MIBACT<\/p>\n","protected":false},"author":28,"featured_media":0,"comment_status":"closed","ping_status":"closed","sticky":false,"template":"","format":"standard","meta":{"dwc-title":[],"dwc-content":[],"footnotes":""},"categories":[5],"tags":[],"class_list":["post-27727","post","type-post","status-publish","format-standard","hentry","category-attualita"],"rttpg_featured_image_url":null,"rttpg_author":{"display_name":"redazione","author_link":"https:\/\/imagazine.it\/home_desk\/author\/redazione\/"},"rttpg_comment":0,"rttpg_category":"<a href=\"https:\/\/imagazine.it\/home_desk\/category\/attualita\/\" rel=\"category tag\">ATTUALIT\u00c0<\/a>","rttpg_excerpt":"Firma dell\u2019accordo con il Segretariato FVG del MIBACT","_links":{"self":[{"href":"https:\/\/imagazine.it\/home_desk\/wp-json\/wp\/v2\/posts\/27727","targetHints":{"allow":["GET"]}}],"collection":[{"href":"https:\/\/imagazine.it\/home_desk\/wp-json\/wp\/v2\/posts"}],"about":[{"href":"https:\/\/imagazine.it\/home_desk\/wp-json\/wp\/v2\/types\/post"}],"author":[{"embeddable":true,"href":"https:\/\/imagazine.it\/home_desk\/wp-json\/wp\/v2\/users\/28"}],"replies":[{"embeddable":true,"href":"https:\/\/imagazine.it\/home_desk\/wp-json\/wp\/v2\/comments?post=27727"}],"version-history":[{"count":0,"href":"https:\/\/imagazine.it\/home_desk\/wp-json\/wp\/v2\/posts\/27727\/revisions"}],"wp:attachment":[{"href":"https:\/\/imagazine.it\/home_desk\/wp-json\/wp\/v2\/media?parent=27727"}],"wp:term":[{"taxonomy":"category","embeddable":true,"href":"https:\/\/imagazine.it\/home_desk\/wp-json\/wp\/v2\/categories?post=27727"},{"taxonomy":"post_tag","embeddable":true,"href":"https:\/\/imagazine.it\/home_desk\/wp-json\/wp\/v2\/tags?post=27727"}],"curies":[{"name":"wp","href":"https:\/\/api.w.org\/{rel}","templated":true}]}}