{"id":27726,"date":"2018-12-13T00:00:00","date_gmt":"2018-12-12T23:00:00","guid":{"rendered":"https:\/\/imagazine.it\/?p=27726"},"modified":"2018-12-13T00:00:00","modified_gmt":"2018-12-12T23:00:00","slug":"trieste-il-teatro-si-apre-alle-persone-fragili","status":"publish","type":"post","link":"https:\/\/imagazine.it\/home_desk\/trieste-il-teatro-si-apre-alle-persone-fragili\/","title":{"rendered":"Trieste, il teatro si apre alle persone fragili"},"content":{"rendered":"<p>Presentato in Municipio a Trieste il progetto sociale e artistico <em>\u201cRacconti d&#39;inverno\u201d,<\/em> che si svolger\u00e0 nel periodo delle festivit\u00e0, dal 20 dicembre 2018 al 10 gennaio 2019 (ma parecchi appuntamenti si stanno tuttora aggiungendo al programma in via di elaborazione), dedicato alle fasce deboli, ai ragazzi e alle famiglie. All\u2019incontro hanno preso parte gli assessori comunali ai Teatri <strong>Serena Tonel<\/strong>, all&#39;Educazione, Scuola, Universit\u00e0 e Ricerca <strong>Angela Brandi<\/strong> e alle Politiche Sociali <strong>Carlo Grilli<\/strong> assieme al presidente del Teatro Stabile regionale <strong>Sergio Pacor<\/strong> e al direttore <strong>Franco Per\u00f2<\/strong>.<\/p>\n<p><em>\u201cRacconti d\u2019Inverno\u201d<\/em> ideato da Franco Per\u00f2, \u00e8 un\u2019iniziativa del Teatro Stabile del Friuli Venezia Giulia con il sostegno del Comune di Trieste e della Fondazione Benefica Kathleen Foreman Casali, che porter\u00e0 il teatro nelle case di riposo, nelle microaree e in alcuni ricreatori di Trieste (Anna Frank, Cobolli, Lucchini, Pitteri, De Amicis). Ha collaborato anche il Liceo Petrarca, i cui allievi sono stati coinvolti nel progetto nell\u2019ambito dell\u2019attivit\u00e0 di Alternanza Scuola Lavoro, guidati dalla professoressa <strong>Daria Crismani<\/strong>.<\/p>\n<p>Il progetto avr\u00e0 come protagonisti (in formazioni diverse) gli attori della Compagnia del Teatro Stabile del Friuli Venezia Giulia <strong>Filippo Borghi, Romina Colbasso, Emanuele Fortunati, Ester Galazzi, Andrea Germani, Riccardo Maranzana, Francesco Migliaccio, Maria Grazia Plos<\/strong>: porteranno momenti di teatro, interpretando pagine di autori italiani, del territorio e della grande narrativa internazionale. \u00a0\u00a0\u00a0<\/p>\n<p>L\u2019iniziativa \u2013 \u00e8 stato evidenziato dai promotori \u2013 nasce da una riflessione sul periodo delle festivit\u00e0, che se in generale sono l\u2019occasione gioiosa di raccoglimento per i nuclei familiari, per molte persone possono anche rappresentare momenti in cui le solitudini, i problemi, le difficolt\u00e0 anche economiche si acuiscono e divengono pi\u00f9 pesanti da sopportare. E ci\u00f2 avviene in particolare nelle et\u00e0 \u201cfragili\u201d. \u00a0\u00a0\u00a0\u00a0\u00a0\u00a0 Ecco allora nascere l\u2019idea di far uscire il teatro dai suoi luoghi deputati \u2013 per alcuni difficilmente raggiungibili \u2013 per entrare nei luoghi di residenza o di aggregazione rionale.<\/p>\n<p>Lo Stabile del Friuli Venezia Giulia ha gi\u00e0 compiuto alcune esperienze \u201cpilota\u201d in questa direzione: nel mondo del sociale con gli appuntamenti di \u201cteatro al buio\u201d realizzati all\u2019Istituto Regionale Rittmeyer per i ciechi, e \u2013 in una dimensione di sinergie culturali \u2013 entrando negli spazi dei Musei Civici con spettacoli come \u201cA Sarajevo il 28 giugno\u201d, la danza degli Arearea o il recente \u201cMorire per quattro monete\u201d, sulla figura di Winckelmann.<\/p>\n<p>Ulteriori informazioni sul sito <u><a href=\"http:\/\/www.ilrossetti.it\/\" target=\"_blank\" rel=\"noopener\">www.ilrossetti.it<\/a><\/u>.<\/p>\n","protected":false},"excerpt":{"rendered":"<p>Presentato &#8220;Racconti di inverno&#8221;<\/p>\n","protected":false},"author":28,"featured_media":0,"comment_status":"closed","ping_status":"closed","sticky":false,"template":"","format":"standard","meta":{"dwc-title":[],"dwc-content":[],"footnotes":""},"categories":[5],"tags":[],"class_list":["post-27726","post","type-post","status-publish","format-standard","hentry","category-attualita"],"rttpg_featured_image_url":null,"rttpg_author":{"display_name":"redazione","author_link":"https:\/\/imagazine.it\/home_desk\/author\/redazione\/"},"rttpg_comment":0,"rttpg_category":"<a href=\"https:\/\/imagazine.it\/home_desk\/category\/attualita\/\" rel=\"category tag\">ATTUALIT\u00c0<\/a>","rttpg_excerpt":"Presentato \"Racconti di inverno\"","_links":{"self":[{"href":"https:\/\/imagazine.it\/home_desk\/wp-json\/wp\/v2\/posts\/27726","targetHints":{"allow":["GET"]}}],"collection":[{"href":"https:\/\/imagazine.it\/home_desk\/wp-json\/wp\/v2\/posts"}],"about":[{"href":"https:\/\/imagazine.it\/home_desk\/wp-json\/wp\/v2\/types\/post"}],"author":[{"embeddable":true,"href":"https:\/\/imagazine.it\/home_desk\/wp-json\/wp\/v2\/users\/28"}],"replies":[{"embeddable":true,"href":"https:\/\/imagazine.it\/home_desk\/wp-json\/wp\/v2\/comments?post=27726"}],"version-history":[{"count":0,"href":"https:\/\/imagazine.it\/home_desk\/wp-json\/wp\/v2\/posts\/27726\/revisions"}],"wp:attachment":[{"href":"https:\/\/imagazine.it\/home_desk\/wp-json\/wp\/v2\/media?parent=27726"}],"wp:term":[{"taxonomy":"category","embeddable":true,"href":"https:\/\/imagazine.it\/home_desk\/wp-json\/wp\/v2\/categories?post=27726"},{"taxonomy":"post_tag","embeddable":true,"href":"https:\/\/imagazine.it\/home_desk\/wp-json\/wp\/v2\/tags?post=27726"}],"curies":[{"name":"wp","href":"https:\/\/api.w.org\/{rel}","templated":true}]}}