{"id":27709,"date":"2018-12-05T00:00:00","date_gmt":"2018-12-04T23:00:00","guid":{"rendered":"https:\/\/imagazine.it\/?p=27709"},"modified":"2018-12-05T00:00:00","modified_gmt":"2018-12-04T23:00:00","slug":"sci-gli-impianti-del-fvg-pronti-allapertura","status":"publish","type":"post","link":"https:\/\/imagazine.it\/home_desk\/sci-gli-impianti-del-fvg-pronti-allapertura\/","title":{"rendered":"Sci, gli impianti del FVG pronti all&#8217;apertura"},"content":{"rendered":"<p>Condizioni meteorologiche permettendo, il calendario stagionale prevede l&#39;apertura degli impianti in tutti i poli sciistici del Friuli Venezia Giulia gestiti da PromoTurismoFVG (Piancavallo, Forni di Sopra-Sauris, Ravascletto-Zoncolan, Tarvisio, Sella Nevea) sabato 8 dicembre e la chiusura il 31 marzo 2019, fatto salvo per il polo di Sella Nevea dove si conta di proseguire oltre Pasqua, per chiudere il 25 aprile. In particolare nel primo week-end di aperura (8 e 9 dicembre) si potr\u00e0 sciare a Piancavallo (area Casere), Sella Nevea (seggiovia Gilberti e collegamento con la Slovenia), Zoncolan (campi scuola, seggiovia Funifor e pista Z4), mentre a Tarvisio per i pedoni sar\u00e0 aperta la telecabinovia del Lussari.<\/p>\n<p>Sar\u00e0 possibile conoscere le aperture in tempo reale tramite il sito\u00a0<u><a data-saferedirecturl=\"https:\/\/www.google.com\/url?q=https:\/\/t.contactlab.it\/c\/2003763\/949\/2467373\/5802&#038;source=gmail&#038;ust=1544111586159000&#038;usg=AFQjCNEbHEuVU1Rh5w4xfkfD8YzdrSUj-A\" href=\"https:\/\/t.contactlab.it\/c\/2003763\/949\/2467373\/5802\" target=\"_blank\" rel=\"noopener\">www.promotur.org<\/a><\/u>, dove le\u00a0<strong>nuove webcam<\/strong>\u00a0permetteranno di monitorare la situazione meteorologica di ogni stazione sciistica.<\/p>\n<p><strong>\u201cOpen Day in FVG 2018\u201d: una giornata gratuita sulla neve<\/strong><\/p>\n<p>L\u2019evento atteso dai pi\u00f9 piccoli \u00e8 l\u2019Open Day in programma\u00a0<strong>sabato 8 dicembre<\/strong>. In collaborazione con l\u2019AMSI FVG, l\u2019Associazione maestri sci italiani del Friuli Venezia Giulia, in tutti i poli montani le scuole sci\/snowboard della regione aspettano i piccoli ospiti e le loro famiglie per una giornata di avvicinamento allo sci.\u00a0A tutti i bambini fino ai 10 anni saranno offerti gratuitamente lo skipass, il noleggio dell\u2019attrezzatura e la lezione di un maestro di sci a disposizione per tutta la giornata. Per aderire all\u2019Open Day basta contattare la Scuola sci o snowboard pi\u00f9 vicina e comunicare l\u2019adesione all\u2019Open Day FVG 2018. L\u2019iniziativa viene confermata anche in caso di apertura parziale dei poli, condizioni nivometeorologiche permettendo.<\/p>\n<p><strong>Terme di Arta e sci per un\u2019offerta integrata neve-terme<\/strong><\/p>\n<p>Per garantire un\u2019esperienza neve completa a turisti e sciatori dei poli montani della Carnia, PromoTurismoFVG e le Terme di Arta hanno previsto anche per quest\u2019anno una speciale\u00a0<strong>promozione<\/strong>. Ai clienti delle Terme di Arta sar\u00e0 distribuito un voucher sconto nominativo che d\u00e0 diritto all\u2019<strong>acquisto di uno skipass giornaliero a tariffa promozionale scontata del 25%\u00a0<\/strong>(28 euro invece di 37 in alta stagione, 20 euro invece di 26 in bassa stagione). Lo sconto vale per tutta la durata della stagione sciistica nei poli della Carnia, Forni di Sopra, Sauris e Ravascletto-Zoncolan, e sar\u00e0 concesso alla tipologia di clientela \u201cadulti\u201d, considerato che per le altre categorie di sciatori sono gi\u00e0 previste tariffe ridotte o altrimenti agevolate. Inoltre, l\u2019acquisto di uno skipass giornaliero, plurigiornaliero o stagionale alle casse dei poli sciistici di PromoTurismoFVG di Ravascletto-Zoncolan, Forni di Sopra e Sauris d\u00e0 diritto a uno\u00a0<strong>sconto del 15% durante i giorni feriali e del 10% durante i festivi e prefestivi sul prezzo di ingresso alle Terme di Arta, alla piscina e all\u2019area wellness e sui trattamenti estetici e fisioterapici<\/strong>, a eccezione di quelli convenzionati con il sistema sanitario nazionale. Lo sconto vale per tutto il nucleo familiare dello sciatore che ha acquistato lo skipass e si pu\u00f2 utilizzare per un solo ingresso nel corso di tutta la stagione.<\/p>\n<p><strong>Ski&#038;Taste con gli aderenti alla Strada del Vino e dei Sapori<\/strong><\/p>\n<p>I possessori di uno skipass plurigiornaliero potranno usufruire, durante il periodo di validit\u00e0 dello stesso, di uno\u00a0<strong>sconto del 10% in alcune strutture della Strada del Vino e dei Sapori del Friuli Venezia Giulia\u00a0<\/strong>sull\u2019acquisto di prodotti o sul prezzo di un pasto in uno dei ristoranti della regione. Su\u00a0<a data-saferedirecturl=\"https:\/\/www.google.com\/url?q=https:\/\/t.contactlab.it\/c\/2003763\/949\/2467373\/5803&#038;source=gmail&#038;ust=1544111586159000&#038;usg=AFQjCNFdGcYOd30JIXwEjM2FheuUCAScZg\" href=\"https:\/\/t.contactlab.it\/c\/2003763\/949\/2467373\/5803\" target=\"_blank\" rel=\"noopener\">www.tastefvg.it<\/a>\u00a0\u00e8 possibile conoscere gli aderenti alla promozione tra ristoranti, cantine vitivinicole, produttori agroalimentari, enoteche e artigiani.<\/p>\n<p><strong>Ski by night<\/strong><\/p>\n<p>La\u00a0<strong>pista Di Prampero a Tarvisio<\/strong> <strong>apre il suo tracciato in notturna<\/strong>\u00a0tutti i marted\u00ec e i venerd\u00ec dal 4 gennaio all\u20198 marzo 2019 dalle 20 alle 23. La Telecabina del Monte Lussari permetter\u00e0 agli sciatori di misurarsi lungo la pista Di Prampero dalla stazione intermedia della telecabina fino a valle e ai pedoni di salire fino in cima al borgo per cenare e godersi una serata speciale in quota. Quest&#39;ultimi potranno acquistare il biglietto per la risalita e il ritorno con la telecabina alla tariffa speciale di 7 euro.<\/p>\n<p><strong>Non solo sci: ciaspolate, laboratori didattici e attivit\u00e0 per i pi\u00f9 sportivi<\/strong><\/p>\n<p>Diverse anche le attivit\u00e0 sportive e didattiche proposte dal programma \u201c<strong>Vivi la natura nelle Alpi Carniche e Giulie\u201d<\/strong>\u00a0nelle varie localit\u00e0 sciistiche del Friuli Venezia Giulia e a valle.<\/p>\n<p>Approccio allo sci nordico a Tarvisio, lezioni di biathlon alla Carnia Arena di Forni Avoltri, passeggiate in carrozza trainata da cavalli nei boschi della Valsaisera, equitazione e pony club ad Arta Terme e ciaspolate lungo il sentiero degli sbilf di Ravascletto sono alcuni degli\u00a0<strong>appuntamenti in calendario pensati per le famiglie<\/strong>. A Tarvisio tutte le settimane verranno proposti laboratori per bambini, mentre tra Sauris e Sappada ci saranno spazi creativi per bambini e genitori dove imparare a costruire una befana, una maschera in lego e un piccolo folletto dei boschi.<\/p>\n<p>I\u00a0<strong>percorsi delle ciaspolate<\/strong>\u00a0<strong>tra Alpi Giulie, Carniche e Dolomiti friulane<\/strong> sono pensati per i pi\u00f9 allenati o per chi vuole solo effettuare una passeggiata rilassante, senza dimenticare chi non vuole rinunciare alle due ruote neanche d\u2019inverno con le\u00a0<strong>escursioni in fat bike<\/strong>\u00a0a Sella Nevea, sullo Zoncolan e a Forni di Sopra. Gli appassionati di storia apprezzeranno le passeggiate tematiche sulle tracce della\u00a0<strong>Grande Guerra<\/strong>\u00a0con gli esperti storici all\u2019interno del parco tematico Abshnitt Saisera. A Sappada e Sauris sono previste delle passeggiate naturalistiche culturali nel borgo con una guida che condurr\u00e0 gli ospiti a scoprire scorci, angoli nascosti, architetture e tradizioni di due borghi che tanto hanno in comune. Per i pi\u00f9 esperti sono previste anche escursioni di\u00a0<strong>sci alpinismo e ice climbing<\/strong>\u00a0tra Forni Avoltri, Sappada e Forni di Sopra in collaborazione con le Guide Alpine.<\/p>\n<p>A\u00a0<strong>Piancavallo<\/strong>\u00a0il programma di attivit\u00e0 prevede ciaspolate all\u2019alba, intrattenimento per i pi\u00f9 piccoli, ciaspolate diurne o notturne con cena o degustazione in baita. Completano l\u2019offerta extra sci i programmi che si svolgono nelle\u00a0<strong>aree naturali protette dei due Parchi regionali<\/strong>. Il\u00a0<strong>Parco Dolomiti friulane<\/strong>\u00a0propone attivit\u00e0 che spaziano dall\u2019ice climbing, con mini corso di progressione su ghiaccio, ciaspolate notturne e geo-trekking alla diga del Vajont e photo trekking per gli appassionati di fotografia naturalistica. Il\u00a0<strong>Parco Prealpi Giulie<\/strong>, oltre alle classiche ciaspolate e trekking invernali, propone dei veri e propri stage di alpinismo e scialpinismo lungo itinerari classici, con le guide alpine che daranno nozioni legate alla sicurezza e alla tecnica di approccio all\u2019ambiente innevato. Non mancano anche nel periodo invernale le escursioni speleologiche in grotta.<\/p>\n<p><strong>Eventi sportivi 2019<\/strong><\/p>\n<p>Anche in questa stagione invernale le montagne del Friuli Venezia Giulia saranno palcoscenico di importanti eventi internazionali.<\/p>\n<p>1)\u00a0\u00a0\u00a0\u00a0\u00a0 Mondiali di sci paralimpico \u2013 Sella Nevea, gennaio\/febbraio 2019<\/p>\n<p>2)\u00a0\u00a0\u00a0\u00a0\u00a0 Finali di Coppa Europa sci alpino &#8211; Sella Nevea, marzo 2019<\/p>\n<p>La regione \u00e8 gi\u00e0 stata per tre volte sede delle finali di Coppa Europa: le competizioni ebbero luogo nel 2001 e 2003 a Piancavallo, nel 2010\u00a0fu la volta di Tarvisio.\u00a0Il prossimo anno la Coppa torna in Friuli Venezia Giulia questa volta a Sella Nevea. La\u00a0manifestazione\u00a0\u00e8\u00a0<wbr \/>organizzata dall\u2019Unione sportiva Camporosso in collaborazione con PromoTurismoFVG, la Federazione internazionale sci (Fis) e la Federazione italiana sport invernali (Fisi).<\/p>\n<p>3)\u00a0\u00a0\u00a0\u00a0\u00a0 Campionati italiani snowboard \u2013 Piancavallo, marzo 2019<\/p>\n<p>Durante le competizioni di Piancavallo parteciperanno i migliori atleti nazionali tra cui Michela\u00a0Moioli, oro olimpico a\u00a0PyeongChang\u00a0e Coppa del mondo, e Roland\u00a0Fischnaller, Coppa del mondo di Slalom parallelo. Gli atleti si confronteranno nelle discipline dello slalom parallelo gigante e del bordercross. \u00a0<\/p>\n<p>4)\u00a0\u00a0\u00a0\u00a0\u00a0 Si preparano i\u00a0Mondiali di sci nordico\u00a0&#8211; Planica\u00a02023<\/p>\n<p>I\u00a0Campionati del Mondo di sci nordico del 2023\u00a0sono stati assegnati\u00a0a\u00a0Planica, localit\u00e0 della Slovenia al confine con Tarvisio.\u00a0L\u2019evento mondiale avr\u00e0 una ricaduta molto positiva in termini di indotto turistico anche su Tarvisio, in quanto la localit\u00e0 beneficer\u00e0 dell\u2019arrivo di spettatori e team sportivi da tutto il mondo: inevitabile infatti sar\u00e0 il ricorso da parte di quest\u2019ultimi alle strutture ricettive dell\u2019ambito regionale caratterizzato dalla triplice frontiera. Inoltre \u00e8 ipotizzabile che alcuni allenamenti si terranno proprio a\u00a0Tarvisio ed \u00e8 allo studio la possibilit\u00e0 che alcune gare di fondo possano addirittura avere in Tarvisio la linea di partenza. PromoTurismoFVG ha sostenuto la candidatura della localit\u00e0 slovena, fornendo adeguato supporto al Comitato organizzatore e alla Federazione slovena sci. La collaborazione tra Tarvisio e\u00a0Planica\u00a0sar\u00e0 inoltre collaudata un anno prima, in occasione di tappe di Coppa del Mondo di sci nordico 2022 e dei Mondiali juniores.<\/p>\n<p><strong>Ammodernamenti strutturali nei poli sciistici per la stagione 2018\/2019<\/strong><\/p>\n<p>La maggior novit\u00e0 tecnica della stagione riguarda il polo di Tarvisio, dove \u00e8 stata installata la\u00a0<strong>nuova seggiovia quadriposto Nuova Tarvisio<\/strong>\u00a0in sostituzione del precedente impianto a servizio delle aree\u00a0a vocazione agonistica dei campi Duca d\u2019Aosta. Oltre alla consueta accurata revisione degli impianti funiviari, in tutti i poli PromoTurismoFVG ha\u00a0<strong>ottimizzato e potenziato gli impianti di innevamento<\/strong>. In particolare a Piancavallo si \u00e8 effettuato il completo rifacimento\u00a0della rete di innevamento con il posizionamento di nuovi cannoni nell\u2019area Casere con produzione di neve garantita a temperature marginali; a Forni di Sopra-Sauris\u00a0\u00e8 aumentata la disponibilit\u00e0 idrica sul Varmost e si sono installati ulteriori\u00a0cannoni; sullo Zoncolan \u00e8 stata potenziata la rete idrica.\u00a0A\u00a0Tarvisio\u00a0i rinnovamenti hanno interessato un importante lotto della rete sui campi Duca d\u2019Aosta e si \u00e8 integrata la portata d\u2019acqua dell\u2019area Florianca. Infine a Sella Nevea\u00a0\u00e8 stato messo a regime l\u2019innevamento della pista Prevala\u00a0con una nuova centrale in quota.\u00a0Tutti questi interventi hanno permesso\u00a0di produrre a oggi\u00a0gi\u00e0 un importante quantitativo\u00a0di neve che nelle prossime settimane e\u00a0fino a\u00a0Natale sar\u00e0\u00a0adeguatamente integrato fino al completamento del demanio sciabile.<\/p>\n<p>Altri ammodernamenti hanno interessato alcuni\u00a0<strong>tratti di pista e dotazioni specifiche<\/strong>\u00a0(ad esempio nastri trasportatori), ottimizzando la loro fruizione\u00a0soprattutto nelle aree dei\u00a0<em>fun park<\/em>, dei campi scuola e dei parchi gioco\u00a0di Piancavallo e di Forni di Sopra.\u00a0\u00c8 stato poi rinnovato parte dei mezzi battipista, essenziali\u00a0per garantire la qualit\u00e0 delle piste.\u00a0<\/p>\n","protected":false},"excerpt":{"rendered":"<p>Apertura prevista l&#8217;8 dicembre<\/p>\n","protected":false},"author":28,"featured_media":0,"comment_status":"closed","ping_status":"closed","sticky":false,"template":"","format":"standard","meta":{"dwc-title":[],"dwc-content":[],"footnotes":""},"categories":[8],"tags":[],"class_list":["post-27709","post","type-post","status-publish","format-standard","hentry","category-turismo"],"rttpg_featured_image_url":null,"rttpg_author":{"display_name":"redazione","author_link":"https:\/\/imagazine.it\/home_desk\/author\/redazione\/"},"rttpg_comment":0,"rttpg_category":"<a href=\"https:\/\/imagazine.it\/home_desk\/category\/turismo\/\" rel=\"category tag\">TURISMO<\/a>","rttpg_excerpt":"Apertura prevista l'8 dicembre","_links":{"self":[{"href":"https:\/\/imagazine.it\/home_desk\/wp-json\/wp\/v2\/posts\/27709","targetHints":{"allow":["GET"]}}],"collection":[{"href":"https:\/\/imagazine.it\/home_desk\/wp-json\/wp\/v2\/posts"}],"about":[{"href":"https:\/\/imagazine.it\/home_desk\/wp-json\/wp\/v2\/types\/post"}],"author":[{"embeddable":true,"href":"https:\/\/imagazine.it\/home_desk\/wp-json\/wp\/v2\/users\/28"}],"replies":[{"embeddable":true,"href":"https:\/\/imagazine.it\/home_desk\/wp-json\/wp\/v2\/comments?post=27709"}],"version-history":[{"count":0,"href":"https:\/\/imagazine.it\/home_desk\/wp-json\/wp\/v2\/posts\/27709\/revisions"}],"wp:attachment":[{"href":"https:\/\/imagazine.it\/home_desk\/wp-json\/wp\/v2\/media?parent=27709"}],"wp:term":[{"taxonomy":"category","embeddable":true,"href":"https:\/\/imagazine.it\/home_desk\/wp-json\/wp\/v2\/categories?post=27709"},{"taxonomy":"post_tag","embeddable":true,"href":"https:\/\/imagazine.it\/home_desk\/wp-json\/wp\/v2\/tags?post=27709"}],"curies":[{"name":"wp","href":"https:\/\/api.w.org\/{rel}","templated":true}]}}