{"id":27689,"date":"2018-12-03T00:00:00","date_gmt":"2018-12-02T23:00:00","guid":{"rendered":"https:\/\/imagazine.it\/?p=27689"},"modified":"2018-12-03T00:00:00","modified_gmt":"2018-12-02T23:00:00","slug":"gazel-apre-al-palmanova-outlet-village","status":"publish","type":"post","link":"https:\/\/imagazine.it\/home_desk\/gazel-apre-al-palmanova-outlet-village\/","title":{"rendered":"Gaz\u00e8l apre al Palmanova Outlet Village"},"content":{"rendered":"<p>La friulana Gaz\u00e8l sceglie il Palmanova Outlet Village per il suo primo concept store. Gaz\u00e8l, azienda che produce, progetta e commercializza accessori e abbigliamento, \u00e8 nata a Udine all&#39;interno di un loft di tre piani, progettato dall&#39;architetto Luigi Montalbano, ristrutturato nell&#39;ex area industriale, negli spazi dell&#39;ex Bertoli. L\u2019azienda friulana, fondata nel 2001 da <strong>Alessandra Verona<\/strong>, con gli articoli della sua collezione viene distribuita in tutta Italia in oltre 350 punti vendita, a cui si aggiungono diversi rivenditori nel resto del mondo (a Londra, Lugano, Parigi, Bordeaux, Saint Tropez, Atene, Madrid e Tokio).<\/p>\n<p>\u00abPer noi si tratta del primo monobrand in Italia \u2013 spiega l\u2019imprenditrice Alessandra Verona, titolare del brand \u2013 fatta eccezione per lo spaccio aziendale che si trova presso la nostra sede che \u00e8 stato inaugurato nel 2016. Partire dal Friuli Venezia Giulia, pi\u00f9 precisamente dal Palmanova Outlet Village, \u00e8 per noi dare continuit\u00e0 alla nostra visione imprenditoriale per poi trasferirla oltre il confine\u00bb.<\/p>\n<p>n Gaz\u00e8l, che significa \u201cbella ragazza\u201d in lingua nordafricana, l\u2019imprenditrice ha voluto coinugare le due anime ai suoi anni di esperienza come buyer: un passato da danzatrice e un&#39;attitudine al viaggio di ricerca.<\/p>\n<p>Esprimono soddisfazione per questa nuova apertura tutta made in Friuli Venezia Giulia il direttore del Palmanova Outlet Village, <strong>Domenico Casagrande<\/strong> e la marketing manager <strong>Giada Marangone<\/strong>: \u00abProporre un\u2019offerta di qualit\u00e0, ecclettiva e all\u2019avanguardia per la nostra clientela \u00e8 per noi davvero importante; in questo caso ancora di pi\u00f9 perch\u00e9 Gaz\u00e8l \u00e8 nata nella splendida regione che ci ospita e ha saputo proporsi sui mercati internazionali con personalit\u00e0 e distintivit\u00e0\u00bb.<\/p>\n","protected":false},"excerpt":{"rendered":"<p>Il suo primo concept store<\/p>\n","protected":false},"author":28,"featured_media":27690,"comment_status":"closed","ping_status":"closed","sticky":false,"template":"","format":"standard","meta":{"dwc-title":[],"dwc-content":[],"footnotes":""},"categories":[5],"tags":[],"class_list":["post-27689","post","type-post","status-publish","format-standard","has-post-thumbnail","hentry","category-attualita"],"rttpg_featured_image_url":{"full":["https:\/\/imagazine.it\/wp-content\/uploads\/2024\/01\/27636-1.webp",750,500,false],"landscape":["https:\/\/imagazine.it\/wp-content\/uploads\/2024\/01\/27636-1.webp",750,500,false],"portraits":["https:\/\/imagazine.it\/wp-content\/uploads\/2024\/01\/27636-1.webp",750,500,false],"thumbnail":["https:\/\/imagazine.it\/wp-content\/uploads\/2024\/01\/27636-1-150x150.webp",150,150,true],"medium":["https:\/\/imagazine.it\/wp-content\/uploads\/2024\/01\/27636-1-300x200.webp",300,200,true],"large":["https:\/\/imagazine.it\/wp-content\/uploads\/2024\/01\/27636-1.webp",640,427,false],"thumblist":["https:\/\/imagazine.it\/wp-content\/uploads\/2024\/01\/27636-1.webp",300,200,false],"thumbrelated":["https:\/\/imagazine.it\/wp-content\/uploads\/2024\/01\/27636-1.webp",500,333,false],"meccarouselthumb":["https:\/\/imagazine.it\/wp-content\/uploads\/2024\/01\/27636-1.webp",474,316,false],"gridsquare":["https:\/\/imagazine.it\/wp-content\/uploads\/2024\/01\/27636-1.webp",391,260,false],"tileview":["https:\/\/imagazine.it\/wp-content\/uploads\/2024\/01\/27636-1.webp",300,200,false],"1536x1536":["https:\/\/imagazine.it\/wp-content\/uploads\/2024\/01\/27636-1.webp",750,500,false],"2048x2048":["https:\/\/imagazine.it\/wp-content\/uploads\/2024\/01\/27636-1.webp",750,500,false],"newsup-slider-full":["https:\/\/imagazine.it\/wp-content\/uploads\/2024\/01\/27636-1.webp",750,500,false],"newsup-featured":["https:\/\/imagazine.it\/wp-content\/uploads\/2024\/01\/27636-1.webp",750,500,false],"newsup-medium":["https:\/\/imagazine.it\/wp-content\/uploads\/2024\/01\/27636-1-720x380.webp",720,380,true],"tptn_thumbnail":["https:\/\/imagazine.it\/wp-content\/uploads\/2024\/01\/27636-1.webp",250,167,false],"sow-carousel-default":["https:\/\/imagazine.it\/wp-content\/uploads\/2024\/01\/27636-1-272x182.webp",272,182,true]},"rttpg_author":{"display_name":"redazione","author_link":"https:\/\/imagazine.it\/home_desk\/author\/redazione\/"},"rttpg_comment":0,"rttpg_category":"<a href=\"https:\/\/imagazine.it\/home_desk\/category\/attualita\/\" rel=\"category tag\">ATTUALIT\u00c0<\/a>","rttpg_excerpt":"Il suo primo concept store","_links":{"self":[{"href":"https:\/\/imagazine.it\/home_desk\/wp-json\/wp\/v2\/posts\/27689","targetHints":{"allow":["GET"]}}],"collection":[{"href":"https:\/\/imagazine.it\/home_desk\/wp-json\/wp\/v2\/posts"}],"about":[{"href":"https:\/\/imagazine.it\/home_desk\/wp-json\/wp\/v2\/types\/post"}],"author":[{"embeddable":true,"href":"https:\/\/imagazine.it\/home_desk\/wp-json\/wp\/v2\/users\/28"}],"replies":[{"embeddable":true,"href":"https:\/\/imagazine.it\/home_desk\/wp-json\/wp\/v2\/comments?post=27689"}],"version-history":[{"count":0,"href":"https:\/\/imagazine.it\/home_desk\/wp-json\/wp\/v2\/posts\/27689\/revisions"}],"wp:featuredmedia":[{"embeddable":true,"href":"https:\/\/imagazine.it\/home_desk\/wp-json\/wp\/v2\/media\/27690"}],"wp:attachment":[{"href":"https:\/\/imagazine.it\/home_desk\/wp-json\/wp\/v2\/media?parent=27689"}],"wp:term":[{"taxonomy":"category","embeddable":true,"href":"https:\/\/imagazine.it\/home_desk\/wp-json\/wp\/v2\/categories?post=27689"},{"taxonomy":"post_tag","embeddable":true,"href":"https:\/\/imagazine.it\/home_desk\/wp-json\/wp\/v2\/tags?post=27689"}],"curies":[{"name":"wp","href":"https:\/\/api.w.org\/{rel}","templated":true}]}}