{"id":27669,"date":"2018-11-28T00:00:00","date_gmt":"2018-11-27T23:00:00","guid":{"rendered":"https:\/\/imagazine.it\/?p=27669"},"modified":"2018-11-28T00:00:00","modified_gmt":"2018-11-27T23:00:00","slug":"alternanza-scuola-lavoro-3-istituti-premiati-a-udine","status":"publish","type":"post","link":"https:\/\/imagazine.it\/home_desk\/alternanza-scuola-lavoro-3-istituti-premiati-a-udine\/","title":{"rendered":"Alternanza scuola-lavoro, 3 istituti premiati a Udine"},"content":{"rendered":"<p>Un ex aequo per i licei, tra Marinelli e Percoto, e al Malignani per gli istituti tecnici. Sono i vincitori della seconda edizione del Premio \u201cStorie di Alternanza\u201d, un assegno da mille e 200 euro ciascuno da parte della Camera di Commercio di Pordenone-Udine\u00a0per aver\u00a0realizzato i\u00a0pi\u00f9 efficaci video-racconti della loro esperienza di alternanza scuola-lavoro.\u00a0Sotto forma di \u201c<strong>maxi-assegno<\/strong>\u201d, il riconoscimento \u00e8 stato conferito oggi pomeriggio in\u00a0Sala Economia a Udine.<\/p>\n<p>\u201cStorie di alternanza\u201d<strong>\u00a0\u00e8 un progetto\u00a0<\/strong>promosso da\u00a0<strong>Unioncamere<\/strong>\u00a0e, per il territorio, dalla\u00a0<strong>Camera di Commercio di Pordenone-Udine<\/strong>\u00a0per stimolare i ragazzi a usare\u00a0il linguaggio video e condividere la propria storia di alternanza scuola-lavoro in modo \u201csmart\u201d e creativo. I vincitori delle edizioni locali vengono anche segnalati per quella nazionale, anch\u2019essa in fase di aggiudicazione.<\/p>\n<p>La Camera di Commercio \u00e8 impegnata da anni a sostenere l\u2019ingresso dei giovani nel mercato del lavoro e dell\u2019economia, nel quale, come evidenziano anche le pi\u00f9 recenti elaborazioni-dati Excelsior, le competenze trasversali risultano contare pi\u00f9 di quelle tecniche: capacit\u00e0 di lavorare in gruppo, di risolvere problemi e flessibilit\u00e0 le pi\u00f9 richieste. Da quando, con la riforma degli enti camerali, le Camere hanno assunto l\u2019esplicita funzione dell\u2019orientamento al lavoro e alle professioni, l\u2019attivit\u00e0 camerale si \u00e8 consolidata e ulteriormente intensificata.\u00a0\u00a0Da ricordare i\u00a0<strong>voucher<\/strong>, contributi per le aziende che ospitano studenti in alternanza, bando aperto fino al\u00a0<strong>30 aprile 2019, ma anche corsi di formazione specifica per i giovani\u00a0<\/strong>e altre attivit\u00e0 di alternanza\u00a0come\u00a0<strong>partner di Junior Achievement<\/strong>, culminate\u00a0\u00a0in primavera con la\u00a0<strong>Fiera Impresa in Azione.\u00a0<\/strong>Si \u00e8 da poco concluso inoltre il<strong>\u00a0progetto pilota targato Cciaa e ideato appositamente per gli studenti dei Licei<\/strong>, con 70 ragazzi coinvolti e 18 aziende aderenti.<\/p>\n<p><strong>Il Marinelli,\u00a0<\/strong>con la classe 4\u00b0 G seguita dai docenti <strong>Marcella Zampieri<\/strong> e <strong>Roberto Feruglio<\/strong>, ha vinto questa edizione con il video-progetto \u201cMinori discoli\u201d, realizzato su documenti originali dell\u2019Archivio di Stato di Udine. L\u2019idea ha ripercorso le storie difficili di minorenni che, tra il 1915 e il 1920, venivano assegnati agli istituti di correzione dal Tribunale, su richiesta delle famiglie. Il lavoro ha consentito agli studenti di approfondire uno spaccato della storia locale e insieme apprendere le tecniche di una ricerca storica, valido paradigma per ricostruzioni di valorizzazione del nostro patrimonio culturale e sociale.<\/p>\n<p>Il\u00a0<strong>Liceo economico Percoto<\/strong>\u00a0ha vinto con \u201cLa vetrina dell\u2019ingegno\u201d, con la realizzazione di una mostra su due aziende storiche friulane, grazie al lavoro della 5\u00b0 BE (tutor la docente <strong>Chiara Simonato<\/strong>). Progetto premiato per la metodologia di ricerca storica e valorizzazione, unita in questo caso anche all\u2019approfondimento sull\u2019economia e l\u2019imprenditoria locali.<\/p>\n<p>L\u2019<strong>Isis Malignani<\/strong>\u00a0ha vinto con \u201cMaggiordomo 4.0\u201d, realizzato dallo studente <strong>Alberto Zurini<\/strong>, con tutor la professoressa <strong>Maria Concetta Brocato<\/strong> del Malignani e tutor universitario <strong>Christian Micheloni<\/strong>. Il progetto rappresenta un esempio di utilizzo delle nuove tecnologie abilitanti dell\u2019Industria 4.0 applicate alle esigenze concrete del quotidiano.<\/p>\n","protected":false},"excerpt":{"rendered":"<p>Progetto promosso da Unioncamere<\/p>\n","protected":false},"author":28,"featured_media":27670,"comment_status":"closed","ping_status":"closed","sticky":false,"template":"","format":"standard","meta":{"dwc-title":[],"dwc-content":[],"footnotes":""},"categories":[5],"tags":[],"class_list":["post-27669","post","type-post","status-publish","format-standard","has-post-thumbnail","hentry","category-attualita"],"rttpg_featured_image_url":{"full":["https:\/\/imagazine.it\/wp-content\/uploads\/2024\/01\/27602-1.webp",750,449,false],"landscape":["https:\/\/imagazine.it\/wp-content\/uploads\/2024\/01\/27602-1.webp",750,449,false],"portraits":["https:\/\/imagazine.it\/wp-content\/uploads\/2024\/01\/27602-1.webp",750,449,false],"thumbnail":["https:\/\/imagazine.it\/wp-content\/uploads\/2024\/01\/27602-1-150x150.webp",150,150,true],"medium":["https:\/\/imagazine.it\/wp-content\/uploads\/2024\/01\/27602-1-300x180.webp",300,180,true],"large":["https:\/\/imagazine.it\/wp-content\/uploads\/2024\/01\/27602-1.webp",640,383,false],"thumblist":["https:\/\/imagazine.it\/wp-content\/uploads\/2024\/01\/27602-1.webp",300,180,false],"thumbrelated":["https:\/\/imagazine.it\/wp-content\/uploads\/2024\/01\/27602-1.webp",500,299,false],"meccarouselthumb":["https:\/\/imagazine.it\/wp-content\/uploads\/2024\/01\/27602-1.webp",474,284,false],"gridsquare":["https:\/\/imagazine.it\/wp-content\/uploads\/2024\/01\/27602-1.webp",391,234,false],"tileview":["https:\/\/imagazine.it\/wp-content\/uploads\/2024\/01\/27602-1.webp",300,180,false],"1536x1536":["https:\/\/imagazine.it\/wp-content\/uploads\/2024\/01\/27602-1.webp",750,449,false],"2048x2048":["https:\/\/imagazine.it\/wp-content\/uploads\/2024\/01\/27602-1.webp",750,449,false],"newsup-slider-full":["https:\/\/imagazine.it\/wp-content\/uploads\/2024\/01\/27602-1.webp",750,449,false],"newsup-featured":["https:\/\/imagazine.it\/wp-content\/uploads\/2024\/01\/27602-1.webp",750,449,false],"newsup-medium":["https:\/\/imagazine.it\/wp-content\/uploads\/2024\/01\/27602-1-720x380.webp",720,380,true],"tptn_thumbnail":["https:\/\/imagazine.it\/wp-content\/uploads\/2024\/01\/27602-1.webp",250,150,false],"sow-carousel-default":["https:\/\/imagazine.it\/wp-content\/uploads\/2024\/01\/27602-1-272x182.webp",272,182,true]},"rttpg_author":{"display_name":"redazione","author_link":"https:\/\/imagazine.it\/home_desk\/author\/redazione\/"},"rttpg_comment":0,"rttpg_category":"<a href=\"https:\/\/imagazine.it\/home_desk\/category\/attualita\/\" rel=\"category tag\">ATTUALIT\u00c0<\/a>","rttpg_excerpt":"Progetto promosso da Unioncamere","_links":{"self":[{"href":"https:\/\/imagazine.it\/home_desk\/wp-json\/wp\/v2\/posts\/27669","targetHints":{"allow":["GET"]}}],"collection":[{"href":"https:\/\/imagazine.it\/home_desk\/wp-json\/wp\/v2\/posts"}],"about":[{"href":"https:\/\/imagazine.it\/home_desk\/wp-json\/wp\/v2\/types\/post"}],"author":[{"embeddable":true,"href":"https:\/\/imagazine.it\/home_desk\/wp-json\/wp\/v2\/users\/28"}],"replies":[{"embeddable":true,"href":"https:\/\/imagazine.it\/home_desk\/wp-json\/wp\/v2\/comments?post=27669"}],"version-history":[{"count":0,"href":"https:\/\/imagazine.it\/home_desk\/wp-json\/wp\/v2\/posts\/27669\/revisions"}],"wp:featuredmedia":[{"embeddable":true,"href":"https:\/\/imagazine.it\/home_desk\/wp-json\/wp\/v2\/media\/27670"}],"wp:attachment":[{"href":"https:\/\/imagazine.it\/home_desk\/wp-json\/wp\/v2\/media?parent=27669"}],"wp:term":[{"taxonomy":"category","embeddable":true,"href":"https:\/\/imagazine.it\/home_desk\/wp-json\/wp\/v2\/categories?post=27669"},{"taxonomy":"post_tag","embeddable":true,"href":"https:\/\/imagazine.it\/home_desk\/wp-json\/wp\/v2\/tags?post=27669"}],"curies":[{"name":"wp","href":"https:\/\/api.w.org\/{rel}","templated":true}]}}