{"id":27667,"date":"2018-11-28T00:00:00","date_gmt":"2018-11-27T23:00:00","guid":{"rendered":"https:\/\/imagazine.it\/?p=27667"},"modified":"2018-11-28T00:00:00","modified_gmt":"2018-11-27T23:00:00","slug":"pordenone-un-natale-da-200-eventi","status":"publish","type":"post","link":"https:\/\/imagazine.it\/home_desk\/pordenone-un-natale-da-200-eventi\/","title":{"rendered":"Pordenone, un Natale da 200 eventi"},"content":{"rendered":"<p>Mercatini, pista del ghiaccio, trenino, giostra dei cavalli, giochi, intrattenimento, incontri, spettacoli e musica dal gospel al rock, dal pop allo ska.<br \/> Il Natale a Pordenone si accende dal primo dicembre al 6 gennaio in centro e nei quartieri, nelle chiese e nelle piazze, nelle biblioteche e nei teatri, nei musei e nei caff\u00e8 con quasi 200 eventi. E quest\u2019anno il capodanno stupir\u00e0 con effetti speciali ad accompagnare l&#39;esplosiva vitalit\u00e0 della <strong>The Original Blues Brothers Band <\/strong>&#8211; unica data in Italia, concerto in esclusiva per il Capodanno di Pordenone &#8211; per lasciare poi il campo alla Befana e ai tradizionali fal\u00f2.<br \/> I negozi del centro saranno aperti tutte le domeniche e a supporto delle famiglie nel fine settimana ci sar\u00e0 un servizio di Baby Care nello Spazio morbido della biblioteca con giochi e laboratori.<\/p>\n<p>Il programma \u00e8 realizzato dal Comune di Pordenone in collaborazione con Sviluppo e territorio, con il sostegno di un pool di sponsor istituzionali e privati, assieme alle associazioni, alle parrocchie e ai rioni cittadini.<br \/> \u00a0<\/p>\n<p><strong>L\u2019inaugurazione<\/strong><br \/> Le attivit\u00e0 in calendario cominceranno sabato 1 dicembre sin dal mattino con attivit\u00e0 per bambini in diversi sedi cittadine, in attesa dell\u2019inaugurazione ufficiale in programma alle 18 in piazza XX Settembre. Il concerto delle scuole secondarie di primo grado Pier Paolo Pasolini e Centro Storico assieme al Coro studentesco Sing\u2019in Pordenone introdurr\u00e0 l&#39;accensione delle luci dell\u2019albero alle 18.30, quando verr\u00e0 anche aperta ufficialmente la pista di pattinaggio sul ghiaccio (prima ora gratuita), realizzata grazie al sostegno di Coop Alleanza 3.0. A suggellare la giornata inaugurale sar\u00e0 il concerto del coro Gospel dell\u2019Accademia Italiana, diretto da <strong>Alessandro Pozzetto<\/strong>.<\/p>\n<p> <strong>Mercati e mercatini, ghiaccio, giostre e trenini<\/strong><br \/> Piazza XX Settembre sar\u00e0 la piazza del gusto con 10 casette enogastronomiche e una casetta speciale con dolciumi a servizio della pista sul ghiaccio. Altre 4 casette dislocate in corso Garibaldi proporranno accessori di abbigliamento, prodotti gastronomici da regalo, cosmetici biologici e oggettistica natalizia.<br \/> Sul palco naturale davanti alla casa del mutilato verr\u00e0 allestita una copertura, dotata anche di mega schermo, per ospitare esibizioni, concerti e altre iniziative.<br \/> Sempre in piazza XX Settembre un&#39;area verr\u00e0 dedicata ai bambini, con un allestimento di giochi.<br \/> La pista di pattinaggio sul ghiaccio sar\u00e0 aperta dalle 14.30 alle 22 nei giorni feriali e dalle 10 alle 12 e dalle 14.30 alle 22 al sabato e nei giorni festivi; dal 24 dicembre al 14 gennaio sar\u00e0 aperta dalle 10 alle 12 e dalle 14 alle 22, con aperture straordinarie il 24 dicembre (fino alle 24) e il 31 dicembre (fino all\u2019una). A vivacizzare l&#39;atmosfera nel fine settimana e nei giorni festivi anche il trenino delle feste, messo a disposizione di Atap, mentre la giostra coi cavalli gi\u00e0 staziona in piazzetta Cavour.<\/p>\n<p>A ospitare il Market caf\u00e8 &#8211; Mercatino dell\u2019artigianato e della creativit\u00e0 sar\u00e0 il Convento di san Francesco il primo e il 2 dicembre.<br \/> Il Mercatino Svuotasoffitte e hobbisti arriva il 16 dicembre in piazzetta Freschi.<br \/> Il mercato verr\u00e0 prolungato fino alle 19 l\u20198 dicembre e avr\u00e0 una programmazione straordinaria il16 e il 23 dicembre, giornata nella quale si svolger\u00e0 anche il tradizionale mercatino dell\u2019antiquariato di fine mese in Contrada Maggiore.<\/p>\n<p> <strong>Bambini e famiglie<\/strong><br \/> In programma spettacoli e racconti a cura di Ortoteatro nei quartieri e nelle parrocchie, le letture del sabato pomeriggio in Biblioteca Civica, le storie di Matilda, il Cinemakids di Cinemazero al Nuovo Cinema Don Bosco, i laboratori nelle biblioteche di quartiere, nei musei e al Paff!.<br \/> In piazzetta Calderari torna il Bosco degli Elfi, con allestimenti scenografici, giochi, laboratori e attivit\u00e0 a tema, la casa di Babbo Natale, villaggio degli elfi con punto ristoro e visite a sorpresa del Grinch. In biblioteca civica ci saranno i corti per ragazzi selezionati da Piccolo Festival di Animazione.<\/p>\n<p> <strong>Musica<\/strong><br \/> Le chiese ospiteranno concerti corali di musica sacra tradizionale e classica e concerti gospel, ma la musica invader\u00e0 tutta la citt\u00e0 con concerti sotto la Loggia e itineranti.<br \/> La programmazione in piazza XX Settembre sar\u00e0 particolarmente ricca in occasione del fine settimana, con eventi speciali come lo show video-musicale di <strong>Marco Ossanna<\/strong>, gli <strong>Ska-J<\/strong> e <strong>Sandy Marton<\/strong>, special guest del Party Anni Ottanta. Altri concerti si terranno nel Convento di san Francesco e in Galleria Pizzinato. Il GospeLive Festival far\u00e0 tappa all\u2019auditorium Concordia.<br \/> Il concerto di Natale della citt\u00e0 sar\u00e0 Il grande spettacolo del cielo, produzione regionale con il Coro del Friuli Venezia Giulia, l\u2019Orchestra San Marco di Pordenone, l\u2019Orchestra Giovanile Filarmonici Friulani, il 22 dicembre al Teatro Verdi. Tradizionale concerto di fine anno a teatro del Centro iniziative culturali con l\u2019Odessa Philarmonic Orchestra.<\/p>\n<p> <strong>Teatro<\/strong><br \/> Il Teatro Comunale Giuseppe Verdi oltre a proseguire la programmazione ufficiale, tra prosa, musica e ragazzi, ospita il 3 dicembre l\u2019opera tango Maria de Buenos Aires di Piazzolla. EtaBeta Teatro porta il teatro dell\u2019anima negli oratori e nelle chiese della citt\u00e0. L&#39;appuntamento col teatro amatoriale (a cura della Fita) \u00e8 la domenica pomeriggio all\u2019Auditorium Concordia. E in Galleria Pizzinato arriva anche un evento speciale con <strong>Adrian Fartade<\/strong>.<\/p>\n<p> <strong>Biblioteca<\/strong><br \/> La biblioteca propone letture per i piccoli e le famiglie, Matilda mi racconti una storia per i piccolissimi, Leggiamo insieme per gli studenti delle superiori e gli incontri per gli adulti tra approfondimenti e presentazioni di libri. E il Piccolo Festival dell&#39;Animazione porter\u00e0 i migliori film animati da tutto il mondo.<\/p>\n<p> <strong>Quartieri<\/strong><br \/> Tante le attivit\u00e0 nei quartieri (che avranno alberi e addobbi) e nelle parrocchie, con teatro per bambini e concerti. I commercianti della zona proporranno eventi e attivit\u00e0 in piazzetta Freschi e Borgo Colonna, tra i quali spicca il panettone pi\u00f9 grande di Pordenone. A Torre il Natale \u00e8 a cura delle associazioni del quartiere e a Villanova non mancher\u00e0 la tradizionale visita di Babbo Natale casa per casa.<\/p>\n<p> <strong>Presepi<\/strong><br \/> L\u20198 dicembre \u00e8 la giornata dedicati ai presepi, con l\u2019allestimento di quello ligneo sotto la Loggia accompagnato da canti e riflessioni per ritrovare il vero senso del Natale e la mostra di presepi al Museo civico d&#39;arte.<\/p>\n<p> <strong>Santa Lucia<\/strong><br \/> Oltre al consueto appuntamento per gli auguri in pediatria, la festa di Santa Lucia si prospetta movimentata e vivace con Dance Mob e Scuola Sperimentale dell\u2019attore in piazza Risorgimento. Ma la santa si presenter\u00e0 anche in Borgo Colonna per distribuire caramelle e dolciumi.<\/p>\n<p> <strong>Capodanno<\/strong><br \/> Niente fuochi d\u2019artificio per accogliere il nuovo anno, ma spettacolari proiezioni in 3d, giochi di luci e suoni a dare vita a una coinvolgente installazione di videomapping. Ad animare la piazza dalle 22 sar\u00e0 The Original Blues Brothers Band, unica data in Italia, concerto in esclusiva per il Capodanno di Pordenone<\/p>\n<p> <strong>Befana<\/strong><br \/> Cinque saranno i fal\u00f2 epifanici del 5 gennaio nei quartieri (San Gregorio, Torre, area rugby di via Mantegna, Borgo Cappuccini, Villanova) che si aggiungeranno al tradizionale Pan e vin in Comina.<br \/> Ad animare il giorno dell\u2019Epifania ci saranno poi la Befana del vigile (rievocazione storica in motocicletta), la corsa dei Babbi Natale e delle Befane. Il 6 gennaio chiuderanno anche la casette in piazza XX Settembre salutate dall\u2019inossidabile gruppo GiuliaPellizzariBallabenD.<\/p>\n<p> <strong>Solidariet\u00e0<\/strong><br \/> Tra gli eventi legati alla solidariet\u00e0 ci sono la Lucciolata a favore della via di Natale il 7 dicembre a Torre e il Premio Stella di Natale della Propordenone il 26 dicembre. Ma sar\u00e0 facile fare del bene anche per i pi\u00f9 pigri, facendo acquisti alla casetta di oggettistica a cura di Bambini e Autismo onlus posizionata in Corso Garibaldi.\u00a0<\/p>\n<p><strong>Mostre<\/strong><br \/> Con la mostra di <em>Smudja &#8211; Da Leonardo a Picasso<\/em> il 9 dicembre verr\u00e0 avviato ufficialmente il Paff!, che comincer\u00e0 subito anche la programmazione degli eventi con ospite Toni Capuozzo.<br \/> In Galleria Bertoia la mostra di Mario Sironi prosegue fino al 9 dicembre.<br \/> Gli spazi espositivi della Biblioteca civica ospitano i giochi di carte di Carlo Fontanella; il Museo di storia Naturale accoglie la mostra fotografica in viaggio con Wondy, dedicata alla resilienza femminile. Al Museo di storia naturale verranno esposti i lavori creativi dei carcerati.<\/p>\n","protected":false},"excerpt":{"rendered":"<p>Ufficializzato i calendario<\/p>\n","protected":false},"author":28,"featured_media":27668,"comment_status":"closed","ping_status":"closed","sticky":false,"template":"","format":"standard","meta":{"dwc-title":[],"dwc-content":[],"footnotes":""},"categories":[5],"tags":[],"class_list":["post-27667","post","type-post","status-publish","format-standard","has-post-thumbnail","hentry","category-attualita"],"rttpg_featured_image_url":{"full":["https:\/\/imagazine.it\/wp-content\/uploads\/2024\/01\/27596-1.webp",750,500,false],"landscape":["https:\/\/imagazine.it\/wp-content\/uploads\/2024\/01\/27596-1.webp",750,500,false],"portraits":["https:\/\/imagazine.it\/wp-content\/uploads\/2024\/01\/27596-1.webp",750,500,false],"thumbnail":["https:\/\/imagazine.it\/wp-content\/uploads\/2024\/01\/27596-1-150x150.webp",150,150,true],"medium":["https:\/\/imagazine.it\/wp-content\/uploads\/2024\/01\/27596-1-300x200.webp",300,200,true],"large":["https:\/\/imagazine.it\/wp-content\/uploads\/2024\/01\/27596-1.webp",640,427,false],"thumblist":["https:\/\/imagazine.it\/wp-content\/uploads\/2024\/01\/27596-1.webp",300,200,false],"thumbrelated":["https:\/\/imagazine.it\/wp-content\/uploads\/2024\/01\/27596-1.webp",500,333,false],"meccarouselthumb":["https:\/\/imagazine.it\/wp-content\/uploads\/2024\/01\/27596-1.webp",474,316,false],"gridsquare":["https:\/\/imagazine.it\/wp-content\/uploads\/2024\/01\/27596-1.webp",391,260,false],"tileview":["https:\/\/imagazine.it\/wp-content\/uploads\/2024\/01\/27596-1.webp",300,200,false],"1536x1536":["https:\/\/imagazine.it\/wp-content\/uploads\/2024\/01\/27596-1.webp",750,500,false],"2048x2048":["https:\/\/imagazine.it\/wp-content\/uploads\/2024\/01\/27596-1.webp",750,500,false],"newsup-slider-full":["https:\/\/imagazine.it\/wp-content\/uploads\/2024\/01\/27596-1.webp",750,500,false],"newsup-featured":["https:\/\/imagazine.it\/wp-content\/uploads\/2024\/01\/27596-1.webp",750,500,false],"newsup-medium":["https:\/\/imagazine.it\/wp-content\/uploads\/2024\/01\/27596-1-720x380.webp",720,380,true],"tptn_thumbnail":["https:\/\/imagazine.it\/wp-content\/uploads\/2024\/01\/27596-1.webp",250,167,false],"sow-carousel-default":["https:\/\/imagazine.it\/wp-content\/uploads\/2024\/01\/27596-1-272x182.webp",272,182,true]},"rttpg_author":{"display_name":"redazione","author_link":"https:\/\/imagazine.it\/home_desk\/author\/redazione\/"},"rttpg_comment":0,"rttpg_category":"<a href=\"https:\/\/imagazine.it\/home_desk\/category\/attualita\/\" rel=\"category tag\">ATTUALIT\u00c0<\/a>","rttpg_excerpt":"Ufficializzato i calendario","_links":{"self":[{"href":"https:\/\/imagazine.it\/home_desk\/wp-json\/wp\/v2\/posts\/27667","targetHints":{"allow":["GET"]}}],"collection":[{"href":"https:\/\/imagazine.it\/home_desk\/wp-json\/wp\/v2\/posts"}],"about":[{"href":"https:\/\/imagazine.it\/home_desk\/wp-json\/wp\/v2\/types\/post"}],"author":[{"embeddable":true,"href":"https:\/\/imagazine.it\/home_desk\/wp-json\/wp\/v2\/users\/28"}],"replies":[{"embeddable":true,"href":"https:\/\/imagazine.it\/home_desk\/wp-json\/wp\/v2\/comments?post=27667"}],"version-history":[{"count":0,"href":"https:\/\/imagazine.it\/home_desk\/wp-json\/wp\/v2\/posts\/27667\/revisions"}],"wp:featuredmedia":[{"embeddable":true,"href":"https:\/\/imagazine.it\/home_desk\/wp-json\/wp\/v2\/media\/27668"}],"wp:attachment":[{"href":"https:\/\/imagazine.it\/home_desk\/wp-json\/wp\/v2\/media?parent=27667"}],"wp:term":[{"taxonomy":"category","embeddable":true,"href":"https:\/\/imagazine.it\/home_desk\/wp-json\/wp\/v2\/categories?post=27667"},{"taxonomy":"post_tag","embeddable":true,"href":"https:\/\/imagazine.it\/home_desk\/wp-json\/wp\/v2\/tags?post=27667"}],"curies":[{"name":"wp","href":"https:\/\/api.w.org\/{rel}","templated":true}]}}