{"id":27665,"date":"2018-11-28T00:00:00","date_gmt":"2018-11-27T23:00:00","guid":{"rendered":"https:\/\/imagazine.it\/?p=27665"},"modified":"2018-11-28T00:00:00","modified_gmt":"2018-11-27T23:00:00","slug":"presepi-in-fvg-la-tradizione-che-prende-forma","status":"publish","type":"post","link":"https:\/\/imagazine.it\/home_desk\/presepi-in-fvg-la-tradizione-che-prende-forma\/","title":{"rendered":"Presepi in FVG, la tradizione che prende forma"},"content":{"rendered":"<p>Un simbolo di pace e fratellanza che, come ogni Natale, partendo da Villa Manin tocca ogni angolo del Friuli Venezia Giulia: tra il 1 dicembre 2018 e il 6 gennaio 2019 grazie all\u2019organizzazione del Comitato Regionale del Friuli Venezia Giulia dell\u2019Unione Nazionale delle Pro Loco d\u2019Italia e il sostegno della Fondazione Friuli, torna la rassegna \u201cPresepi FVG &#8211; La tradizione che prende forma\u201d.<\/p>\n<p>Si potranno ammirare oltre 4 mila Nativit\u00e0 realizzate artigianalmente nei materiali pi\u00f9 vari e in diverse dimensioni. Presepi che saranno esposti nel complesso dogale con la mostra \u201cPresepi in Villa\u201d, a Trieste nelle sedi del Consiglio e Giunta regionale, a Udine in Galleria Modotti (novit\u00e0 di quest\u2019anno) e nelle 12 aree geografiche della \u201cmappa\u201d del Giro Presepi.<\/p>\n<p>Da parte degli organizzatori un messaggio speciale: sostenere, visitandone i presepi, le localit\u00e0 regionali, a partire da quelle della Carnia, di Sappada, della Valcellina e zone limitrofe, devastate dall\u2019ondata di maltempo a fine ottobre.<\/p>\n<p>\u201cVi aspettiamo &#8211; dichiara <strong>Valter Pezzarini<\/strong>, presidente del Comitato Regionale del Friuli Venezia Giulia dell\u2019Unione Nazionale delle Pro Loco d\u2019Italia &#8211; per condividere insieme il senso vero e unico del Natale, che parla a tutte le donne e gli uomini di buona volont\u00e0. Un cammino che parte dal primo presepe, quello di Greccio nella notte di Natale del 1223 a opera di San Francesco, alle migliaia che anche quest\u2019anno verranno realizzati sul territorio del Friuli Venezia Giulia, dando vita a una delle rassegna presepiali pi\u00f9 grandi d\u2019Italia. La Nativit\u00e0 \u00e8 simbolo allo stesso tempo di fede, tradizione e pace, nonch\u00e9 il motivo per scoprire le bellezze architettoniche e paesaggistiche regionali e sostenere con il turismo le aree colpite dal maltempo lo scorso ottobre\u201d.<\/p>\n<p>Alla conferenza stampa tenutasi a Udine, insieme a Pezzarini, che ha pure ringraziato la sua segreteria e il consiglio, rappresentato dal consigliere<strong> Antonio Tesolin<\/strong>, per il gran lavoro organizzativo, erano presenti l\u2019assessore comunale alle attivit\u00e0 produttive di Udine,<strong> Maurizio Franz<\/strong>, che ha ringraziato il Comitato per la sinergia della nuova mostra in galleria Modotti, il presidente della Fondazione Friuli,<strong> Giuseppe Morandini<\/strong>, l\u2019assessore comunale alla cultura di Codroipo<strong>, Tiziana Cividini<\/strong>, il direttore della Societ\u00e0 Filologica Friulana, <strong>Feliciano Medeot<\/strong>, e il responsabile relazioni esterne di CiviBank<strong> Sergio Paroni. Alessandra Zoccolan <\/strong>di PromoTurismoFVG ha ricordato come i presepi regionali richiamino tanti visitatori, soprattutto dall\u2019Austria, con comitive che si sono gi\u00e0 prenotate per avere visite guidate nel prossimo primo fine settimana di dicembre, sempre pi\u00f9 strategico per attrarre turisti. Infine<strong> Piero Mauro Zanin<\/strong>, presidente del Consiglio regionale del Friuli Venezia Giulia, ha lodato il grande lavoro di tutti i volontari coinvolti nel progetto. Presenti anche vari maestri presepisti, tra i quali<strong> Lorenzo Boemo <\/strong>da Grado che per l\u2019occasione ha mostrato una delle sue ultime creazioni.\u00a0<\/p>\n<p>Ecco nel dettaglio gli appuntamenti del periodo natalizio:<\/p>\n<p>PRESEPI IN VILLA &#8211; Rassegna dell\u2019Arte Presepiale in Friuli Venezia Giulia \u00e8 la parte centrale del progetto: nell\u2019Esedra di Levante di Villa Manin dal 1 dicembre 2018, con taglio del nastro alle ore 11, fino al 6 gennaio 2019 si potranno ammirare oltre cento opere artigianali provenienti da tutto il Friuli Venezia Giulia e anche da fuori regione e dall\u2019estero. La mostra sar\u00e0 aperta dal marted\u00ec al venerd\u00ec dalle ore 10 alle 13 e dalle ore 14 alle 18. Sabato, domenica e festivi dalle ore 10 alle 18 con orario continuato. Rimarr\u00e0 chiusa solamente il 25 dicembre mentre il 24 e 31 dicembre (dalle ore 10 alle 16) e il 1\u00b0 gennaio (dalle ore 14 alle 18) sar\u00e0 aperta con orario ridotto. Si effettueranno visite guidate in italiano e tedesco per gruppi dalle 15 alle 25 persone negli orari di apertura della mostra previa prenotazione telefonica (0432-900908).<\/p>\n<p>GIRO PRESEPI. Il Giro Presepi \u00e8 la parte itinerante su tutto il territorio regionale che vede la presenza di quasi 5 mila opere esposte, da quelle monumentali a quelle che stanno dentro a una bottiglia, da quelle nelle chiese a quelle inserite in contesti naturali di grande pregio ambientale. I presepi sono sparsi in 181 tra capoluoghi comunali, frazioni e localit\u00e0, suddivisi nelle 12 aree geografiche di Carnia, Tarvisiano, Piancavallo e Dolomiti Friulane, Gemonese, Friuli Collinare e San Daniele del Friuli, Pordenone e dintorni, Udine e dintorni, Cividale del Friuli e Valli del Natisone, Lignano Sabbiadoro e dintorni, Grado, Aquileia, Palmanova e dintorni, Gorizia e Collio, Trieste e Carso. Tutte le informazioni sull\u2019aggiornato sito\u00a0<u><a href=\"http:\/\/www.presepifvg.it\/\" target=\"_blank\" rel=\"noopener\">www.presepifvg.it<\/a><\/u>.<\/p>\n<p>A TRIESTE. La mostra Presepi a Trieste \u00e8 realizzata grazie a una stretta collaborazione con la Presidenza del Consiglio e della Giunta regionale, nelle cui rispettive sedi saranno esposte 16 tra le migliori Nativit\u00e0 realizzate da artisti del Friuli Venezia Giulia.<\/p>\n<p>&#8230;E A UDINE. La novit\u00e0 di questa edizione \u00e8 l\u2019esposizione in Galleria Tina Modotti (via Sarpi) a Udine, dove dal 7 dicembre (inaugurazione alle ore 18) al 6 gennaio si potranno ammirare alcune tra le pi\u00f9 belle opere che negli ultimi anni sono state ospitate nella mostra di Villa Manin. Un\u2019iniziativa a cura del Comune di Udine insieme al Comitato Regionale UNPLI FVG.<\/p>\n<p>TURISMO PRESEPIALE. Tutte queste iniziative sono al centro del progetto \u201cTurismo presepiale\u201d avviato per il terzo anno da parte di PromoTurismoFVG, con risultati positivi anche per quanto riguarda le presenze di visitatori dall\u2019estero, a partire dagli appassionati dell\u2019area di lingua tedesca. Per i turisti pacchetti speciali anche in questo Natale 2018-2019: tutte le informazioni su\u00a0<u><a href=\"http:\/\/www.turismofvg.it\/Presepi-in-Friuli-Venezia-Giulia\" target=\"_blank\" rel=\"noopener\">www.turismofvg.it\/Presepi-in-Friuli-Venezia-Giulia<\/a><\/u>.<\/p>\n<p>CONCORSO SCUOLE. I presepi allestiti in cinquanta istituti scolastici saranno valutati invece dalla giuria del \u201cConcorso Presepi nelle Scuole Primarie e dell\u2019Infanzia del Friuli Venezia Giulia\u201d, che dopo il periodo natalizio proclamer\u00e0 le opere migliori.<\/p>\n<p>LA COMUNICAZIONE. Accanto al catalogo di Presepi in Villa e al depliant del Giro Presepi, ci sar\u00e0 anche il sito web\u00a0<u><a href=\"http:\/\/www.presepifvg.it\/\" target=\"_blank\" rel=\"noopener\">www.presepifvg.it<\/a><\/u>. Uno strumento per far conoscere ancora di pi\u00f9 la bellezza delle Nativit\u00e0 del Friuli Venezia Giulia, consultabile pure in mobilit\u00e0. Anche quest\u2019anno saranno infine curati i social network della rassegna (seguiteli tramite l\u2019hashtag #presepifvg), a partire dalla pagina Facebook Presepi in Friuli Venezia Giulia.<\/p>\n","protected":false},"excerpt":{"rendered":"<p>Presentata la nuova edizione della manifestazione<\/p>\n","protected":false},"author":28,"featured_media":27666,"comment_status":"closed","ping_status":"closed","sticky":false,"template":"","format":"standard","meta":{"dwc-title":[],"dwc-content":[],"footnotes":""},"categories":[8],"tags":[],"class_list":["post-27665","post","type-post","status-publish","format-standard","has-post-thumbnail","hentry","category-turismo"],"rttpg_featured_image_url":{"full":["https:\/\/imagazine.it\/wp-content\/uploads\/2024\/01\/27589-1.webp",750,500,false],"landscape":["https:\/\/imagazine.it\/wp-content\/uploads\/2024\/01\/27589-1.webp",750,500,false],"portraits":["https:\/\/imagazine.it\/wp-content\/uploads\/2024\/01\/27589-1.webp",750,500,false],"thumbnail":["https:\/\/imagazine.it\/wp-content\/uploads\/2024\/01\/27589-1-150x150.webp",150,150,true],"medium":["https:\/\/imagazine.it\/wp-content\/uploads\/2024\/01\/27589-1-300x200.webp",300,200,true],"large":["https:\/\/imagazine.it\/wp-content\/uploads\/2024\/01\/27589-1.webp",640,427,false],"thumblist":["https:\/\/imagazine.it\/wp-content\/uploads\/2024\/01\/27589-1.webp",300,200,false],"thumbrelated":["https:\/\/imagazine.it\/wp-content\/uploads\/2024\/01\/27589-1.webp",500,333,false],"meccarouselthumb":["https:\/\/imagazine.it\/wp-content\/uploads\/2024\/01\/27589-1.webp",474,316,false],"gridsquare":["https:\/\/imagazine.it\/wp-content\/uploads\/2024\/01\/27589-1.webp",391,260,false],"tileview":["https:\/\/imagazine.it\/wp-content\/uploads\/2024\/01\/27589-1.webp",300,200,false],"1536x1536":["https:\/\/imagazine.it\/wp-content\/uploads\/2024\/01\/27589-1.webp",750,500,false],"2048x2048":["https:\/\/imagazine.it\/wp-content\/uploads\/2024\/01\/27589-1.webp",750,500,false],"newsup-slider-full":["https:\/\/imagazine.it\/wp-content\/uploads\/2024\/01\/27589-1.webp",750,500,false],"newsup-featured":["https:\/\/imagazine.it\/wp-content\/uploads\/2024\/01\/27589-1.webp",750,500,false],"newsup-medium":["https:\/\/imagazine.it\/wp-content\/uploads\/2024\/01\/27589-1-720x380.webp",720,380,true],"tptn_thumbnail":["https:\/\/imagazine.it\/wp-content\/uploads\/2024\/01\/27589-1.webp",250,167,false],"sow-carousel-default":["https:\/\/imagazine.it\/wp-content\/uploads\/2024\/01\/27589-1-272x182.webp",272,182,true]},"rttpg_author":{"display_name":"redazione","author_link":"https:\/\/imagazine.it\/home_desk\/author\/redazione\/"},"rttpg_comment":0,"rttpg_category":"<a href=\"https:\/\/imagazine.it\/home_desk\/category\/turismo\/\" rel=\"category tag\">TURISMO<\/a>","rttpg_excerpt":"Presentata la nuova edizione della manifestazione","_links":{"self":[{"href":"https:\/\/imagazine.it\/home_desk\/wp-json\/wp\/v2\/posts\/27665","targetHints":{"allow":["GET"]}}],"collection":[{"href":"https:\/\/imagazine.it\/home_desk\/wp-json\/wp\/v2\/posts"}],"about":[{"href":"https:\/\/imagazine.it\/home_desk\/wp-json\/wp\/v2\/types\/post"}],"author":[{"embeddable":true,"href":"https:\/\/imagazine.it\/home_desk\/wp-json\/wp\/v2\/users\/28"}],"replies":[{"embeddable":true,"href":"https:\/\/imagazine.it\/home_desk\/wp-json\/wp\/v2\/comments?post=27665"}],"version-history":[{"count":0,"href":"https:\/\/imagazine.it\/home_desk\/wp-json\/wp\/v2\/posts\/27665\/revisions"}],"wp:featuredmedia":[{"embeddable":true,"href":"https:\/\/imagazine.it\/home_desk\/wp-json\/wp\/v2\/media\/27666"}],"wp:attachment":[{"href":"https:\/\/imagazine.it\/home_desk\/wp-json\/wp\/v2\/media?parent=27665"}],"wp:term":[{"taxonomy":"category","embeddable":true,"href":"https:\/\/imagazine.it\/home_desk\/wp-json\/wp\/v2\/categories?post=27665"},{"taxonomy":"post_tag","embeddable":true,"href":"https:\/\/imagazine.it\/home_desk\/wp-json\/wp\/v2\/tags?post=27665"}],"curies":[{"name":"wp","href":"https:\/\/api.w.org\/{rel}","templated":true}]}}