{"id":27661,"date":"2018-11-28T00:00:00","date_gmt":"2018-11-27T23:00:00","guid":{"rendered":"https:\/\/imagazine.it\/?p=27661"},"modified":"2018-11-28T00:00:00","modified_gmt":"2018-11-27T23:00:00","slug":"gorizia-cold-case-a-palazzo-coronini","status":"publish","type":"post","link":"https:\/\/imagazine.it\/home_desk\/gorizia-cold-case-a-palazzo-coronini\/","title":{"rendered":"Gorizia, &#8220;cold case&#8221; a Palazzo Coronini"},"content":{"rendered":"<p><em>Cold case<\/em> a <strong>Palazzo Coronini a Gorizia<\/strong>. Oggetto d\u2019indagine una ciocca di capelli che si presume sia appartenuta a <strong>Carlo X di Borbone<\/strong>, morto il 6 novembre 1836 proprio nella storica dimora di viale XX Settembre durante il suo esilio a Gorizia. I capelli sono stati esaminati da <strong>Philippe Charlier<\/strong>, anatomo-patologo francese, impegnato a fare chiarezza sulle reali cause del decesso del sovrano.<\/p>\n<p>A contattare la <strong>Fondazione Coronini<\/strong> \u00e8 stato <strong>Antonio Perciaccante<\/strong>, medico internista all\u2019Ospedale di Gorizia, che collabora gi\u00e0 da diversi anni con Charlier nelle sue ricerche storiche. La ciocca \u00e8 stata conservata fino a oggi in una busta su cui \u00e8 scritto: \u201cCapelli di Sua maest\u00e0 il defunto re Carlo X, Gorizia 6 novembre 1836\u201d, data della morte del re. La busta, risalente a quell\u2019epoca, \u00e8 stata custodita dal conte in una scatola d\u2019avorio nella sala di Carlo X, dove si trova tuttora. Perciaccante e Charlier hanno prelevato alcuni capelli per sottoporli ad analisi ed esami. L\u2019obiettivo delle loro ricerche \u00e8 scoprire la causa della morte del re, in particolare se il suo decesso fu dovuto effettivamente al colera come sostengono le fonti dell\u2019epoca.<\/p>\n<p>Quello che si sa \u00e8 che la ciocca di capelli fu acquistata dal conte Guglielmo Coronini nel 1959 da un dottore di Feltre, con la mediazione di una conservatrice del locale Museo Civico. Nella corrispondenza intercorsa nell\u2019occasione non si fa alcun cenno alla sua provenienza e attraverso quali passaggi fosse giunta nelle mani del precedente proprietario.\u00a0Il conte la pag\u00f2 20.000 lire, sicuramente non una cifra esorbitante.<\/p>\n<p>Il dottor Philippe Charlier \u00e8 un anatomo-patologo molto noto in Francia per le ricerche condotte sui resti di alcuni personaggi storici illustri, tra cui quelli di Riccardo Cuor di Leone, Diana di Poitier, le reliquie di Luigi IX, le false reliquie di Giovanna d\u2019Arco e anche i resti di Hitler. Ha partecipato a numerose trasmissioni televisive, tra cui anche <em>Secret d\u2019histoire<\/em> su France 2, molto popolare in Francia, la stessa che ha dedicato una puntata alla duchessa d\u2019Angoul\u00eame e che \u00e8 stata girata anche a Palazzo Coronini.<\/p>\n<p>Al momento Palazzo Coronini ospita la mostra \u201c<strong>L\u2019eredit\u00e0 russa dei conti Coronini. Opere d\u2019arte e oggetti preziosi dall\u2019impero degli zar\u201d, <\/strong>rassegna dedicata ai gioielli e agli arredi russi delle collezioni Coronini. Gli orari di apertura sono <strong>venerd\u00ec, sabato e domenica dalle 10 alle 13 e dalle 14 alle 18<\/strong>. Lo stesso orario sar\u00e0 valido gioved\u00ec 27 dicembre, mercoled\u00ec 2 gennaio e gioved\u00ec 3 gennaio. Le visite guidate incluse nel biglietto d\u2019ingresso sono previste sabato e domenica alle 16.30.<\/p>\n","protected":false},"excerpt":{"rendered":"<p>Arrivato un anatomo-patologo dalla Francia<\/p>\n","protected":false},"author":28,"featured_media":27662,"comment_status":"closed","ping_status":"closed","sticky":false,"template":"","format":"standard","meta":{"dwc-title":[],"dwc-content":[],"footnotes":""},"categories":[5],"tags":[],"class_list":["post-27661","post","type-post","status-publish","format-standard","has-post-thumbnail","hentry","category-attualita"],"rttpg_featured_image_url":{"full":["https:\/\/imagazine.it\/wp-content\/uploads\/2024\/01\/27583-1.webp",750,500,false],"landscape":["https:\/\/imagazine.it\/wp-content\/uploads\/2024\/01\/27583-1.webp",750,500,false],"portraits":["https:\/\/imagazine.it\/wp-content\/uploads\/2024\/01\/27583-1.webp",750,500,false],"thumbnail":["https:\/\/imagazine.it\/wp-content\/uploads\/2024\/01\/27583-1-150x150.webp",150,150,true],"medium":["https:\/\/imagazine.it\/wp-content\/uploads\/2024\/01\/27583-1-300x200.webp",300,200,true],"large":["https:\/\/imagazine.it\/wp-content\/uploads\/2024\/01\/27583-1.webp",640,427,false],"thumblist":["https:\/\/imagazine.it\/wp-content\/uploads\/2024\/01\/27583-1.webp",300,200,false],"thumbrelated":["https:\/\/imagazine.it\/wp-content\/uploads\/2024\/01\/27583-1.webp",500,333,false],"meccarouselthumb":["https:\/\/imagazine.it\/wp-content\/uploads\/2024\/01\/27583-1.webp",474,316,false],"gridsquare":["https:\/\/imagazine.it\/wp-content\/uploads\/2024\/01\/27583-1.webp",391,260,false],"tileview":["https:\/\/imagazine.it\/wp-content\/uploads\/2024\/01\/27583-1.webp",300,200,false],"1536x1536":["https:\/\/imagazine.it\/wp-content\/uploads\/2024\/01\/27583-1.webp",750,500,false],"2048x2048":["https:\/\/imagazine.it\/wp-content\/uploads\/2024\/01\/27583-1.webp",750,500,false],"newsup-slider-full":["https:\/\/imagazine.it\/wp-content\/uploads\/2024\/01\/27583-1.webp",750,500,false],"newsup-featured":["https:\/\/imagazine.it\/wp-content\/uploads\/2024\/01\/27583-1.webp",750,500,false],"newsup-medium":["https:\/\/imagazine.it\/wp-content\/uploads\/2024\/01\/27583-1-720x380.webp",720,380,true],"tptn_thumbnail":["https:\/\/imagazine.it\/wp-content\/uploads\/2024\/01\/27583-1.webp",250,167,false],"sow-carousel-default":["https:\/\/imagazine.it\/wp-content\/uploads\/2024\/01\/27583-1-272x182.webp",272,182,true]},"rttpg_author":{"display_name":"redazione","author_link":"https:\/\/imagazine.it\/home_desk\/author\/redazione\/"},"rttpg_comment":0,"rttpg_category":"<a href=\"https:\/\/imagazine.it\/home_desk\/category\/attualita\/\" rel=\"category tag\">ATTUALIT\u00c0<\/a>","rttpg_excerpt":"Arrivato un anatomo-patologo dalla Francia","_links":{"self":[{"href":"https:\/\/imagazine.it\/home_desk\/wp-json\/wp\/v2\/posts\/27661","targetHints":{"allow":["GET"]}}],"collection":[{"href":"https:\/\/imagazine.it\/home_desk\/wp-json\/wp\/v2\/posts"}],"about":[{"href":"https:\/\/imagazine.it\/home_desk\/wp-json\/wp\/v2\/types\/post"}],"author":[{"embeddable":true,"href":"https:\/\/imagazine.it\/home_desk\/wp-json\/wp\/v2\/users\/28"}],"replies":[{"embeddable":true,"href":"https:\/\/imagazine.it\/home_desk\/wp-json\/wp\/v2\/comments?post=27661"}],"version-history":[{"count":0,"href":"https:\/\/imagazine.it\/home_desk\/wp-json\/wp\/v2\/posts\/27661\/revisions"}],"wp:featuredmedia":[{"embeddable":true,"href":"https:\/\/imagazine.it\/home_desk\/wp-json\/wp\/v2\/media\/27662"}],"wp:attachment":[{"href":"https:\/\/imagazine.it\/home_desk\/wp-json\/wp\/v2\/media?parent=27661"}],"wp:term":[{"taxonomy":"category","embeddable":true,"href":"https:\/\/imagazine.it\/home_desk\/wp-json\/wp\/v2\/categories?post=27661"},{"taxonomy":"post_tag","embeddable":true,"href":"https:\/\/imagazine.it\/home_desk\/wp-json\/wp\/v2\/tags?post=27661"}],"curies":[{"name":"wp","href":"https:\/\/api.w.org\/{rel}","templated":true}]}}