{"id":27659,"date":"2018-11-27T00:00:00","date_gmt":"2018-11-26T23:00:00","guid":{"rendered":"https:\/\/imagazine.it\/?p=27659"},"modified":"2018-11-27T00:00:00","modified_gmt":"2018-11-26T23:00:00","slug":"trieste-dati-in-crescita-per-il-nuovo-centro-trasfusionale","status":"publish","type":"post","link":"https:\/\/imagazine.it\/home_desk\/trieste-dati-in-crescita-per-il-nuovo-centro-trasfusionale\/","title":{"rendered":"Trieste, dati in crescita per il nuovo centro trasfusionale"},"content":{"rendered":"<p>Si \u00e8 svolta oggi la cerimonia di inaugurazione del\u00a0nuovo Centro Donatori e\u00a0 Ambulatorio Trasfusionale del Dipartimento di Medicina Trasfusionale Giuliano Isontino presso l\u2019Ospedale Maggiore di Trieste.<\/p>\n<p>Entrato in funzione lo scorso\u00a031 luglio,\u00a0la progettazione e le fasi di ristrutturazione dei locali hanno richiesto molti mesi, in quanto sono state necessarie le autorizzazioni della Direzione Centrale della Salute nonch\u00e9 delle Belle Arti poich\u00e9 il Maggiore \u00e8 un edificio storico di pregio architettonico.\u00a0\u00a0<\/p>\n<p>Rispetto ai vecchi locali il nuovo centro acquista spazi, soprattutto per quanto riguarda l\u2019accettazione infermieristica e la sala prelievi, ed \u00e8 dotato di una rinnovata illuminazione e climatizzazione. La sala prelievi \u00e8 dotata di 11 poltrone (3 in pi\u00f9 rispetto al centro vecchio) attrezzate sia per la raccolta di sangue intero che per le procedure di plasma e piastrinoaferesi. Prevista anche una postazione infermieristica per l\u2019etichettatura delle sacche per tutte le tipologie di donazione, punto sensibile di tutto il processo trasfusionale.<\/p>\n<p>\u00c8 stata realizzata sia una \u2018sala operativa\u2019 nella quale sono stati posizionati il carrello di emergenza, l\u2019armadio farmaci, il computer con Wi-fi per la gestione delle bilance pesa-sacche, nonch\u00e9 magazzini a temperatura controllate per la conservazione di tutto il materiale occorrente per la donazione.<\/p>\n<p>Una novit\u00e0 rispetto al vecchio centro \u00e8 rappresentata dall\u2019elimina-code, dotato di due monitor, uno nell\u2019area di attesa in corridoio e uno nell\u2019area di compilazione del questionario. L\u2019elimina-code, attraverso la gestione dei donatori per tipologia di donazione e per prenotati\/non-prenotati, ha l\u2019obiettivo di razionalizzare il pi\u00f9 possibile i tempi di attesa.<\/p>\n<p>Dall\u2019introduzione della prenotazione nel marzo 2017 al 30 settembre 2018, il numero di donazioni su prenotazioni \u00e8 stato pari a 9.200, oltre il 52% di tutte le donazioni effettuate. Attualmente, i posti disponibili su prenotazione sono 34 da luned\u00ec al venerd\u00ec e 15 il sabato.<\/p>\n<p>Tutti i locali, sia quelli dedicati ai donatori che quelli dedicati ai pazienti, sono stati progettati e realizzati per garantire la sicurezza, la privacy e il massimo comfort possibile per gli utenti e per il personale che ci lavora.<\/p>\n<p>Nei primi due mesi di attivit\u00e0, sono state raccolte complessivamente 1.881 unit\u00e0, 8% in pi\u00f9 rispetto allo stesso periodo del 2017.<\/p>\n<p>\u201cSiamo del parere \u2013 comunica l\u2019Azienda Sanitaria Universitaria Integrata di Trieste \u2013 che il nuovo Centro Donatori rappresenti una grande opportunit\u00e0 per Trieste per migliorare la raccolta di sangue intero, plasma e piastrine, e siamo fiduciosi che dar\u00e0 un notevole contributo al raggiungimento dell\u2019autosufficienza per il Dipartimento di Medicina Trasfusionale Giuliano Isontino\u201d.\u00a0<\/p>\n","protected":false},"excerpt":{"rendered":"<p>Cerimonia ufficiale di inaugurazione<\/p>\n","protected":false},"author":28,"featured_media":27660,"comment_status":"closed","ping_status":"closed","sticky":false,"template":"","format":"standard","meta":{"dwc-title":[],"dwc-content":[],"footnotes":""},"categories":[5],"tags":[],"class_list":["post-27659","post","type-post","status-publish","format-standard","has-post-thumbnail","hentry","category-attualita"],"rttpg_featured_image_url":{"full":["https:\/\/imagazine.it\/wp-content\/uploads\/2024\/01\/27578-1.webp",750,471,false],"landscape":["https:\/\/imagazine.it\/wp-content\/uploads\/2024\/01\/27578-1.webp",750,471,false],"portraits":["https:\/\/imagazine.it\/wp-content\/uploads\/2024\/01\/27578-1.webp",750,471,false],"thumbnail":["https:\/\/imagazine.it\/wp-content\/uploads\/2024\/01\/27578-1-150x150.webp",150,150,true],"medium":["https:\/\/imagazine.it\/wp-content\/uploads\/2024\/01\/27578-1-300x188.webp",300,188,true],"large":["https:\/\/imagazine.it\/wp-content\/uploads\/2024\/01\/27578-1.webp",640,402,false],"thumblist":["https:\/\/imagazine.it\/wp-content\/uploads\/2024\/01\/27578-1.webp",300,188,false],"thumbrelated":["https:\/\/imagazine.it\/wp-content\/uploads\/2024\/01\/27578-1.webp",500,314,false],"meccarouselthumb":["https:\/\/imagazine.it\/wp-content\/uploads\/2024\/01\/27578-1.webp",474,298,false],"gridsquare":["https:\/\/imagazine.it\/wp-content\/uploads\/2024\/01\/27578-1.webp",391,246,false],"tileview":["https:\/\/imagazine.it\/wp-content\/uploads\/2024\/01\/27578-1.webp",300,188,false],"1536x1536":["https:\/\/imagazine.it\/wp-content\/uploads\/2024\/01\/27578-1.webp",750,471,false],"2048x2048":["https:\/\/imagazine.it\/wp-content\/uploads\/2024\/01\/27578-1.webp",750,471,false],"newsup-slider-full":["https:\/\/imagazine.it\/wp-content\/uploads\/2024\/01\/27578-1.webp",750,471,false],"newsup-featured":["https:\/\/imagazine.it\/wp-content\/uploads\/2024\/01\/27578-1.webp",750,471,false],"newsup-medium":["https:\/\/imagazine.it\/wp-content\/uploads\/2024\/01\/27578-1-720x380.webp",720,380,true],"tptn_thumbnail":["https:\/\/imagazine.it\/wp-content\/uploads\/2024\/01\/27578-1.webp",250,157,false],"sow-carousel-default":["https:\/\/imagazine.it\/wp-content\/uploads\/2024\/01\/27578-1-272x182.webp",272,182,true]},"rttpg_author":{"display_name":"redazione","author_link":"https:\/\/imagazine.it\/home_desk\/author\/redazione\/"},"rttpg_comment":0,"rttpg_category":"<a href=\"https:\/\/imagazine.it\/home_desk\/category\/attualita\/\" rel=\"category tag\">ATTUALIT\u00c0<\/a>","rttpg_excerpt":"Cerimonia ufficiale di inaugurazione","_links":{"self":[{"href":"https:\/\/imagazine.it\/home_desk\/wp-json\/wp\/v2\/posts\/27659","targetHints":{"allow":["GET"]}}],"collection":[{"href":"https:\/\/imagazine.it\/home_desk\/wp-json\/wp\/v2\/posts"}],"about":[{"href":"https:\/\/imagazine.it\/home_desk\/wp-json\/wp\/v2\/types\/post"}],"author":[{"embeddable":true,"href":"https:\/\/imagazine.it\/home_desk\/wp-json\/wp\/v2\/users\/28"}],"replies":[{"embeddable":true,"href":"https:\/\/imagazine.it\/home_desk\/wp-json\/wp\/v2\/comments?post=27659"}],"version-history":[{"count":0,"href":"https:\/\/imagazine.it\/home_desk\/wp-json\/wp\/v2\/posts\/27659\/revisions"}],"wp:featuredmedia":[{"embeddable":true,"href":"https:\/\/imagazine.it\/home_desk\/wp-json\/wp\/v2\/media\/27660"}],"wp:attachment":[{"href":"https:\/\/imagazine.it\/home_desk\/wp-json\/wp\/v2\/media?parent=27659"}],"wp:term":[{"taxonomy":"category","embeddable":true,"href":"https:\/\/imagazine.it\/home_desk\/wp-json\/wp\/v2\/categories?post=27659"},{"taxonomy":"post_tag","embeddable":true,"href":"https:\/\/imagazine.it\/home_desk\/wp-json\/wp\/v2\/tags?post=27659"}],"curies":[{"name":"wp","href":"https:\/\/api.w.org\/{rel}","templated":true}]}}