{"id":27651,"date":"2018-11-26T00:00:00","date_gmt":"2018-11-25T23:00:00","guid":{"rendered":"https:\/\/imagazine.it\/?p=27651"},"modified":"2018-11-26T00:00:00","modified_gmt":"2018-11-25T23:00:00","slug":"salire-su-un-palco-per-diventare-cittadini-attivi","status":"publish","type":"post","link":"https:\/\/imagazine.it\/home_desk\/salire-su-un-palco-per-diventare-cittadini-attivi\/","title":{"rendered":"Salire su un palco per diventare cittadini attivi"},"content":{"rendered":"<p>Un <strong>progetto di rete<\/strong>, che abbraccia due province e cinque Comuni (<strong>Udine, Gorizia, Cividale del Friuli, Palmanova, Santa Maria la Longa<\/strong>) e che coinvolger\u00e0 centinaia di giovani, spaziando dalle scuole superiori all&#39;Universit\u00e0, per stimolare e favorire &#8211; tramite <strong>laboratori, spettacoli teatrali, incontri, momenti di riflessione<\/strong> &#8211; il radicamento del principio di <strong>cittadinanza attiva<\/strong> e contrastare, in parallelo, il fenomeno dell&#39;isolamento relazionale e dell&#39;alienazione figlia dell&#39;era dei social e dell&#39;iper-connessione alla rete.<\/p>\n<p>\u00c8 un percorso di riscoperta valoriale quello che l&#39;associazione udinese <strong>Teatro del Silenzio <\/strong>si appresta ad avviare sul territorio friulano, \u00abper sostenere un processo di crescita &#8211; sottolinea la presidente <strong>Federica Sansevero<\/strong> &#8211; sia dell&#39;individuo che del gruppo\u00bb facendo leva sui concetti di aggregazione, condivisione e confronto diretto fra coetanei, senza il filtro degli schermi di smartphone e computer.<\/p>\n<p>Fil rouge dell&#39;itinerario, che si articoler\u00e0 in diversi appuntamenti da <strong>sabato 1 dicembre fino al mese di maggio<\/strong>, sar\u00e0 il tema della cura (&#8220;Cura, curae: destinazioni di cura&#8221; il titolo della progettualit\u00e0). \u00abPer migliorare se stessi &#8211; dichiara Sansevero &#8211; bisogna approfondire le proprie idee, sviluppare abilit\u00e0 di vita come l\u2019empatia, l\u2019autocontrollo, l\u2019autostima, curare l\u2019alimentazione e le relazioni interpersonali, imparare a riconoscere le emozioni\u2026 Questi obiettivi si possono conseguire tramite esperienze condivise: per tale motivo \u00e8 importante la partecipazione dei ragazzi a laboratori artistici, il cui fine prioritario \u00e8 creare comunit\u00e0, quindi individui intellettualmente ed emotivamente sani, destinati a diventare cittadini attivi. Crediamo che la cultura produca salute pubblica\u00bb.<\/p>\n<p><strong>I destinatari del progetto.<\/strong> &#8220;Cura, curae&#8221; si rivolge a giovani di et\u00e0 compresa fra i 14 e i 35 anni: coinvolger\u00e0 gli studenti delle scuole superiori (l&#39;Isis Paolino d&#39;Aquileia di Cividale, in particolare), i frequentatori dei Centri di aggregazione giovanile, gli universitari. Concluderanno il percorso incontri sul tema delle differenze di genere e della cura, con un confronto fra l&#39;Italia e gli altri Paesi europei.<\/p>\n<p><strong>Fasi e luoghi del progetto. <\/strong>La proposta si svilupper\u00e0 su un arco temporale di sette mesi, da novembre fino al maggio 2019. A <strong>Cividale del Friuli<\/strong>, all&#39;<strong>Isis<\/strong> <strong>Paolino d&#39;Aquileia,<\/strong> \u00e8 gi\u00e0 in fase di svolgimento un laboratorio di espressione corporea, di tecniche vocali, improvvisazione, tecniche per l&#39;ascolto del gruppo di lavoro; seguir\u00e0 un momento di riflessione sul tema della cura, che condurr\u00e0 alla stesura collettiva di un testo per la scena o all&#39;allestimento di un testo gi\u00e0 esistente: il lavoro verr\u00e0 presentato in varie rassegne studentesche regionali. Al Centro di aggregazione giovanile sar\u00e0 inoltre proposto un laboratorio di uso della maschera, sotto il coordinamento di Brat Teatro, finalizzato a far capire che la costruzione di s\u00e9 e l&#39;autocoscienza passano attraverso lo scontro con l&#39;ostacolo: le date sono sabato 2, venerd\u00ec 8 e sabato 9 febbraio, dalle 15 alle 19.<\/p>\n<p>A<strong> Udine <\/strong>andr\u00e0 in scena, <strong>sabato 1 dicembre (all&#39;Auditorium Bellavitis, con sipario alle 20.30),<\/strong> lo spettacolo &#8220;<strong>Doppia visione<\/strong>&#8221; (di e con Federica Sansevero e con <strong>Agata Garbuio<\/strong>; al pianoforte\u00a0 <strong>Anna Maria Viciguerra<\/strong>, al sax\u00a0 <strong>Elias Faccio<\/strong>), che partendo dalla storia dei poeti Sylvia Plath e Ted Hughes affronter\u00e0 tematiche legate alla questione femminile e all&#39;urgenza di un&#39;economia che includa le azioni di cura. La performance, prodotta dall&#39;Accademia Musicale Citt\u00e0 di Palmanova, sar\u00e0 seguita da un dibattito. Agli universitari, invece, sar\u00e0 rivolto un approfondimento dei contenuti dei testi della studiosa americana Riane Eisler. Presso il Centro di aggregazione si terr\u00e0 poi (nel marzo 2019) un laboratorio di circo, guidato dall&#39;associazione &#8220;Circo all&#39;incirca&#8221;; l&#39;Azienda sanitaria universitaria integrata di Udine, infine, organizzer\u00e0 due laboratori sul tema delle differenze di genere nella cura, in tutte le sue declinazioni.<\/p>\n<p>A<strong> Gorizia<\/strong> il Centro Studium condurr\u00e0 un laboratorio di lettura sugli stereotipi di genere, nell&#39;ambito della manifestazione Librilliamo; l&#39;associazione Educh\u00e9, inoltre, organizzer\u00e0 un incontro per genitori e figli sull&#39;educazione di genere, nell&#39;ambito della Settimana della lettura.<\/p>\n<p>Nel Comune di <strong>Santa Maria la Longa<\/strong> sar\u00e0 coinvolta la frazione di <strong>Tissano<\/strong>: presso villa Mauroner si svolger\u00e0 un laboratorio psicoeducativo di fotografia, condotto dall&#39;Aspicoop insieme all&#39;artista <strong>Alessandro Ruzzier<\/strong>; il filo conduttore sar\u00e0 quello dello stereotipo di genere. Completer\u00e0 il panorama un ulteriore laboratorio, sempre sull&#39;uso della maschera, nelle domeniche 3 e 10 febbraio, dalle 10 alle 13 e dalle 14.30 alle 17.30.<\/p>\n<p>A <strong>Palmanova<\/strong>, infine, \u00e8 in programma una replica dello spettacolo costruito con gli allievi dell&#39;Isis &#8220;Paolino d&#39;Aquileia&#8221; di Cividale.<\/p>\n<p>Il progetto pu\u00f2 contare sul sostegno di Aspicoop, Brat Teatro, Accademia Musicale Citt\u00e0 di Palmanova, Circo All\u2019incirca, Comune di Santa Maria La Longa, Educh\u00e8, Centro Studium, Azienda sanitaria universitaria integrata di Udine e gode del patrocinio dei Comuni di Udine e Cividale.<\/p>\n","protected":false},"excerpt":{"rendered":"<p>Progetto &#8220;Cura Curae&#8221;<\/p>\n","protected":false},"author":28,"featured_media":27652,"comment_status":"closed","ping_status":"closed","sticky":false,"template":"","format":"standard","meta":{"dwc-title":[],"dwc-content":[],"footnotes":""},"categories":[5],"tags":[],"class_list":["post-27651","post","type-post","status-publish","format-standard","has-post-thumbnail","hentry","category-attualita"],"rttpg_featured_image_url":{"full":["https:\/\/imagazine.it\/wp-content\/uploads\/2024\/01\/27557-1.webp",750,500,false],"landscape":["https:\/\/imagazine.it\/wp-content\/uploads\/2024\/01\/27557-1.webp",750,500,false],"portraits":["https:\/\/imagazine.it\/wp-content\/uploads\/2024\/01\/27557-1.webp",750,500,false],"thumbnail":["https:\/\/imagazine.it\/wp-content\/uploads\/2024\/01\/27557-1-150x150.webp",150,150,true],"medium":["https:\/\/imagazine.it\/wp-content\/uploads\/2024\/01\/27557-1-300x200.webp",300,200,true],"large":["https:\/\/imagazine.it\/wp-content\/uploads\/2024\/01\/27557-1.webp",640,427,false],"thumblist":["https:\/\/imagazine.it\/wp-content\/uploads\/2024\/01\/27557-1.webp",300,200,false],"thumbrelated":["https:\/\/imagazine.it\/wp-content\/uploads\/2024\/01\/27557-1.webp",500,333,false],"meccarouselthumb":["https:\/\/imagazine.it\/wp-content\/uploads\/2024\/01\/27557-1.webp",474,316,false],"gridsquare":["https:\/\/imagazine.it\/wp-content\/uploads\/2024\/01\/27557-1.webp",391,260,false],"tileview":["https:\/\/imagazine.it\/wp-content\/uploads\/2024\/01\/27557-1.webp",300,200,false],"1536x1536":["https:\/\/imagazine.it\/wp-content\/uploads\/2024\/01\/27557-1.webp",750,500,false],"2048x2048":["https:\/\/imagazine.it\/wp-content\/uploads\/2024\/01\/27557-1.webp",750,500,false],"newsup-slider-full":["https:\/\/imagazine.it\/wp-content\/uploads\/2024\/01\/27557-1.webp",750,500,false],"newsup-featured":["https:\/\/imagazine.it\/wp-content\/uploads\/2024\/01\/27557-1.webp",750,500,false],"newsup-medium":["https:\/\/imagazine.it\/wp-content\/uploads\/2024\/01\/27557-1-720x380.webp",720,380,true],"tptn_thumbnail":["https:\/\/imagazine.it\/wp-content\/uploads\/2024\/01\/27557-1.webp",250,167,false],"sow-carousel-default":["https:\/\/imagazine.it\/wp-content\/uploads\/2024\/01\/27557-1-272x182.webp",272,182,true]},"rttpg_author":{"display_name":"redazione","author_link":"https:\/\/imagazine.it\/home_desk\/author\/redazione\/"},"rttpg_comment":0,"rttpg_category":"<a href=\"https:\/\/imagazine.it\/home_desk\/category\/attualita\/\" rel=\"category tag\">ATTUALIT\u00c0<\/a>","rttpg_excerpt":"Progetto \"Cura Curae\"","_links":{"self":[{"href":"https:\/\/imagazine.it\/home_desk\/wp-json\/wp\/v2\/posts\/27651","targetHints":{"allow":["GET"]}}],"collection":[{"href":"https:\/\/imagazine.it\/home_desk\/wp-json\/wp\/v2\/posts"}],"about":[{"href":"https:\/\/imagazine.it\/home_desk\/wp-json\/wp\/v2\/types\/post"}],"author":[{"embeddable":true,"href":"https:\/\/imagazine.it\/home_desk\/wp-json\/wp\/v2\/users\/28"}],"replies":[{"embeddable":true,"href":"https:\/\/imagazine.it\/home_desk\/wp-json\/wp\/v2\/comments?post=27651"}],"version-history":[{"count":0,"href":"https:\/\/imagazine.it\/home_desk\/wp-json\/wp\/v2\/posts\/27651\/revisions"}],"wp:featuredmedia":[{"embeddable":true,"href":"https:\/\/imagazine.it\/home_desk\/wp-json\/wp\/v2\/media\/27652"}],"wp:attachment":[{"href":"https:\/\/imagazine.it\/home_desk\/wp-json\/wp\/v2\/media?parent=27651"}],"wp:term":[{"taxonomy":"category","embeddable":true,"href":"https:\/\/imagazine.it\/home_desk\/wp-json\/wp\/v2\/categories?post=27651"},{"taxonomy":"post_tag","embeddable":true,"href":"https:\/\/imagazine.it\/home_desk\/wp-json\/wp\/v2\/tags?post=27651"}],"curies":[{"name":"wp","href":"https:\/\/api.w.org\/{rel}","templated":true}]}}